{"id":5251,"date":"2024-07-18T13:56:10","date_gmt":"2024-07-18T11:56:10","guid":{"rendered":"https:\/\/dfvcg-events.de\/tw-summit\/?p=5251"},"modified":"2024-11-13T11:43:37","modified_gmt":"2024-11-13T10:43:37","slug":"remira","status":"publish","type":"post","link":"https:\/\/dfvcg-events.de\/tw-strategy-summit\/remira\/","title":{"rendered":"REMIRA"},"content":{"rendered":"\n<style type=\"text\/css\" data-created_by=\"avia_inline_auto\" id=\"style-css-av-gjtzd-7150dd3f0da45e9aef1f50897828e0f5\">\n.flex_column.av-gjtzd-7150dd3f0da45e9aef1f50897828e0f5{\nborder-radius:0px 0px 0px 0px;\npadding:0px 0px 0px 0px;\n}\n<\/style>\n<div  class='flex_column av-gjtzd-7150dd3f0da45e9aef1f50897828e0f5 av_two_third  avia-builder-el-0  el_before_av_one_third  avia-builder-el-first  first flex_column_div av-zero-column-padding  '     ><p>\n<style type=\"text\/css\" data-created_by=\"avia_inline_auto\" id=\"style-css-av-kg7ylv80-970e93adc73a24031034a907d9852a31\">\n#top .av-special-heading.av-kg7ylv80-970e93adc73a24031034a907d9852a31{\npadding-bottom:10px;\n}\nbody .av-special-heading.av-kg7ylv80-970e93adc73a24031034a907d9852a31 .av-special-heading-tag .heading-char{\nfont-size:25px;\n}\n.av-special-heading.av-kg7ylv80-970e93adc73a24031034a907d9852a31 .av-subheading{\nfont-size:15px;\n}\n<\/style>\n<div  class='av-special-heading av-kg7ylv80-970e93adc73a24031034a907d9852a31 av-special-heading-h2 blockquote modern-quote  avia-builder-el-1  el_before_av_textblock  avia-builder-el-first '><h2 class='av-special-heading-tag '  itemprop=\"headline\"  >REMIRA<\/h2><div class=\"special-heading-border\"><div class=\"special-heading-inner-border\"><\/div><\/div><\/div><br \/>\n<section  class='av_textblock_section av-k7zalzjs-dc760954bf3f02b3badd0e6d2cd18c56 '   itemscope=\"itemscope\" itemtype=\"https:\/\/schema.org\/BlogPosting\" itemprop=\"blogPost\" ><div class='avia_textblock'  itemprop=\"text\" ><p>REMIRA ist einer der f\u00fchrenden Anbieter von intelligenten Supply-Chain- und Unified-Commerce-L\u00f6sungen f\u00fcr Handels-, Logistik- und Industrieunternehmen aller Branchen. Das Unternehmen z\u00e4hlt mit 550 Mitarbeitern und einem Jahresumsatz von \u00fcber 50 Millionen zu den gr\u00f6\u00dften Softwareunternehmen mit Hauptsitz in Deutschland. Derzeit betreut das Unternehmen weltweit rund 3.000 Kunden.<\/p>\n<p>REMIRA hat es sich zur Aufgabe gemacht, mit KI-gest\u00fctzten Cloudl\u00f6sungen den technologischen Fortschritt seiner Kunden zu f\u00f6rdern und damit deren wirtschaftlichen Erfolg zu erh\u00f6hen. Ob KMU oder gro\u00dfer Konzern \u2013 REMIRA begleitet seine Kunden in den Bereichen Planning, Purchasing, Manufacturing, Transportation, Warehousing und Commerce \u00fcber die gesamte Wertsch\u00f6pfungskette und dar\u00fcber hinaus.<\/p>\n<p><strong>Kontakt:<\/strong><\/p>\n<p>Simone Koop<br \/>\nMarketing Managerin<br \/>\nm +49 172 8112624<br \/>\n&#115;&#x69;m&#111;&#x6e;&#101;&#x2e;k&#111;&#x6f;p&#x40;&#x72;&#101;&#x6d;i&#114;&#x61;&#46;&#x63;&#x6f;&#109;<\/p>\n<\/div><\/section><\/p><\/div>\n\n<style type=\"text\/css\" data-created_by=\"avia_inline_auto\" id=\"style-css-av-7pv81-b49a1e36663b2e8cca8dbc6d7f19f7c7\">\n.flex_column.av-7pv81-b49a1e36663b2e8cca8dbc6d7f19f7c7{\nborder-radius:0px 0px 0px 0px;\npadding:0px 0px 0px 0px;\n}\n<\/style>\n<div  class='flex_column av-7pv81-b49a1e36663b2e8cca8dbc6d7f19f7c7 av_one_third  avia-builder-el-3  el_after_av_two_third  avia-builder-el-last  flex_column_div av-zero-column-padding  '     ><style type=\"text\/css\" data-created_by=\"avia_inline_auto\" id=\"style-css-av-k7zan5qj-45ca7a474b8ee6369016f268e857653e\">\n.avia-image-container.av-k7zan5qj-45ca7a474b8ee6369016f268e857653e img.avia_image{\nbox-shadow:none;\n}\n.avia-image-container.av-k7zan5qj-45ca7a474b8ee6369016f268e857653e .av-image-caption-overlay-center{\ncolor:#ffffff;\n}\n<\/style>\n<div  class='avia-image-container av-k7zan5qj-45ca7a474b8ee6369016f268e857653e av-styling- av-img-linked avia-align-center  avia-builder-el-4  avia-builder-el-no-sibling '   itemprop=\"image\" itemscope=\"itemscope\" itemtype=\"https:\/\/schema.org\/ImageObject\" ><div class=\"avia-image-container-inner\"><div class=\"avia-image-overlay-wrap\"><a href=\"https:\/\/www.remira.com\" class='avia_image '  target=\"_blank\"  rel=\"noopener noreferrer\" aria-label='REMIRA_Logo_Claim_WEB'><img decoding=\"async\" fetchpriority=\"high\" class='wp-image-5597 avia-img-lazy-loading-not-5597 avia_image ' src=\"https:\/\/dfvcg-events.de\/tw-strategy-summit\/wp-content\/uploads\/sites\/12\/2024\/11\/REMIRA_Logo_Claim_WEB.png\" alt='' title='REMIRA_Logo_Claim_WEB'  height=\"600\" width=\"800\"  itemprop=\"thumbnailUrl\" srcset=\"https:\/\/dfvcg-events.de\/tw-strategy-summit\/wp-content\/uploads\/sites\/12\/2024\/11\/REMIRA_Logo_Claim_WEB.png 800w, https:\/\/dfvcg-events.de\/tw-strategy-summit\/wp-content\/uploads\/sites\/12\/2024\/11\/REMIRA_Logo_Claim_WEB-705x529.png 705w\" sizes=\"(max-width: 800px) 100vw, 800px\" \/><\/a><\/div><\/div><\/div><\/div>\n","protected":false},"excerpt":{"rendered":"","protected":false},"author":4,"featured_media":5597,"comment_status":"open","ping_status":"open","sticky":false,"template":"","format":"standard","meta":{"footnotes":""},"categories":[63],"tags":[],"class_list":["post-5251","post","type-post","status-publish","format-standard","has-post-thumbnail","hentry","category-aussteller-2024"],"yoast_head":"<!-- This site is optimized with the Yoast SEO plugin v27.4 - https:\/\/yoast.com\/product\/yoast-seo-wordpress\/ -->\n<title>Partner: REMIRA | TW Strategy Summit<\/title>\n<meta name=\"description\" content=\"TW Strategy Summit | Partner: REMIRA\" \/>\n<meta name=\"robots\" content=\"index, follow, max-snippet:-1, max-image-preview:large, max-video-preview:-1\" \/>\n<link rel=\"canonical\" href=\"https:\/\/dfvcg-events.de\/tw-strategy-summit\/remira\/\" \/>\n<meta property=\"og:locale\" content=\"de_DE\" \/>\n<meta property=\"og:type\" content=\"article\" \/>\n<meta property=\"og:title\" content=\"Partner: REMIRA | TW Strategy Summit\" \/>\n<meta property=\"og:description\" content=\"TW Strategy Summit | Partner: REMIRA\" \/>\n<meta property=\"og:url\" content=\"https:\/\/dfvcg-events.de\/tw-strategy-summit\/remira\/\" \/>\n<meta property=\"og:site_name\" content=\"TW Strategy Summit\" \/>\n<meta property=\"article:published_time\" content=\"2024-07-18T11:56:10+00:00\" \/>\n<meta property=\"article:modified_time\" content=\"2024-11-13T10:43:37+00:00\" \/>\n<meta property=\"og:image\" content=\"https:\/\/dfvcg-events.de\/tw-strategy-summit\/wp-content\/uploads\/sites\/12\/2024\/11\/REMIRA_Logo_Claim_WEB.png\" \/>\n\t<meta property=\"og:image:width\" content=\"800\" \/>\n\t<meta property=\"og:image:height\" content=\"600\" \/>\n\t<meta property=\"og:image:type\" content=\"image\/png\" \/>\n<meta name=\"author\" content=\"como\" \/>\n<meta name=\"twitter:card\" content=\"summary_large_image\" \/>\n<meta name=\"twitter:label1\" content=\"Geschrieben von\" \/>\n\t<meta name=\"twitter:data1\" content=\"como\" \/>\n\t<meta name=\"twitter:label2\" content=\"Gesch\u00e4tzte Lesezeit\" \/>\n\t<meta name=\"twitter:data2\" content=\"1\u00a0Minute\" \/>\n<script type=\"application\/ld+json\" class=\"yoast-schema-graph\">{\"@context\":\"https:\\\/\\\/schema.org\",\"@graph\":[{\"@type\":\"Article\",\"@id\":\"https:\\\/\\\/dfvcg-events.de\\\/tw-strategy-summit\\\/remira\\\/#article\",\"isPartOf\":{\"@id\":\"https:\\\/\\\/dfvcg-events.de\\\/tw-strategy-summit\\\/remira\\\/\"},\"author\":{\"name\":\"como\",\"@id\":\"https:\\\/\\\/dfvcg-events.de\\\/tw-strategy-summit\\\/#\\\/schema\\\/person\\\/b470685a18b2288dd49b436ec18a6486\"},\"headline\":\"REMIRA\",\"datePublished\":\"2024-07-18T11:56:10+00:00\",\"dateModified\":\"2024-11-13T10:43:37+00:00\",\"mainEntityOfPage\":{\"@id\":\"https:\\\/\\\/dfvcg-events.de\\\/tw-strategy-summit\\\/remira\\\/\"},\"wordCount\":772,\"commentCount\":0,\"publisher\":{\"@id\":\"https:\\\/\\\/dfvcg-events.de\\\/tw-strategy-summit\\\/#organization\"},\"image\":{\"@id\":\"https:\\\/\\\/dfvcg-events.de\\\/tw-strategy-summit\\\/remira\\\/#primaryimage\"},\"thumbnailUrl\":\"https:\\\/\\\/dfvcg-events.de\\\/tw-strategy-summit\\\/wp-content\\\/uploads\\\/sites\\\/12\\\/2024\\\/11\\\/REMIRA_Logo_Claim_WEB.png\",\"articleSection\":[\"Aussteller 2024\"],\"inLanguage\":\"de\",\"potentialAction\":[{\"@type\":\"CommentAction\",\"name\":\"Comment\",\"target\":[\"https:\\\/\\\/dfvcg-events.de\\\/tw-strategy-summit\\\/remira\\\/#respond\"]}]},{\"@type\":\"WebPage\",\"@id\":\"https:\\\/\\\/dfvcg-events.de\\\/tw-strategy-summit\\\/remira\\\/\",\"url\":\"https:\\\/\\\/dfvcg-events.de\\\/tw-strategy-summit\\\/remira\\\/\",\"name\":\"Partner: REMIRA | TW Strategy Summit\",\"isPartOf\":{\"@id\":\"https:\\\/\\\/dfvcg-events.de\\\/tw-strategy-summit\\\/#website\"},\"primaryImageOfPage\":{\"@id\":\"https:\\\/\\\/dfvcg-events.de\\\/tw-strategy-summit\\\/remira\\\/#primaryimage\"},\"image\":{\"@id\":\"https:\\\/\\\/dfvcg-events.de\\\/tw-strategy-summit\\\/remira\\\/#primaryimage\"},\"thumbnailUrl\":\"https:\\\/\\\/dfvcg-events.de\\\/tw-strategy-summit\\\/wp-content\\\/uploads\\\/sites\\\/12\\\/2024\\\/11\\\/REMIRA_Logo_Claim_WEB.png\",\"datePublished\":\"2024-07-18T11:56:10+00:00\",\"dateModified\":\"2024-11-13T10:43:37+00:00\",\"description\":\"TW Strategy Summit | Partner: REMIRA\",\"breadcrumb\":{\"@id\":\"https:\\\/\\\/dfvcg-events.de\\\/tw-strategy-summit\\\/remira\\\/#breadcrumb\"},\"inLanguage\":\"de\",\"potentialAction\":[{\"@type\":\"ReadAction\",\"target\":[\"https:\\\/\\\/dfvcg-events.de\\\/tw-strategy-summit\\\/remira\\\/\"]}]},{\"@type\":\"ImageObject\",\"inLanguage\":\"de\",\"@id\":\"https:\\\/\\\/dfvcg-events.de\\\/tw-strategy-summit\\\/remira\\\/#primaryimage\",\"url\":\"https:\\\/\\\/dfvcg-events.de\\\/tw-strategy-summit\\\/wp-content\\\/uploads\\\/sites\\\/12\\\/2024\\\/11\\\/REMIRA_Logo_Claim_WEB.png\",\"contentUrl\":\"https:\\\/\\\/dfvcg-events.de\\\/tw-strategy-summit\\\/wp-content\\\/uploads\\\/sites\\\/12\\\/2024\\\/11\\\/REMIRA_Logo_Claim_WEB.png\",\"width\":800,\"height\":600},{\"@type\":\"BreadcrumbList\",\"@id\":\"https:\\\/\\\/dfvcg-events.de\\\/tw-strategy-summit\\\/remira\\\/#breadcrumb\",\"itemListElement\":[{\"@type\":\"ListItem\",\"position\":1,\"name\":\"Startseite\",\"item\":\"https:\\\/\\\/dfvcg-events.de\\\/tw-strategy-summit\\\/\"},{\"@type\":\"ListItem\",\"position\":2,\"name\":\"REMIRA\"}]},{\"@type\":\"WebSite\",\"@id\":\"https:\\\/\\\/dfvcg-events.de\\\/tw-strategy-summit\\\/#website\",\"url\":\"https:\\\/\\\/dfvcg-events.de\\\/tw-strategy-summit\\\/\",\"name\":\"TW SUMMIT\",\"description\":\"dfv Conference Group\",\"publisher\":{\"@id\":\"https:\\\/\\\/dfvcg-events.de\\\/tw-strategy-summit\\\/#organization\"},\"alternateName\":\"Der Strategie-Kongress der Fashion-Branche\",\"potentialAction\":[{\"@type\":\"SearchAction\",\"target\":{\"@type\":\"EntryPoint\",\"urlTemplate\":\"https:\\\/\\\/dfvcg-events.de\\\/tw-strategy-summit\\\/?s={search_term_string}\"},\"query-input\":{\"@type\":\"PropertyValueSpecification\",\"valueRequired\":true,\"valueName\":\"search_term_string\"}}],\"inLanguage\":\"de\"},{\"@type\":\"Organization\",\"@id\":\"https:\\\/\\\/dfvcg-events.de\\\/tw-strategy-summit\\\/#organization\",\"name\":\"TW SUMMIT\",\"alternateName\":\"Der Strategie-Kongress der Fashion-Branche\",\"url\":\"https:\\\/\\\/dfvcg-events.de\\\/tw-strategy-summit\\\/\",\"logo\":{\"@type\":\"ImageObject\",\"inLanguage\":\"de\",\"@id\":\"https:\\\/\\\/dfvcg-events.de\\\/tw-strategy-summit\\\/#\\\/schema\\\/logo\\\/image\\\/\",\"url\":\"https:\\\/\\\/dfvcg-events.de\\\/tw-summit\\\/wp-content\\\/uploads\\\/sites\\\/12\\\/2023\\\/03\\\/dfvcg_TWSummit23_Teaser_800x800.jpg\",\"contentUrl\":\"https:\\\/\\\/dfvcg-events.de\\\/tw-summit\\\/wp-content\\\/uploads\\\/sites\\\/12\\\/2023\\\/03\\\/dfvcg_TWSummit23_Teaser_800x800.jpg\",\"width\":800,\"height\":800,\"caption\":\"TW SUMMIT\"},\"image\":{\"@id\":\"https:\\\/\\\/dfvcg-events.de\\\/tw-strategy-summit\\\/#\\\/schema\\\/logo\\\/image\\\/\"}},{\"@type\":\"Person\",\"@id\":\"https:\\\/\\\/dfvcg-events.de\\\/tw-strategy-summit\\\/#\\\/schema\\\/person\\\/b470685a18b2288dd49b436ec18a6486\",\"name\":\"como\",\"url\":\"https:\\\/\\\/dfvcg-events.de\\\/tw-strategy-summit\\\/author\\\/como\\\/\"}]}<\/script>\n<!-- \/ Yoast SEO plugin. -->","yoast_head_json":{"title":"Partner: REMIRA | TW Strategy Summit","description":"TW Strategy Summit | Partner: REMIRA","robots":{"index":"index","follow":"follow","max-snippet":"max-snippet:-1","max-image-preview":"max-image-preview:large","max-video-preview":"max-video-preview:-1"},"canonical":"https:\/\/dfvcg-events.de\/tw-strategy-summit\/remira\/","og_locale":"de_DE","og_type":"article","og_title":"Partner: REMIRA | TW Strategy Summit","og_description":"TW Strategy Summit | Partner: REMIRA","og_url":"https:\/\/dfvcg-events.de\/tw-strategy-summit\/remira\/","og_site_name":"TW Strategy Summit","article_published_time":"2024-07-18T11:56:10+00:00","article_modified_time":"2024-11-13T10:43:37+00:00","og_image":[{"width":800,"height":600,"url":"https:\/\/dfvcg-events.de\/tw-strategy-summit\/wp-content\/uploads\/sites\/12\/2024\/11\/REMIRA_Logo_Claim_WEB.png","type":"image\/png"}],"author":"como","twitter_card":"summary_large_image","twitter_misc":{"Geschrieben von":"como","Gesch\u00e4tzte Lesezeit":"1\u00a0Minute"},"schema":{"@context":"https:\/\/schema.org","@graph":[{"@type":"Article","@id":"https:\/\/dfvcg-events.de\/tw-strategy-summit\/remira\/#article","isPartOf":{"@id":"https:\/\/dfvcg-events.de\/tw-strategy-summit\/remira\/"},"author":{"name":"como","@id":"https:\/\/dfvcg-events.de\/tw-strategy-summit\/#\/schema\/person\/b470685a18b2288dd49b436ec18a6486"},"headline":"REMIRA","datePublished":"2024-07-18T11:56:10+00:00","dateModified":"2024-11-13T10:43:37+00:00","mainEntityOfPage":{"@id":"https:\/\/dfvcg-events.de\/tw-strategy-summit\/remira\/"},"wordCount":772,"commentCount":0,"publisher":{"@id":"https:\/\/dfvcg-events.de\/tw-strategy-summit\/#organization"},"image":{"@id":"https:\/\/dfvcg-events.de\/tw-strategy-summit\/remira\/#primaryimage"},"thumbnailUrl":"https:\/\/dfvcg-events.de\/tw-strategy-summit\/wp-content\/uploads\/sites\/12\/2024\/11\/REMIRA_Logo_Claim_WEB.png","articleSection":["Aussteller 2024"],"inLanguage":"de","potentialAction":[{"@type":"CommentAction","name":"Comment","target":["https:\/\/dfvcg-events.de\/tw-strategy-summit\/remira\/#respond"]}]},{"@type":"WebPage","@id":"https:\/\/dfvcg-events.de\/tw-strategy-summit\/remira\/","url":"https:\/\/dfvcg-events.de\/tw-strategy-summit\/remira\/","name":"Partner: REMIRA | TW Strategy Summit","isPartOf":{"@id":"https:\/\/dfvcg-events.de\/tw-strategy-summit\/#website"},"primaryImageOfPage":{"@id":"https:\/\/dfvcg-events.de\/tw-strategy-summit\/remira\/#primaryimage"},"image":{"@id":"https:\/\/dfvcg-events.de\/tw-strategy-summit\/remira\/#primaryimage"},"thumbnailUrl":"https:\/\/dfvcg-events.de\/tw-strategy-summit\/wp-content\/uploads\/sites\/12\/2024\/11\/REMIRA_Logo_Claim_WEB.png","datePublished":"2024-07-18T11:56:10+00:00","dateModified":"2024-11-13T10:43:37+00:00","description":"TW Strategy Summit | Partner: REMIRA","breadcrumb":{"@id":"https:\/\/dfvcg-events.de\/tw-strategy-summit\/remira\/#breadcrumb"},"inLanguage":"de","potentialAction":[{"@type":"ReadAction","target":["https:\/\/dfvcg-events.de\/tw-strategy-summit\/remira\/"]}]},{"@type":"ImageObject","inLanguage":"de","@id":"https:\/\/dfvcg-events.de\/tw-strategy-summit\/remira\/#primaryimage","url":"https:\/\/dfvcg-events.de\/tw-strategy-summit\/wp-content\/uploads\/sites\/12\/2024\/11\/REMIRA_Logo_Claim_WEB.png","contentUrl":"https:\/\/dfvcg-events.de\/tw-strategy-summit\/wp-content\/uploads\/sites\/12\/2024\/11\/REMIRA_Logo_Claim_WEB.png","width":800,"height":600},{"@type":"BreadcrumbList","@id":"https:\/\/dfvcg-events.de\/tw-strategy-summit\/remira\/#breadcrumb","itemListElement":[{"@type":"ListItem","position":1,"name":"Startseite","item":"https:\/\/dfvcg-events.de\/tw-strategy-summit\/"},{"@type":"ListItem","position":2,"name":"REMIRA"}]},{"@type":"WebSite","@id":"https:\/\/dfvcg-events.de\/tw-strategy-summit\/#website","url":"https:\/\/dfvcg-events.de\/tw-strategy-summit\/","name":"TW SUMMIT","description":"dfv Conference Group","publisher":{"@id":"https:\/\/dfvcg-events.de\/tw-strategy-summit\/#organization"},"alternateName":"Der Strategie-Kongress der Fashion-Branche","potentialAction":[{"@type":"SearchAction","target":{"@type":"EntryPoint","urlTemplate":"https:\/\/dfvcg-events.de\/tw-strategy-summit\/?s={search_term_string}"},"query-input":{"@type":"PropertyValueSpecification","valueRequired":true,"valueName":"search_term_string"}}],"inLanguage":"de"},{"@type":"Organization","@id":"https:\/\/dfvcg-events.de\/tw-strategy-summit\/#organization","name":"TW SUMMIT","alternateName":"Der Strategie-Kongress der Fashion-Branche","url":"https:\/\/dfvcg-events.de\/tw-strategy-summit\/","logo":{"@type":"ImageObject","inLanguage":"de","@id":"https:\/\/dfvcg-events.de\/tw-strategy-summit\/#\/schema\/logo\/image\/","url":"https:\/\/dfvcg-events.de\/tw-summit\/wp-content\/uploads\/sites\/12\/2023\/03\/dfvcg_TWSummit23_Teaser_800x800.jpg","contentUrl":"https:\/\/dfvcg-events.de\/tw-summit\/wp-content\/uploads\/sites\/12\/2023\/03\/dfvcg_TWSummit23_Teaser_800x800.jpg","width":800,"height":800,"caption":"TW SUMMIT"},"image":{"@id":"https:\/\/dfvcg-events.de\/tw-strategy-summit\/#\/schema\/logo\/image\/"}},{"@type":"Person","@id":"https:\/\/dfvcg-events.de\/tw-strategy-summit\/#\/schema\/person\/b470685a18b2288dd49b436ec18a6486","name":"como","url":"https:\/\/dfvcg-events.de\/tw-strategy-summit\/author\/como\/"}]}},"_links":{"self":[{"href":"https:\/\/dfvcg-events.de\/tw-strategy-summit\/wp-json\/wp\/v2\/posts\/5251","targetHints":{"allow":["GET"]}}],"collection":[{"href":"https:\/\/dfvcg-events.de\/tw-strategy-summit\/wp-json\/wp\/v2\/posts"}],"about":[{"href":"https:\/\/dfvcg-events.de\/tw-strategy-summit\/wp-json\/wp\/v2\/types\/post"}],"author":[{"embeddable":true,"href":"https:\/\/dfvcg-events.de\/tw-strategy-summit\/wp-json\/wp\/v2\/users\/4"}],"replies":[{"embeddable":true,"href":"https:\/\/dfvcg-events.de\/tw-strategy-summit\/wp-json\/wp\/v2\/comments?post=5251"}],"version-history":[{"count":4,"href":"https:\/\/dfvcg-events.de\/tw-strategy-summit\/wp-json\/wp\/v2\/posts\/5251\/revisions"}],"predecessor-version":[{"id":5598,"href":"https:\/\/dfvcg-events.de\/tw-strategy-summit\/wp-json\/wp\/v2\/posts\/5251\/revisions\/5598"}],"wp:featuredmedia":[{"embeddable":true,"href":"https:\/\/dfvcg-events.de\/tw-strategy-summit\/wp-json\/wp\/v2\/media\/5597"}],"wp:attachment":[{"href":"https:\/\/dfvcg-events.de\/tw-strategy-summit\/wp-json\/wp\/v2\/media?parent=5251"}],"wp:term":[{"taxonomy":"category","embeddable":true,"href":"https:\/\/dfvcg-events.de\/tw-strategy-summit\/wp-json\/wp\/v2\/categories?post=5251"},{"taxonomy":"post_tag","embeddable":true,"href":"https:\/\/dfvcg-events.de\/tw-strategy-summit\/wp-json\/wp\/v2\/tags?post=5251"}],"curies":[{"name":"wp","href":"https:\/\/api.w.org\/{rel}","templated":true}]}}