{"id":4771,"date":"2023-11-06T12:07:20","date_gmt":"2023-11-06T11:07:20","guid":{"rendered":"https:\/\/dfvcg-events.de\/tw-summit\/?p=4771"},"modified":"2023-11-06T14:02:16","modified_gmt":"2023-11-06T13:02:16","slug":"fashion-cloud","status":"publish","type":"post","link":"https:\/\/dfvcg-events.de\/tw-strategy-summit\/fashion-cloud\/","title":{"rendered":"Fashion Cloud"},"content":{"rendered":"\n<style type=\"text\/css\" data-created_by=\"avia_inline_auto\" id=\"style-css-av-gjtzd-7150dd3f0da45e9aef1f50897828e0f5\">\n.flex_column.av-gjtzd-7150dd3f0da45e9aef1f50897828e0f5{\nborder-radius:0px 0px 0px 0px;\npadding:0px 0px 0px 0px;\n}\n<\/style>\n<div  class='flex_column av-gjtzd-7150dd3f0da45e9aef1f50897828e0f5 av_two_third  avia-builder-el-0  el_before_av_one_third  avia-builder-el-first  first flex_column_div av-zero-column-padding  '     ><p>\n<style type=\"text\/css\" data-created_by=\"avia_inline_auto\" id=\"style-css-av-kg7ylv80-d846da69040bea7428c59c93f0be6777\">\n#top .av-special-heading.av-kg7ylv80-d846da69040bea7428c59c93f0be6777{\npadding-bottom:10px;\n}\nbody .av-special-heading.av-kg7ylv80-d846da69040bea7428c59c93f0be6777 .av-special-heading-tag .heading-char{\nfont-size:25px;\n}\n.av-special-heading.av-kg7ylv80-d846da69040bea7428c59c93f0be6777 .av-subheading{\nfont-size:15px;\n}\n<\/style>\n<div  class='av-special-heading av-kg7ylv80-d846da69040bea7428c59c93f0be6777 av-special-heading-h2 blockquote modern-quote  avia-builder-el-1  el_before_av_textblock  avia-builder-el-first '><h2 class='av-special-heading-tag '  itemprop=\"headline\"  >Fashion Cloud<\/h2><div class=\"special-heading-border\"><div class=\"special-heading-inner-border\"><\/div><\/div><\/div><br \/>\n<section  class='av_textblock_section av-k7zalzjs-dc760954bf3f02b3badd0e6d2cd18c56 '   itemscope=\"itemscope\" itemtype=\"https:\/\/schema.org\/BlogPosting\" itemprop=\"blogPost\" ><div class='avia_textblock'  itemprop=\"text\" ><p>Fashion Cloud wurde 2015 gegr\u00fcndet und ist Europas f\u00fchrende B2B-L\u00f6sung f\u00fcr die Wholesale-Branche. Das Unternehmen bietet intelligente L\u00f6sungen f\u00fcr das Teilen von Produktdaten und -Informationen, sowie die digitale Vor- und Nachorder an. Mehr als 25.000 H\u00e4ndler und 700 Marken arbeiten bereits mit Fashion Cloud zusammen. Dazu z\u00e4hlen internationale Marken wie Hugo Boss, Marc Cain, Scotch &amp; Soda sowie H\u00e4ndler wie Zalando, Engelhorn und Breuninger.<\/p>\n<p><strong>Kontakt:<\/strong><\/p>\n<p>Satish Jha<br \/>\nSenior Networking &amp; Community Manager<br \/>\n<a href=\"&#109;&#x61;&#x69;&#108;&#x74;&#x6f;:&#x73;&#x61;t&#105;&#x73;h&#46;&#x6a;h&#97;&#x40;f&#97;&#x73;h&#105;&#x6f;&#x6e;&#46;&#x63;&#x6c;&#111;&#x75;&#x64;\">&#115;&#x61;t&#x69;&#x73;&#104;&#x2e;j&#x68;&#x61;&#64;&#x66;a&#x73;&#x68;&#105;&#x6f;n&#x2e;&#x63;&#108;&#x6f;u&#x64;<\/a><br \/>\nTel.: +49 151 28 22 05 39<\/p>\n<\/div><\/section><\/p><\/div>\n<style type=\"text\/css\" data-created_by=\"avia_inline_auto\" id=\"style-css-av-7pv81-b49a1e36663b2e8cca8dbc6d7f19f7c7\">\n.flex_column.av-7pv81-b49a1e36663b2e8cca8dbc6d7f19f7c7{\nborder-radius:0px 0px 0px 0px;\npadding:0px 0px 0px 0px;\n}\n<\/style>\n<div  class='flex_column av-7pv81-b49a1e36663b2e8cca8dbc6d7f19f7c7 av_one_third  avia-builder-el-3  el_after_av_two_third  avia-builder-el-last  flex_column_div av-zero-column-padding  '     ><style type=\"text\/css\" data-created_by=\"avia_inline_auto\" id=\"style-css-av-k7zan5qj-6ec3d0fc2874168bf39a92d1c6d15dc8\">\n.avia-image-container.av-k7zan5qj-6ec3d0fc2874168bf39a92d1c6d15dc8 img.avia_image{\nbox-shadow:none;\n}\n.avia-image-container.av-k7zan5qj-6ec3d0fc2874168bf39a92d1c6d15dc8 .av-image-caption-overlay-center{\ncolor:#ffffff;\n}\n<\/style>\n<div  class='avia-image-container av-k7zan5qj-6ec3d0fc2874168bf39a92d1c6d15dc8 av-styling- av-img-linked avia-align-center  avia-builder-el-4  avia-builder-el-no-sibling '   itemprop=\"image\" itemscope=\"itemscope\" itemtype=\"https:\/\/schema.org\/ImageObject\" ><div class=\"avia-image-container-inner\"><div class=\"avia-image-overlay-wrap\"><a href=\"https:\/\/www.fashion.cloud\/de\/\" class='avia_image '  target=\"_blank\"  rel=\"noopener noreferrer\" aria-label='Logo Fashion Cloud_WEB'><img decoding=\"async\" fetchpriority=\"high\" class='wp-image-4770 avia-img-lazy-loading-not-4770 avia_image ' src=\"https:\/\/dfvcg-events.de\/tw-strategy-summit\/wp-content\/uploads\/sites\/12\/2023\/11\/Logo-Fashion-Cloud_WEB.png\" alt='' title='Logo Fashion Cloud_WEB'  height=\"2068\" width=\"2756\"  itemprop=\"thumbnailUrl\"  \/><\/a><\/div><\/div><\/div><\/div><\/p>\n","protected":false},"excerpt":{"rendered":"","protected":false},"author":19,"featured_media":4770,"comment_status":"open","ping_status":"open","sticky":false,"template":"","format":"standard","meta":{"footnotes":""},"categories":[62],"tags":[],"class_list":["post-4771","post","type-post","status-publish","format-standard","has-post-thumbnail","hentry","category-aussteller-2023"],"yoast_head":"<!-- This site is optimized with the Yoast SEO plugin v27.4 - https:\/\/yoast.com\/product\/yoast-seo-wordpress\/ -->\n<title>Partner: Fashion Cloud | TW Strategy Summit<\/title>\n<meta name=\"description\" content=\"TW Strategy Summit | Partner: Fashion Cloud\" \/>\n<meta name=\"robots\" content=\"index, follow, max-snippet:-1, max-image-preview:large, max-video-preview:-1\" \/>\n<link rel=\"canonical\" href=\"https:\/\/dfvcg-events.de\/tw-strategy-summit\/fashion-cloud\/\" \/>\n<meta property=\"og:locale\" content=\"de_DE\" \/>\n<meta property=\"og:type\" content=\"article\" \/>\n<meta property=\"og:title\" content=\"Partner: Fashion Cloud | TW Strategy Summit\" \/>\n<meta property=\"og:description\" content=\"TW Strategy Summit | Partner: Fashion Cloud\" \/>\n<meta property=\"og:url\" content=\"https:\/\/dfvcg-events.de\/tw-strategy-summit\/fashion-cloud\/\" \/>\n<meta property=\"og:site_name\" content=\"TW Strategy Summit\" \/>\n<meta property=\"article:published_time\" content=\"2023-11-06T11:07:20+00:00\" \/>\n<meta property=\"article:modified_time\" content=\"2023-11-06T13:02:16+00:00\" \/>\n<meta property=\"og:image\" content=\"https:\/\/dfvcg-events.de\/tw-strategy-summit\/wp-content\/uploads\/sites\/12\/2023\/11\/Logo-Fashion-Cloud_WEB.png\" \/>\n\t<meta property=\"og:image:width\" content=\"2756\" \/>\n\t<meta property=\"og:image:height\" content=\"2068\" \/>\n\t<meta property=\"og:image:type\" content=\"image\/png\" \/>\n<meta name=\"author\" content=\"chamayou\" \/>\n<meta name=\"twitter:card\" content=\"summary_large_image\" \/>\n<meta name=\"twitter:label1\" content=\"Geschrieben von\" \/>\n\t<meta name=\"twitter:data1\" content=\"chamayou\" \/>\n\t<meta name=\"twitter:label2\" content=\"Gesch\u00e4tzte Lesezeit\" \/>\n\t<meta name=\"twitter:data2\" content=\"2\u00a0Minuten\" \/>\n<script type=\"application\/ld+json\" class=\"yoast-schema-graph\">{\"@context\":\"https:\\\/\\\/schema.org\",\"@graph\":[{\"@type\":\"Article\",\"@id\":\"https:\\\/\\\/dfvcg-events.de\\\/tw-strategy-summit\\\/fashion-cloud\\\/#article\",\"isPartOf\":{\"@id\":\"https:\\\/\\\/dfvcg-events.de\\\/tw-strategy-summit\\\/fashion-cloud\\\/\"},\"author\":{\"name\":\"chamayou\",\"@id\":\"https:\\\/\\\/dfvcg-events.de\\\/tw-strategy-summit\\\/#\\\/schema\\\/person\\\/832ca89f27b1cb2945fbbf5e2b4edd61\"},\"headline\":\"Fashion Cloud\",\"datePublished\":\"2023-11-06T11:07:20+00:00\",\"dateModified\":\"2023-11-06T13:02:16+00:00\",\"mainEntityOfPage\":{\"@id\":\"https:\\\/\\\/dfvcg-events.de\\\/tw-strategy-summit\\\/fashion-cloud\\\/\"},\"wordCount\":737,\"commentCount\":0,\"publisher\":{\"@id\":\"https:\\\/\\\/dfvcg-events.de\\\/tw-strategy-summit\\\/#organization\"},\"image\":{\"@id\":\"https:\\\/\\\/dfvcg-events.de\\\/tw-strategy-summit\\\/fashion-cloud\\\/#primaryimage\"},\"thumbnailUrl\":\"https:\\\/\\\/dfvcg-events.de\\\/tw-strategy-summit\\\/wp-content\\\/uploads\\\/sites\\\/12\\\/2023\\\/11\\\/Logo-Fashion-Cloud_WEB.png\",\"articleSection\":[\"Aussteller 2023\"],\"inLanguage\":\"de\",\"potentialAction\":[{\"@type\":\"CommentAction\",\"name\":\"Comment\",\"target\":[\"https:\\\/\\\/dfvcg-events.de\\\/tw-strategy-summit\\\/fashion-cloud\\\/#respond\"]}]},{\"@type\":\"WebPage\",\"@id\":\"https:\\\/\\\/dfvcg-events.de\\\/tw-strategy-summit\\\/fashion-cloud\\\/\",\"url\":\"https:\\\/\\\/dfvcg-events.de\\\/tw-strategy-summit\\\/fashion-cloud\\\/\",\"name\":\"Partner: Fashion Cloud | TW Strategy Summit\",\"isPartOf\":{\"@id\":\"https:\\\/\\\/dfvcg-events.de\\\/tw-strategy-summit\\\/#website\"},\"primaryImageOfPage\":{\"@id\":\"https:\\\/\\\/dfvcg-events.de\\\/tw-strategy-summit\\\/fashion-cloud\\\/#primaryimage\"},\"image\":{\"@id\":\"https:\\\/\\\/dfvcg-events.de\\\/tw-strategy-summit\\\/fashion-cloud\\\/#primaryimage\"},\"thumbnailUrl\":\"https:\\\/\\\/dfvcg-events.de\\\/tw-strategy-summit\\\/wp-content\\\/uploads\\\/sites\\\/12\\\/2023\\\/11\\\/Logo-Fashion-Cloud_WEB.png\",\"datePublished\":\"2023-11-06T11:07:20+00:00\",\"dateModified\":\"2023-11-06T13:02:16+00:00\",\"description\":\"TW Strategy Summit | Partner: Fashion Cloud\",\"breadcrumb\":{\"@id\":\"https:\\\/\\\/dfvcg-events.de\\\/tw-strategy-summit\\\/fashion-cloud\\\/#breadcrumb\"},\"inLanguage\":\"de\",\"potentialAction\":[{\"@type\":\"ReadAction\",\"target\":[\"https:\\\/\\\/dfvcg-events.de\\\/tw-strategy-summit\\\/fashion-cloud\\\/\"]}]},{\"@type\":\"ImageObject\",\"inLanguage\":\"de\",\"@id\":\"https:\\\/\\\/dfvcg-events.de\\\/tw-strategy-summit\\\/fashion-cloud\\\/#primaryimage\",\"url\":\"https:\\\/\\\/dfvcg-events.de\\\/tw-strategy-summit\\\/wp-content\\\/uploads\\\/sites\\\/12\\\/2023\\\/11\\\/Logo-Fashion-Cloud_WEB.png\",\"contentUrl\":\"https:\\\/\\\/dfvcg-events.de\\\/tw-strategy-summit\\\/wp-content\\\/uploads\\\/sites\\\/12\\\/2023\\\/11\\\/Logo-Fashion-Cloud_WEB.png\",\"width\":2756,\"height\":2068},{\"@type\":\"BreadcrumbList\",\"@id\":\"https:\\\/\\\/dfvcg-events.de\\\/tw-strategy-summit\\\/fashion-cloud\\\/#breadcrumb\",\"itemListElement\":[{\"@type\":\"ListItem\",\"position\":1,\"name\":\"Startseite\",\"item\":\"https:\\\/\\\/dfvcg-events.de\\\/tw-strategy-summit\\\/\"},{\"@type\":\"ListItem\",\"position\":2,\"name\":\"Fashion Cloud\"}]},{\"@type\":\"WebSite\",\"@id\":\"https:\\\/\\\/dfvcg-events.de\\\/tw-strategy-summit\\\/#website\",\"url\":\"https:\\\/\\\/dfvcg-events.de\\\/tw-strategy-summit\\\/\",\"name\":\"TW SUMMIT\",\"description\":\"dfv Conference Group\",\"publisher\":{\"@id\":\"https:\\\/\\\/dfvcg-events.de\\\/tw-strategy-summit\\\/#organization\"},\"alternateName\":\"Der Strategie-Kongress der Fashion-Branche\",\"potentialAction\":[{\"@type\":\"SearchAction\",\"target\":{\"@type\":\"EntryPoint\",\"urlTemplate\":\"https:\\\/\\\/dfvcg-events.de\\\/tw-strategy-summit\\\/?s={search_term_string}\"},\"query-input\":{\"@type\":\"PropertyValueSpecification\",\"valueRequired\":true,\"valueName\":\"search_term_string\"}}],\"inLanguage\":\"de\"},{\"@type\":\"Organization\",\"@id\":\"https:\\\/\\\/dfvcg-events.de\\\/tw-strategy-summit\\\/#organization\",\"name\":\"TW SUMMIT\",\"alternateName\":\"Der Strategie-Kongress der Fashion-Branche\",\"url\":\"https:\\\/\\\/dfvcg-events.de\\\/tw-strategy-summit\\\/\",\"logo\":{\"@type\":\"ImageObject\",\"inLanguage\":\"de\",\"@id\":\"https:\\\/\\\/dfvcg-events.de\\\/tw-strategy-summit\\\/#\\\/schema\\\/logo\\\/image\\\/\",\"url\":\"https:\\\/\\\/dfvcg-events.de\\\/tw-summit\\\/wp-content\\\/uploads\\\/sites\\\/12\\\/2023\\\/03\\\/dfvcg_TWSummit23_Teaser_800x800.jpg\",\"contentUrl\":\"https:\\\/\\\/dfvcg-events.de\\\/tw-summit\\\/wp-content\\\/uploads\\\/sites\\\/12\\\/2023\\\/03\\\/dfvcg_TWSummit23_Teaser_800x800.jpg\",\"width\":800,\"height\":800,\"caption\":\"TW SUMMIT\"},\"image\":{\"@id\":\"https:\\\/\\\/dfvcg-events.de\\\/tw-strategy-summit\\\/#\\\/schema\\\/logo\\\/image\\\/\"}},{\"@type\":\"Person\",\"@id\":\"https:\\\/\\\/dfvcg-events.de\\\/tw-strategy-summit\\\/#\\\/schema\\\/person\\\/832ca89f27b1cb2945fbbf5e2b4edd61\",\"name\":\"chamayou\",\"url\":\"https:\\\/\\\/dfvcg-events.de\\\/tw-strategy-summit\\\/author\\\/chamayou\\\/\"}]}<\/script>\n<!-- \/ Yoast SEO plugin. -->","yoast_head_json":{"title":"Partner: Fashion Cloud | TW Strategy Summit","description":"TW Strategy Summit | Partner: Fashion Cloud","robots":{"index":"index","follow":"follow","max-snippet":"max-snippet:-1","max-image-preview":"max-image-preview:large","max-video-preview":"max-video-preview:-1"},"canonical":"https:\/\/dfvcg-events.de\/tw-strategy-summit\/fashion-cloud\/","og_locale":"de_DE","og_type":"article","og_title":"Partner: Fashion Cloud | TW Strategy Summit","og_description":"TW Strategy Summit | Partner: Fashion Cloud","og_url":"https:\/\/dfvcg-events.de\/tw-strategy-summit\/fashion-cloud\/","og_site_name":"TW Strategy Summit","article_published_time":"2023-11-06T11:07:20+00:00","article_modified_time":"2023-11-06T13:02:16+00:00","og_image":[{"width":2756,"height":2068,"url":"https:\/\/dfvcg-events.de\/tw-strategy-summit\/wp-content\/uploads\/sites\/12\/2023\/11\/Logo-Fashion-Cloud_WEB.png","type":"image\/png"}],"author":"chamayou","twitter_card":"summary_large_image","twitter_misc":{"Geschrieben von":"chamayou","Gesch\u00e4tzte Lesezeit":"2\u00a0Minuten"},"schema":{"@context":"https:\/\/schema.org","@graph":[{"@type":"Article","@id":"https:\/\/dfvcg-events.de\/tw-strategy-summit\/fashion-cloud\/#article","isPartOf":{"@id":"https:\/\/dfvcg-events.de\/tw-strategy-summit\/fashion-cloud\/"},"author":{"name":"chamayou","@id":"https:\/\/dfvcg-events.de\/tw-strategy-summit\/#\/schema\/person\/832ca89f27b1cb2945fbbf5e2b4edd61"},"headline":"Fashion Cloud","datePublished":"2023-11-06T11:07:20+00:00","dateModified":"2023-11-06T13:02:16+00:00","mainEntityOfPage":{"@id":"https:\/\/dfvcg-events.de\/tw-strategy-summit\/fashion-cloud\/"},"wordCount":737,"commentCount":0,"publisher":{"@id":"https:\/\/dfvcg-events.de\/tw-strategy-summit\/#organization"},"image":{"@id":"https:\/\/dfvcg-events.de\/tw-strategy-summit\/fashion-cloud\/#primaryimage"},"thumbnailUrl":"https:\/\/dfvcg-events.de\/tw-strategy-summit\/wp-content\/uploads\/sites\/12\/2023\/11\/Logo-Fashion-Cloud_WEB.png","articleSection":["Aussteller 2023"],"inLanguage":"de","potentialAction":[{"@type":"CommentAction","name":"Comment","target":["https:\/\/dfvcg-events.de\/tw-strategy-summit\/fashion-cloud\/#respond"]}]},{"@type":"WebPage","@id":"https:\/\/dfvcg-events.de\/tw-strategy-summit\/fashion-cloud\/","url":"https:\/\/dfvcg-events.de\/tw-strategy-summit\/fashion-cloud\/","name":"Partner: Fashion Cloud | TW Strategy Summit","isPartOf":{"@id":"https:\/\/dfvcg-events.de\/tw-strategy-summit\/#website"},"primaryImageOfPage":{"@id":"https:\/\/dfvcg-events.de\/tw-strategy-summit\/fashion-cloud\/#primaryimage"},"image":{"@id":"https:\/\/dfvcg-events.de\/tw-strategy-summit\/fashion-cloud\/#primaryimage"},"thumbnailUrl":"https:\/\/dfvcg-events.de\/tw-strategy-summit\/wp-content\/uploads\/sites\/12\/2023\/11\/Logo-Fashion-Cloud_WEB.png","datePublished":"2023-11-06T11:07:20+00:00","dateModified":"2023-11-06T13:02:16+00:00","description":"TW Strategy Summit | Partner: Fashion Cloud","breadcrumb":{"@id":"https:\/\/dfvcg-events.de\/tw-strategy-summit\/fashion-cloud\/#breadcrumb"},"inLanguage":"de","potentialAction":[{"@type":"ReadAction","target":["https:\/\/dfvcg-events.de\/tw-strategy-summit\/fashion-cloud\/"]}]},{"@type":"ImageObject","inLanguage":"de","@id":"https:\/\/dfvcg-events.de\/tw-strategy-summit\/fashion-cloud\/#primaryimage","url":"https:\/\/dfvcg-events.de\/tw-strategy-summit\/wp-content\/uploads\/sites\/12\/2023\/11\/Logo-Fashion-Cloud_WEB.png","contentUrl":"https:\/\/dfvcg-events.de\/tw-strategy-summit\/wp-content\/uploads\/sites\/12\/2023\/11\/Logo-Fashion-Cloud_WEB.png","width":2756,"height":2068},{"@type":"BreadcrumbList","@id":"https:\/\/dfvcg-events.de\/tw-strategy-summit\/fashion-cloud\/#breadcrumb","itemListElement":[{"@type":"ListItem","position":1,"name":"Startseite","item":"https:\/\/dfvcg-events.de\/tw-strategy-summit\/"},{"@type":"ListItem","position":2,"name":"Fashion Cloud"}]},{"@type":"WebSite","@id":"https:\/\/dfvcg-events.de\/tw-strategy-summit\/#website","url":"https:\/\/dfvcg-events.de\/tw-strategy-summit\/","name":"TW SUMMIT","description":"dfv Conference Group","publisher":{"@id":"https:\/\/dfvcg-events.de\/tw-strategy-summit\/#organization"},"alternateName":"Der Strategie-Kongress der Fashion-Branche","potentialAction":[{"@type":"SearchAction","target":{"@type":"EntryPoint","urlTemplate":"https:\/\/dfvcg-events.de\/tw-strategy-summit\/?s={search_term_string}"},"query-input":{"@type":"PropertyValueSpecification","valueRequired":true,"valueName":"search_term_string"}}],"inLanguage":"de"},{"@type":"Organization","@id":"https:\/\/dfvcg-events.de\/tw-strategy-summit\/#organization","name":"TW SUMMIT","alternateName":"Der Strategie-Kongress der Fashion-Branche","url":"https:\/\/dfvcg-events.de\/tw-strategy-summit\/","logo":{"@type":"ImageObject","inLanguage":"de","@id":"https:\/\/dfvcg-events.de\/tw-strategy-summit\/#\/schema\/logo\/image\/","url":"https:\/\/dfvcg-events.de\/tw-summit\/wp-content\/uploads\/sites\/12\/2023\/03\/dfvcg_TWSummit23_Teaser_800x800.jpg","contentUrl":"https:\/\/dfvcg-events.de\/tw-summit\/wp-content\/uploads\/sites\/12\/2023\/03\/dfvcg_TWSummit23_Teaser_800x800.jpg","width":800,"height":800,"caption":"TW SUMMIT"},"image":{"@id":"https:\/\/dfvcg-events.de\/tw-strategy-summit\/#\/schema\/logo\/image\/"}},{"@type":"Person","@id":"https:\/\/dfvcg-events.de\/tw-strategy-summit\/#\/schema\/person\/832ca89f27b1cb2945fbbf5e2b4edd61","name":"chamayou","url":"https:\/\/dfvcg-events.de\/tw-strategy-summit\/author\/chamayou\/"}]}},"_links":{"self":[{"href":"https:\/\/dfvcg-events.de\/tw-strategy-summit\/wp-json\/wp\/v2\/posts\/4771","targetHints":{"allow":["GET"]}}],"collection":[{"href":"https:\/\/dfvcg-events.de\/tw-strategy-summit\/wp-json\/wp\/v2\/posts"}],"about":[{"href":"https:\/\/dfvcg-events.de\/tw-strategy-summit\/wp-json\/wp\/v2\/types\/post"}],"author":[{"embeddable":true,"href":"https:\/\/dfvcg-events.de\/tw-strategy-summit\/wp-json\/wp\/v2\/users\/19"}],"replies":[{"embeddable":true,"href":"https:\/\/dfvcg-events.de\/tw-strategy-summit\/wp-json\/wp\/v2\/comments?post=4771"}],"version-history":[{"count":0,"href":"https:\/\/dfvcg-events.de\/tw-strategy-summit\/wp-json\/wp\/v2\/posts\/4771\/revisions"}],"wp:featuredmedia":[{"embeddable":true,"href":"https:\/\/dfvcg-events.de\/tw-strategy-summit\/wp-json\/wp\/v2\/media\/4770"}],"wp:attachment":[{"href":"https:\/\/dfvcg-events.de\/tw-strategy-summit\/wp-json\/wp\/v2\/media?parent=4771"}],"wp:term":[{"taxonomy":"category","embeddable":true,"href":"https:\/\/dfvcg-events.de\/tw-strategy-summit\/wp-json\/wp\/v2\/categories?post=4771"},{"taxonomy":"post_tag","embeddable":true,"href":"https:\/\/dfvcg-events.de\/tw-strategy-summit\/wp-json\/wp\/v2\/tags?post=4771"}],"curies":[{"name":"wp","href":"https:\/\/api.w.org\/{rel}","templated":true}]}}