{"id":4245,"date":"2023-09-08T14:42:57","date_gmt":"2023-09-08T12:42:57","guid":{"rendered":"https:\/\/dfvcg-events.de\/tw-summit\/?p=4245"},"modified":"2023-11-15T08:32:36","modified_gmt":"2023-11-15T07:32:36","slug":"sensormatic","status":"publish","type":"post","link":"https:\/\/dfvcg-events.de\/tw-strategy-summit\/sensormatic\/","title":{"rendered":"Sensormatic"},"content":{"rendered":"\n<style type=\"text\/css\" data-created_by=\"avia_inline_auto\" id=\"style-css-av-gjtzd-7150dd3f0da45e9aef1f50897828e0f5\">\n.flex_column.av-gjtzd-7150dd3f0da45e9aef1f50897828e0f5{\nborder-radius:0px 0px 0px 0px;\npadding:0px 0px 0px 0px;\n}\n<\/style>\n<div  class='flex_column av-gjtzd-7150dd3f0da45e9aef1f50897828e0f5 av_two_third  avia-builder-el-0  el_before_av_one_third  avia-builder-el-first  first flex_column_div av-zero-column-padding  '     ><p>\n<style type=\"text\/css\" data-created_by=\"avia_inline_auto\" id=\"style-css-av-kg7ylv80-7b8abbb63727b23fe69719be94227f6e\">\n#top .av-special-heading.av-kg7ylv80-7b8abbb63727b23fe69719be94227f6e{\npadding-bottom:10px;\n}\nbody .av-special-heading.av-kg7ylv80-7b8abbb63727b23fe69719be94227f6e .av-special-heading-tag .heading-char{\nfont-size:25px;\n}\n.av-special-heading.av-kg7ylv80-7b8abbb63727b23fe69719be94227f6e .av-subheading{\nfont-size:15px;\n}\n<\/style>\n<div  class='av-special-heading av-kg7ylv80-7b8abbb63727b23fe69719be94227f6e av-special-heading-h2 blockquote modern-quote  avia-builder-el-1  el_before_av_textblock  avia-builder-el-first '><h2 class='av-special-heading-tag '  itemprop=\"headline\"  >Sensormatic<\/h2><div class=\"special-heading-border\"><div class=\"special-heading-inner-border\"><\/div><\/div><\/div><br \/>\n<section  class='av_textblock_section av-k7zalzjs-dc760954bf3f02b3badd0e6d2cd18c56 '   itemscope=\"itemscope\" itemtype=\"https:\/\/schema.org\/BlogPosting\" itemprop=\"blogPost\" ><div class='avia_textblock'  itemprop=\"text\" ><p>Sensormatic Solutions ist das f\u00fchrende globale Portfolio f\u00fcr Einzelhandelsl\u00f6sungen von Johnson Controls. Einzelh\u00e4ndler profitieren von effizienteren Betriebsabl\u00e4ufen und verbesserter Kundenbindung \u00fcber den gesamten Kaufprozess hinweg. Unsere intelligente, digitale Betriebsplattform, Sensormatic IQ, integriert das gesamte Portfolio von Sensormatic Solutions, einschlie\u00dflich Drittanbieterdaten, f\u00fcr beispiellose Einblicke in Kaufverhalten, Bestandsf\u00fchrung, Diebstahlschutz und betriebliche Effizienz. Einzelh\u00e4ndler sind in der Lage, Entscheidungen auf datenbasierte Analysen zu st\u00fctzen, um selbstbewusst in die Zukunft des Einzelhandels zu starten.<\/p>\n<p>#fastforwardretail<\/p>\n<p><strong>Kontakt: <\/strong><\/p>\n<p>Katarzyna Breczko<br \/>\nRetail Marketing Director, EMEA<br \/>\n<a href=\"&#x6d;&#97;&#x69;&#x6c;&#116;&#x6f;&#58;k&#x61;&#116;a&#x72;&#122;y&#x6e;&#97;&#46;&#x62;&#114;&#x65;&#x63;&#122;&#x6b;&#x6f;&#64;&#x6a;&#99;i&#x2e;&#99;o&#x6d;\">&#107;a&#x74;a&#x72;z&#x79;&#110;&#x61;&#46;&#x62;&#114;e&#x63;z&#x6b;o&#x40;&#106;&#x63;&#105;&#x2e;&#99;&#x6f;&#109;<\/a><br \/>\nTel.: +49 700 23 8000 30<\/p>\n<\/div><\/section><\/p><\/div>\n<style type=\"text\/css\" data-created_by=\"avia_inline_auto\" id=\"style-css-av-7pv81-b49a1e36663b2e8cca8dbc6d7f19f7c7\">\n.flex_column.av-7pv81-b49a1e36663b2e8cca8dbc6d7f19f7c7{\nborder-radius:0px 0px 0px 0px;\npadding:0px 0px 0px 0px;\n}\n<\/style>\n<div  class='flex_column av-7pv81-b49a1e36663b2e8cca8dbc6d7f19f7c7 av_one_third  avia-builder-el-3  el_after_av_two_third  avia-builder-el-last  flex_column_div av-zero-column-padding  '     ><style type=\"text\/css\" data-created_by=\"avia_inline_auto\" id=\"style-css-av-k7zan5qj-ab26afad86135bb421eb3e56bf28075b\">\n.avia-image-container.av-k7zan5qj-ab26afad86135bb421eb3e56bf28075b img.avia_image{\nbox-shadow:none;\n}\n.avia-image-container.av-k7zan5qj-ab26afad86135bb421eb3e56bf28075b .av-image-caption-overlay-center{\ncolor:#ffffff;\n}\n<\/style>\n<div  class='avia-image-container av-k7zan5qj-ab26afad86135bb421eb3e56bf28075b av-styling- av-img-linked avia-align-center  avia-builder-el-4  avia-builder-el-no-sibling '   itemprop=\"image\" itemscope=\"itemscope\" itemtype=\"https:\/\/schema.org\/ImageObject\" ><div class=\"avia-image-container-inner\"><div class=\"avia-image-overlay-wrap\"><a href=\"https:\/\/www.sensormatic.com\/de_de\/\" class='avia_image '  target=\"_blank\"  rel=\"noopener noreferrer\" aria-label='Sensormatic_WEB'><img decoding=\"async\" fetchpriority=\"high\" class='wp-image-4264 avia-img-lazy-loading-not-4264 avia_image ' src=\"https:\/\/dfvcg-events.de\/tw-strategy-summit\/wp-content\/uploads\/sites\/12\/2023\/09\/Sensormatic_WEB-1.png\" alt='' title='Sensormatic_WEB'  height=\"2068\" width=\"2756\"  itemprop=\"thumbnailUrl\"  \/><\/a><\/div><\/div><\/div><\/div><\/p>\n","protected":false},"excerpt":{"rendered":"","protected":false},"author":19,"featured_media":4264,"comment_status":"open","ping_status":"open","sticky":false,"template":"","format":"standard","meta":{"footnotes":""},"categories":[62],"tags":[],"class_list":["post-4245","post","type-post","status-publish","format-standard","has-post-thumbnail","hentry","category-aussteller-2023"],"yoast_head":"<!-- This site is optimized with the Yoast SEO plugin v27.4 - https:\/\/yoast.com\/product\/yoast-seo-wordpress\/ -->\n<title>Partner: Sensormatic | TW Strategy Summit<\/title>\n<meta name=\"description\" content=\"TW Strategy Summit | Partner: Sensormatic\" \/>\n<meta name=\"robots\" content=\"index, follow, max-snippet:-1, max-image-preview:large, max-video-preview:-1\" \/>\n<link rel=\"canonical\" href=\"https:\/\/dfvcg-events.de\/tw-strategy-summit\/sensormatic\/\" \/>\n<meta property=\"og:locale\" content=\"de_DE\" \/>\n<meta property=\"og:type\" content=\"article\" \/>\n<meta property=\"og:title\" content=\"Partner: Sensormatic | TW Strategy Summit\" \/>\n<meta property=\"og:description\" content=\"TW Strategy Summit | Partner: Sensormatic\" \/>\n<meta property=\"og:url\" content=\"https:\/\/dfvcg-events.de\/tw-strategy-summit\/sensormatic\/\" \/>\n<meta property=\"og:site_name\" content=\"TW Strategy Summit\" \/>\n<meta property=\"article:published_time\" content=\"2023-09-08T12:42:57+00:00\" \/>\n<meta property=\"article:modified_time\" content=\"2023-11-15T07:32:36+00:00\" \/>\n<meta property=\"og:image\" content=\"https:\/\/dfvcg-events.de\/tw-strategy-summit\/wp-content\/uploads\/sites\/12\/2023\/09\/Sensormatic_WEB-1.png\" \/>\n\t<meta property=\"og:image:width\" content=\"2756\" \/>\n\t<meta property=\"og:image:height\" content=\"2068\" \/>\n\t<meta property=\"og:image:type\" content=\"image\/png\" \/>\n<meta name=\"author\" content=\"chamayou\" \/>\n<meta name=\"twitter:card\" content=\"summary_large_image\" \/>\n<meta name=\"twitter:label1\" content=\"Geschrieben von\" \/>\n\t<meta name=\"twitter:data1\" content=\"chamayou\" \/>\n\t<meta name=\"twitter:label2\" content=\"Gesch\u00e4tzte Lesezeit\" \/>\n\t<meta name=\"twitter:data2\" content=\"3\u00a0Minuten\" \/>\n<script type=\"application\/ld+json\" class=\"yoast-schema-graph\">{\"@context\":\"https:\\\/\\\/schema.org\",\"@graph\":[{\"@type\":\"Article\",\"@id\":\"https:\\\/\\\/dfvcg-events.de\\\/tw-strategy-summit\\\/sensormatic\\\/#article\",\"isPartOf\":{\"@id\":\"https:\\\/\\\/dfvcg-events.de\\\/tw-strategy-summit\\\/sensormatic\\\/\"},\"author\":{\"name\":\"chamayou\",\"@id\":\"https:\\\/\\\/dfvcg-events.de\\\/tw-strategy-summit\\\/#\\\/schema\\\/person\\\/832ca89f27b1cb2945fbbf5e2b4edd61\"},\"headline\":\"Sensormatic\",\"datePublished\":\"2023-09-08T12:42:57+00:00\",\"dateModified\":\"2023-11-15T07:32:36+00:00\",\"mainEntityOfPage\":{\"@id\":\"https:\\\/\\\/dfvcg-events.de\\\/tw-strategy-summit\\\/sensormatic\\\/\"},\"wordCount\":745,\"commentCount\":0,\"publisher\":{\"@id\":\"https:\\\/\\\/dfvcg-events.de\\\/tw-strategy-summit\\\/#organization\"},\"image\":{\"@id\":\"https:\\\/\\\/dfvcg-events.de\\\/tw-strategy-summit\\\/sensormatic\\\/#primaryimage\"},\"thumbnailUrl\":\"https:\\\/\\\/dfvcg-events.de\\\/tw-strategy-summit\\\/wp-content\\\/uploads\\\/sites\\\/12\\\/2023\\\/09\\\/Sensormatic_WEB-1.png\",\"articleSection\":[\"Aussteller 2023\"],\"inLanguage\":\"de\",\"potentialAction\":[{\"@type\":\"CommentAction\",\"name\":\"Comment\",\"target\":[\"https:\\\/\\\/dfvcg-events.de\\\/tw-strategy-summit\\\/sensormatic\\\/#respond\"]}]},{\"@type\":\"WebPage\",\"@id\":\"https:\\\/\\\/dfvcg-events.de\\\/tw-strategy-summit\\\/sensormatic\\\/\",\"url\":\"https:\\\/\\\/dfvcg-events.de\\\/tw-strategy-summit\\\/sensormatic\\\/\",\"name\":\"Partner: Sensormatic | TW Strategy Summit\",\"isPartOf\":{\"@id\":\"https:\\\/\\\/dfvcg-events.de\\\/tw-strategy-summit\\\/#website\"},\"primaryImageOfPage\":{\"@id\":\"https:\\\/\\\/dfvcg-events.de\\\/tw-strategy-summit\\\/sensormatic\\\/#primaryimage\"},\"image\":{\"@id\":\"https:\\\/\\\/dfvcg-events.de\\\/tw-strategy-summit\\\/sensormatic\\\/#primaryimage\"},\"thumbnailUrl\":\"https:\\\/\\\/dfvcg-events.de\\\/tw-strategy-summit\\\/wp-content\\\/uploads\\\/sites\\\/12\\\/2023\\\/09\\\/Sensormatic_WEB-1.png\",\"datePublished\":\"2023-09-08T12:42:57+00:00\",\"dateModified\":\"2023-11-15T07:32:36+00:00\",\"description\":\"TW Strategy Summit | Partner: Sensormatic\",\"breadcrumb\":{\"@id\":\"https:\\\/\\\/dfvcg-events.de\\\/tw-strategy-summit\\\/sensormatic\\\/#breadcrumb\"},\"inLanguage\":\"de\",\"potentialAction\":[{\"@type\":\"ReadAction\",\"target\":[\"https:\\\/\\\/dfvcg-events.de\\\/tw-strategy-summit\\\/sensormatic\\\/\"]}]},{\"@type\":\"ImageObject\",\"inLanguage\":\"de\",\"@id\":\"https:\\\/\\\/dfvcg-events.de\\\/tw-strategy-summit\\\/sensormatic\\\/#primaryimage\",\"url\":\"https:\\\/\\\/dfvcg-events.de\\\/tw-strategy-summit\\\/wp-content\\\/uploads\\\/sites\\\/12\\\/2023\\\/09\\\/Sensormatic_WEB-1.png\",\"contentUrl\":\"https:\\\/\\\/dfvcg-events.de\\\/tw-strategy-summit\\\/wp-content\\\/uploads\\\/sites\\\/12\\\/2023\\\/09\\\/Sensormatic_WEB-1.png\",\"width\":2756,\"height\":2068},{\"@type\":\"BreadcrumbList\",\"@id\":\"https:\\\/\\\/dfvcg-events.de\\\/tw-strategy-summit\\\/sensormatic\\\/#breadcrumb\",\"itemListElement\":[{\"@type\":\"ListItem\",\"position\":1,\"name\":\"Startseite\",\"item\":\"https:\\\/\\\/dfvcg-events.de\\\/tw-strategy-summit\\\/\"},{\"@type\":\"ListItem\",\"position\":2,\"name\":\"Sensormatic\"}]},{\"@type\":\"WebSite\",\"@id\":\"https:\\\/\\\/dfvcg-events.de\\\/tw-strategy-summit\\\/#website\",\"url\":\"https:\\\/\\\/dfvcg-events.de\\\/tw-strategy-summit\\\/\",\"name\":\"TW SUMMIT\",\"description\":\"dfv Conference Group\",\"publisher\":{\"@id\":\"https:\\\/\\\/dfvcg-events.de\\\/tw-strategy-summit\\\/#organization\"},\"alternateName\":\"Der Strategie-Kongress der Fashion-Branche\",\"potentialAction\":[{\"@type\":\"SearchAction\",\"target\":{\"@type\":\"EntryPoint\",\"urlTemplate\":\"https:\\\/\\\/dfvcg-events.de\\\/tw-strategy-summit\\\/?s={search_term_string}\"},\"query-input\":{\"@type\":\"PropertyValueSpecification\",\"valueRequired\":true,\"valueName\":\"search_term_string\"}}],\"inLanguage\":\"de\"},{\"@type\":\"Organization\",\"@id\":\"https:\\\/\\\/dfvcg-events.de\\\/tw-strategy-summit\\\/#organization\",\"name\":\"TW SUMMIT\",\"alternateName\":\"Der Strategie-Kongress der Fashion-Branche\",\"url\":\"https:\\\/\\\/dfvcg-events.de\\\/tw-strategy-summit\\\/\",\"logo\":{\"@type\":\"ImageObject\",\"inLanguage\":\"de\",\"@id\":\"https:\\\/\\\/dfvcg-events.de\\\/tw-strategy-summit\\\/#\\\/schema\\\/logo\\\/image\\\/\",\"url\":\"https:\\\/\\\/dfvcg-events.de\\\/tw-summit\\\/wp-content\\\/uploads\\\/sites\\\/12\\\/2023\\\/03\\\/dfvcg_TWSummit23_Teaser_800x800.jpg\",\"contentUrl\":\"https:\\\/\\\/dfvcg-events.de\\\/tw-summit\\\/wp-content\\\/uploads\\\/sites\\\/12\\\/2023\\\/03\\\/dfvcg_TWSummit23_Teaser_800x800.jpg\",\"width\":800,\"height\":800,\"caption\":\"TW SUMMIT\"},\"image\":{\"@id\":\"https:\\\/\\\/dfvcg-events.de\\\/tw-strategy-summit\\\/#\\\/schema\\\/logo\\\/image\\\/\"}},{\"@type\":\"Person\",\"@id\":\"https:\\\/\\\/dfvcg-events.de\\\/tw-strategy-summit\\\/#\\\/schema\\\/person\\\/832ca89f27b1cb2945fbbf5e2b4edd61\",\"name\":\"chamayou\",\"url\":\"https:\\\/\\\/dfvcg-events.de\\\/tw-strategy-summit\\\/author\\\/chamayou\\\/\"}]}<\/script>\n<!-- \/ Yoast SEO plugin. -->","yoast_head_json":{"title":"Partner: Sensormatic | TW Strategy Summit","description":"TW Strategy Summit | Partner: Sensormatic","robots":{"index":"index","follow":"follow","max-snippet":"max-snippet:-1","max-image-preview":"max-image-preview:large","max-video-preview":"max-video-preview:-1"},"canonical":"https:\/\/dfvcg-events.de\/tw-strategy-summit\/sensormatic\/","og_locale":"de_DE","og_type":"article","og_title":"Partner: Sensormatic | TW Strategy Summit","og_description":"TW Strategy Summit | Partner: Sensormatic","og_url":"https:\/\/dfvcg-events.de\/tw-strategy-summit\/sensormatic\/","og_site_name":"TW Strategy Summit","article_published_time":"2023-09-08T12:42:57+00:00","article_modified_time":"2023-11-15T07:32:36+00:00","og_image":[{"width":2756,"height":2068,"url":"https:\/\/dfvcg-events.de\/tw-strategy-summit\/wp-content\/uploads\/sites\/12\/2023\/09\/Sensormatic_WEB-1.png","type":"image\/png"}],"author":"chamayou","twitter_card":"summary_large_image","twitter_misc":{"Geschrieben von":"chamayou","Gesch\u00e4tzte Lesezeit":"3\u00a0Minuten"},"schema":{"@context":"https:\/\/schema.org","@graph":[{"@type":"Article","@id":"https:\/\/dfvcg-events.de\/tw-strategy-summit\/sensormatic\/#article","isPartOf":{"@id":"https:\/\/dfvcg-events.de\/tw-strategy-summit\/sensormatic\/"},"author":{"name":"chamayou","@id":"https:\/\/dfvcg-events.de\/tw-strategy-summit\/#\/schema\/person\/832ca89f27b1cb2945fbbf5e2b4edd61"},"headline":"Sensormatic","datePublished":"2023-09-08T12:42:57+00:00","dateModified":"2023-11-15T07:32:36+00:00","mainEntityOfPage":{"@id":"https:\/\/dfvcg-events.de\/tw-strategy-summit\/sensormatic\/"},"wordCount":745,"commentCount":0,"publisher":{"@id":"https:\/\/dfvcg-events.de\/tw-strategy-summit\/#organization"},"image":{"@id":"https:\/\/dfvcg-events.de\/tw-strategy-summit\/sensormatic\/#primaryimage"},"thumbnailUrl":"https:\/\/dfvcg-events.de\/tw-strategy-summit\/wp-content\/uploads\/sites\/12\/2023\/09\/Sensormatic_WEB-1.png","articleSection":["Aussteller 2023"],"inLanguage":"de","potentialAction":[{"@type":"CommentAction","name":"Comment","target":["https:\/\/dfvcg-events.de\/tw-strategy-summit\/sensormatic\/#respond"]}]},{"@type":"WebPage","@id":"https:\/\/dfvcg-events.de\/tw-strategy-summit\/sensormatic\/","url":"https:\/\/dfvcg-events.de\/tw-strategy-summit\/sensormatic\/","name":"Partner: Sensormatic | TW Strategy Summit","isPartOf":{"@id":"https:\/\/dfvcg-events.de\/tw-strategy-summit\/#website"},"primaryImageOfPage":{"@id":"https:\/\/dfvcg-events.de\/tw-strategy-summit\/sensormatic\/#primaryimage"},"image":{"@id":"https:\/\/dfvcg-events.de\/tw-strategy-summit\/sensormatic\/#primaryimage"},"thumbnailUrl":"https:\/\/dfvcg-events.de\/tw-strategy-summit\/wp-content\/uploads\/sites\/12\/2023\/09\/Sensormatic_WEB-1.png","datePublished":"2023-09-08T12:42:57+00:00","dateModified":"2023-11-15T07:32:36+00:00","description":"TW Strategy Summit | Partner: Sensormatic","breadcrumb":{"@id":"https:\/\/dfvcg-events.de\/tw-strategy-summit\/sensormatic\/#breadcrumb"},"inLanguage":"de","potentialAction":[{"@type":"ReadAction","target":["https:\/\/dfvcg-events.de\/tw-strategy-summit\/sensormatic\/"]}]},{"@type":"ImageObject","inLanguage":"de","@id":"https:\/\/dfvcg-events.de\/tw-strategy-summit\/sensormatic\/#primaryimage","url":"https:\/\/dfvcg-events.de\/tw-strategy-summit\/wp-content\/uploads\/sites\/12\/2023\/09\/Sensormatic_WEB-1.png","contentUrl":"https:\/\/dfvcg-events.de\/tw-strategy-summit\/wp-content\/uploads\/sites\/12\/2023\/09\/Sensormatic_WEB-1.png","width":2756,"height":2068},{"@type":"BreadcrumbList","@id":"https:\/\/dfvcg-events.de\/tw-strategy-summit\/sensormatic\/#breadcrumb","itemListElement":[{"@type":"ListItem","position":1,"name":"Startseite","item":"https:\/\/dfvcg-events.de\/tw-strategy-summit\/"},{"@type":"ListItem","position":2,"name":"Sensormatic"}]},{"@type":"WebSite","@id":"https:\/\/dfvcg-events.de\/tw-strategy-summit\/#website","url":"https:\/\/dfvcg-events.de\/tw-strategy-summit\/","name":"TW SUMMIT","description":"dfv Conference Group","publisher":{"@id":"https:\/\/dfvcg-events.de\/tw-strategy-summit\/#organization"},"alternateName":"Der Strategie-Kongress der Fashion-Branche","potentialAction":[{"@type":"SearchAction","target":{"@type":"EntryPoint","urlTemplate":"https:\/\/dfvcg-events.de\/tw-strategy-summit\/?s={search_term_string}"},"query-input":{"@type":"PropertyValueSpecification","valueRequired":true,"valueName":"search_term_string"}}],"inLanguage":"de"},{"@type":"Organization","@id":"https:\/\/dfvcg-events.de\/tw-strategy-summit\/#organization","name":"TW SUMMIT","alternateName":"Der Strategie-Kongress der Fashion-Branche","url":"https:\/\/dfvcg-events.de\/tw-strategy-summit\/","logo":{"@type":"ImageObject","inLanguage":"de","@id":"https:\/\/dfvcg-events.de\/tw-strategy-summit\/#\/schema\/logo\/image\/","url":"https:\/\/dfvcg-events.de\/tw-summit\/wp-content\/uploads\/sites\/12\/2023\/03\/dfvcg_TWSummit23_Teaser_800x800.jpg","contentUrl":"https:\/\/dfvcg-events.de\/tw-summit\/wp-content\/uploads\/sites\/12\/2023\/03\/dfvcg_TWSummit23_Teaser_800x800.jpg","width":800,"height":800,"caption":"TW SUMMIT"},"image":{"@id":"https:\/\/dfvcg-events.de\/tw-strategy-summit\/#\/schema\/logo\/image\/"}},{"@type":"Person","@id":"https:\/\/dfvcg-events.de\/tw-strategy-summit\/#\/schema\/person\/832ca89f27b1cb2945fbbf5e2b4edd61","name":"chamayou","url":"https:\/\/dfvcg-events.de\/tw-strategy-summit\/author\/chamayou\/"}]}},"_links":{"self":[{"href":"https:\/\/dfvcg-events.de\/tw-strategy-summit\/wp-json\/wp\/v2\/posts\/4245","targetHints":{"allow":["GET"]}}],"collection":[{"href":"https:\/\/dfvcg-events.de\/tw-strategy-summit\/wp-json\/wp\/v2\/posts"}],"about":[{"href":"https:\/\/dfvcg-events.de\/tw-strategy-summit\/wp-json\/wp\/v2\/types\/post"}],"author":[{"embeddable":true,"href":"https:\/\/dfvcg-events.de\/tw-strategy-summit\/wp-json\/wp\/v2\/users\/19"}],"replies":[{"embeddable":true,"href":"https:\/\/dfvcg-events.de\/tw-strategy-summit\/wp-json\/wp\/v2\/comments?post=4245"}],"version-history":[{"count":0,"href":"https:\/\/dfvcg-events.de\/tw-strategy-summit\/wp-json\/wp\/v2\/posts\/4245\/revisions"}],"wp:featuredmedia":[{"embeddable":true,"href":"https:\/\/dfvcg-events.de\/tw-strategy-summit\/wp-json\/wp\/v2\/media\/4264"}],"wp:attachment":[{"href":"https:\/\/dfvcg-events.de\/tw-strategy-summit\/wp-json\/wp\/v2\/media?parent=4245"}],"wp:term":[{"taxonomy":"category","embeddable":true,"href":"https:\/\/dfvcg-events.de\/tw-strategy-summit\/wp-json\/wp\/v2\/categories?post=4245"},{"taxonomy":"post_tag","embeddable":true,"href":"https:\/\/dfvcg-events.de\/tw-strategy-summit\/wp-json\/wp\/v2\/tags?post=4245"}],"curies":[{"name":"wp","href":"https:\/\/api.w.org\/{rel}","templated":true}]}}