{"id":1310,"date":"2020-08-24T17:14:30","date_gmt":"2020-08-24T15:14:30","guid":{"rendered":"https:\/\/dfvcg-events.de\/deutscher-modehandels-kongress\/?p=1310"},"modified":"2024-06-06T11:46:06","modified_gmt":"2024-06-06T09:46:06","slug":"landeshauptstadt-duesseldorf","status":"publish","type":"post","link":"https:\/\/dfvcg-events.de\/tw-strategy-summit\/landeshauptstadt-duesseldorf\/","title":{"rendered":"Landeshauptstadt D\u00fcsseldorf"},"content":{"rendered":"\n<style type=\"text\/css\" data-created_by=\"avia_inline_auto\" id=\"style-css-av-gjtzd-7150dd3f0da45e9aef1f50897828e0f5\">\n.flex_column.av-gjtzd-7150dd3f0da45e9aef1f50897828e0f5{\nborder-radius:0px 0px 0px 0px;\npadding:0px 0px 0px 0px;\n}\n<\/style>\n<div  class='flex_column av-gjtzd-7150dd3f0da45e9aef1f50897828e0f5 av_two_third  avia-builder-el-0  el_before_av_one_third  avia-builder-el-first  first flex_column_div av-zero-column-padding  '     ><p>\n<style type=\"text\/css\" data-created_by=\"avia_inline_auto\" id=\"style-css-av-38xci6-4eebf8c756d9785d89215029e1bb2d7b\">\n#top .av-special-heading.av-38xci6-4eebf8c756d9785d89215029e1bb2d7b{\npadding-bottom:10px;\n}\nbody .av-special-heading.av-38xci6-4eebf8c756d9785d89215029e1bb2d7b .av-special-heading-tag .heading-char{\nfont-size:25px;\n}\n.av-special-heading.av-38xci6-4eebf8c756d9785d89215029e1bb2d7b .av-subheading{\nfont-size:15px;\n}\n<\/style>\n<div  class='av-special-heading av-38xci6-4eebf8c756d9785d89215029e1bb2d7b av-special-heading-h2 blockquote modern-quote  avia-builder-el-1  el_before_av_textblock  avia-builder-el-first '><h2 class='av-special-heading-tag '  itemprop=\"headline\"  >Landeshauptstadt D\u00fcsseldorf<\/h2><div class=\"special-heading-border\"><div class=\"special-heading-inner-border\"><\/div><\/div><\/div><br \/>\n<section  class='av_textblock_section av-k7zalzjs-dc760954bf3f02b3badd0e6d2cd18c56 '   itemscope=\"itemscope\" itemtype=\"https:\/\/schema.org\/BlogPosting\" itemprop=\"blogPost\" ><div class='avia_textblock'  itemprop=\"text\" ><p><strong>Wirtschaftsf\u00f6rderung D\u00fcsseldorf \u2013 Ihr Erfolg im Fokus<\/strong><\/p>\n<p>Die Wirtschaftsf\u00f6rderung ist f\u00fcr alle Unternehmen die zentrale Anlaufstelle, egal ob Unterst\u00fctzung ausl\u00e4ndischer Unternehmen bei aufenthaltsrechtlichen Angelegenheiten oder Verlagerung eines Gewerbebetriebes innerhalb des Stadtgebietes. Von der Gr\u00fcndung \u00fcber die Expansion bis zur Frage der Unternehmensnachfolge \u2013 in allen Unternehmensphasen helfen Ihnen unsere erfahrenen Fachleute bei den n\u00e4chsten Schritten.<\/p>\n<\/div><\/section><br \/>\n<section  class='av_textblock_section av-lx32o0u7-56baef2731e4f61b9e15d429e1c1ef31 '   itemscope=\"itemscope\" itemtype=\"https:\/\/schema.org\/BlogPosting\" itemprop=\"blogPost\" ><div class='av-desktop-hide av-medium-hide av-small-hide av-mini-hide avia_textblock'  itemprop=\"text\" ><p><strong>Wirtschaftsf\u00f6rderung D\u00fcsseldorf \u2013 Ihr Erfolg im Fokus<\/strong><\/p>\n<p>Die Wirtschaftsf\u00f6rderung ist f\u00fcr alle Unternehmen die zentrale Anlaufstelle, egal ob Unterst\u00fctzung ausl\u00e4ndischer Unternehmen bei aufenthaltsrechtlichen Angelegenheiten oder Verlagerung eines Gewerbebetriebes innerhalb des Stadtgebietes. Von der Gr\u00fcndung \u00fcber die Expansion bis zur Frage der Unternehmensnachfolge \u2013 in allen Unternehmensphasen helfen Ihnen unsere erfahrenen Fachleute bei den n\u00e4chsten Schritten.<\/p>\n<p><strong>Kontakt:<\/strong><\/p>\n<p>Wirtschaftsf\u00f6rderung<br \/>\nLandeshauptstadt D\u00fcsseldorf<br \/>\nBurgplatz 1<br \/>\n40213 D\u00fcsseldorf<\/p>\n<p>Telefon: +49 211 89-23155<br \/>\nE-Mail: <a href=\"&#x6d;&#97;&#105;&#x6c;&#x74;&#111;&#58;&#x62;&#x75;&#115;&#105;&#x6e;&#x65;&#115;&#115;&#x40;&#x64;&#117;&#101;&#x73;&#x73;&#101;&#108;&#x64;&#x6f;&#114;&#102;&#x2e;&#x64;&#101;\">&#98;&#x75;s&#105;&#x6e;&#101;&#x73;s&#64;&#x64;u&#x65;&#x73;&#115;&#x65;l&#100;&#x6f;r&#x66;&#x2e;&#100;&#x65;<\/a><br \/>\nWebseite: <a href=\"http:\/\/www.duesseldorf.de\" target=\"_blank\" rel=\"noopener\">www.duesseldorf.de<\/a><\/p>\n<\/div><\/section><br \/>\n<section  class='av_textblock_section av-lo8ig6lw-039befcee5ec5c31fd1c7f8e1685b41e '   itemscope=\"itemscope\" itemtype=\"https:\/\/schema.org\/BlogPosting\" itemprop=\"blogPost\" ><div class='av-desktop-hide av-medium-hide av-small-hide av-mini-hide avia_textblock'  itemprop=\"text\" ><p>F\u00fcr Newcomer aus dem In- und Ausland, f\u00fcr etablierte Corporates, Mittelst\u00e4ndler, und Startups: Die Wirtschaftsf\u00f6rderung ist der \u201efirst point of contact\u201c und unterst\u00fctzt beim erfolgreichen Business in der Landeshauptstadt D\u00fcsseldorf. Wir helfen bei der Wahl der richtigen Immobilien, begleiten im Rahmen von Genehmigungsverfahren und helfen bei aufenthaltsrechtlichen Angelegenheiten. In der Rolle des Vermittlers und Netzwerkers zwischen Verwaltung, Wirtschaft und Wissenschaft f\u00f6rdern wir Innovationen und schaffen Experimentierr\u00e4ume.<\/p>\n<p><strong>Kontakt:<\/strong><\/p>\n<p>Wirtschaftsf\u00f6rderung<br \/>\nLandeshauptstadt D\u00fcsseldorf<br \/>\nBurgplatz 1<br \/>\n40213 D\u00fcsseldorf<\/p>\n<p>Telefon: +49 211 89-23155<br \/>\nE-Mail: <a href=\"&#109;&#x61;&#x69;l&#116;&#x6f;&#x3a;b&#117;&#x73;i&#110;&#x65;&#x73;s&#64;&#x64;u&#101;&#x73;&#x73;e&#108;&#x64;&#x6f;&#114;&#x66;&#x2e;d&#101;\">&#x62;&#x75;&#x73;&#x69;&#x6e;&#x65;&#x73;&#x73;&#64;&#100;&#117;&#101;&#115;&#115;&#101;ldor&#x66;&#x2e;&#x64;&#x65;<\/a><br \/>\nWebseite: <a href=\"http:\/\/www.duesseldorf.de\" target=\"_blank\" rel=\"noopener\">www.duesseldorf.de<\/a><\/p>\n<\/div><\/section><\/p><\/div>\n<style type=\"text\/css\" data-created_by=\"avia_inline_auto\" id=\"style-css-av-7pv81-b49a1e36663b2e8cca8dbc6d7f19f7c7\">\n.flex_column.av-7pv81-b49a1e36663b2e8cca8dbc6d7f19f7c7{\nborder-radius:0px 0px 0px 0px;\npadding:0px 0px 0px 0px;\n}\n<\/style>\n<div  class='flex_column av-7pv81-b49a1e36663b2e8cca8dbc6d7f19f7c7 av_one_third  avia-builder-el-5  el_after_av_two_third  avia-builder-el-last  flex_column_div av-zero-column-padding  '     ><style type=\"text\/css\" data-created_by=\"avia_inline_auto\" id=\"style-css-av-k7zan5qj-550a0c0c18c9c95c47b6d598c3e25ce9\">\n.avia-image-container.av-k7zan5qj-550a0c0c18c9c95c47b6d598c3e25ce9 img.avia_image{\nbox-shadow:none;\n}\n.avia-image-container.av-k7zan5qj-550a0c0c18c9c95c47b6d598c3e25ce9 .av-image-caption-overlay-center{\ncolor:#ffffff;\n}\n<\/style>\n<div  class='avia-image-container av-k7zan5qj-550a0c0c18c9c95c47b6d598c3e25ce9 av-styling- av-img-linked avia-align-center  avia-builder-el-6  avia-builder-el-no-sibling '   itemprop=\"image\" itemscope=\"itemscope\" itemtype=\"https:\/\/schema.org\/ImageObject\" ><div class=\"avia-image-container-inner\"><div class=\"avia-image-overlay-wrap\"><a href=\"https:\/\/www.duesseldorf.de\/wirtschaftsfoerderung\/\" class='avia_image '  target=\"_blank\"  rel=\"noopener noreferrer\" aria-label='L_LHD+Wirtschaft_de_WEB'><img decoding=\"async\" fetchpriority=\"high\" class='wp-image-3849 avia-img-lazy-loading-not-3849 avia_image ' src=\"https:\/\/dfvcg-events.de\/tw-strategy-summit\/wp-content\/uploads\/sites\/12\/2023\/04\/L_LHDWirtschaft_de_WEB.png\" alt='' title='L_LHD+Wirtschaft_de_WEB'  height=\"2068\" width=\"2756\"  itemprop=\"thumbnailUrl\"  \/><\/a><\/div><\/div><\/div><\/div><\/p>\n","protected":false},"excerpt":{"rendered":"","protected":false},"author":6,"featured_media":3849,"comment_status":"open","ping_status":"open","sticky":false,"template":"","format":"standard","meta":{"footnotes":""},"categories":[39],"tags":[],"class_list":["post-1310","post","type-post","status-publish","format-standard","has-post-thumbnail","hentry","category-powered-by"],"yoast_head":"<!-- This site is optimized with the Yoast SEO plugin v27.4 - https:\/\/yoast.com\/product\/yoast-seo-wordpress\/ -->\n<title>Partner: Landeshauptstadt D\u00fcsseldorf | TW Strategy Summit<\/title>\n<meta name=\"description\" content=\"TW Strategy Summit | Partner: Landeshauptstadt D\u00fcsseldorf\" \/>\n<meta name=\"robots\" content=\"index, follow, max-snippet:-1, max-image-preview:large, max-video-preview:-1\" \/>\n<link rel=\"canonical\" href=\"https:\/\/dfvcg-events.de\/tw-strategy-summit\/landeshauptstadt-duesseldorf\/\" \/>\n<meta property=\"og:locale\" content=\"de_DE\" \/>\n<meta property=\"og:type\" content=\"article\" \/>\n<meta property=\"og:title\" content=\"Partner: Landeshauptstadt D\u00fcsseldorf | TW Strategy Summit\" \/>\n<meta property=\"og:description\" content=\"TW Strategy Summit | Partner: Landeshauptstadt D\u00fcsseldorf\" \/>\n<meta property=\"og:url\" content=\"https:\/\/dfvcg-events.de\/tw-strategy-summit\/landeshauptstadt-duesseldorf\/\" \/>\n<meta property=\"og:site_name\" content=\"TW Strategy Summit\" \/>\n<meta property=\"article:published_time\" content=\"2020-08-24T15:14:30+00:00\" \/>\n<meta property=\"article:modified_time\" content=\"2024-06-06T09:46:06+00:00\" \/>\n<meta property=\"og:image\" content=\"https:\/\/dfvcg-events.de\/tw-strategy-summit\/wp-content\/uploads\/sites\/12\/2023\/04\/L_LHDWirtschaft_de_WEB.png\" \/>\n\t<meta property=\"og:image:width\" content=\"2756\" \/>\n\t<meta property=\"og:image:height\" content=\"2068\" \/>\n\t<meta property=\"og:image:type\" content=\"image\/png\" \/>\n<meta name=\"author\" content=\"kuss\" \/>\n<meta name=\"twitter:card\" content=\"summary_large_image\" \/>\n<meta name=\"twitter:label1\" content=\"Geschrieben von\" \/>\n\t<meta name=\"twitter:data1\" content=\"kuss\" \/>\n\t<meta name=\"twitter:label2\" content=\"Gesch\u00e4tzte Lesezeit\" \/>\n\t<meta name=\"twitter:data2\" content=\"2\u00a0Minuten\" \/>\n<script type=\"application\/ld+json\" class=\"yoast-schema-graph\">{\"@context\":\"https:\\\/\\\/schema.org\",\"@graph\":[{\"@type\":\"Article\",\"@id\":\"https:\\\/\\\/dfvcg-events.de\\\/tw-strategy-summit\\\/landeshauptstadt-duesseldorf\\\/#article\",\"isPartOf\":{\"@id\":\"https:\\\/\\\/dfvcg-events.de\\\/tw-strategy-summit\\\/landeshauptstadt-duesseldorf\\\/\"},\"author\":{\"name\":\"kuss\",\"@id\":\"https:\\\/\\\/dfvcg-events.de\\\/tw-strategy-summit\\\/#\\\/schema\\\/person\\\/d9cdf1601c1a164b87149ff6ab6da4fe\"},\"headline\":\"Landeshauptstadt D\u00fcsseldorf\",\"datePublished\":\"2020-08-24T15:14:30+00:00\",\"dateModified\":\"2024-06-06T09:46:06+00:00\",\"mainEntityOfPage\":{\"@id\":\"https:\\\/\\\/dfvcg-events.de\\\/tw-strategy-summit\\\/landeshauptstadt-duesseldorf\\\/\"},\"wordCount\":1003,\"commentCount\":0,\"publisher\":{\"@id\":\"https:\\\/\\\/dfvcg-events.de\\\/tw-strategy-summit\\\/#organization\"},\"image\":{\"@id\":\"https:\\\/\\\/dfvcg-events.de\\\/tw-strategy-summit\\\/landeshauptstadt-duesseldorf\\\/#primaryimage\"},\"thumbnailUrl\":\"https:\\\/\\\/dfvcg-events.de\\\/tw-strategy-summit\\\/wp-content\\\/uploads\\\/sites\\\/12\\\/2023\\\/04\\\/L_LHDWirtschaft_de_WEB.png\",\"articleSection\":[\"Powered by\"],\"inLanguage\":\"de\",\"potentialAction\":[{\"@type\":\"CommentAction\",\"name\":\"Comment\",\"target\":[\"https:\\\/\\\/dfvcg-events.de\\\/tw-strategy-summit\\\/landeshauptstadt-duesseldorf\\\/#respond\"]}]},{\"@type\":\"WebPage\",\"@id\":\"https:\\\/\\\/dfvcg-events.de\\\/tw-strategy-summit\\\/landeshauptstadt-duesseldorf\\\/\",\"url\":\"https:\\\/\\\/dfvcg-events.de\\\/tw-strategy-summit\\\/landeshauptstadt-duesseldorf\\\/\",\"name\":\"Partner: Landeshauptstadt D\u00fcsseldorf | TW Strategy Summit\",\"isPartOf\":{\"@id\":\"https:\\\/\\\/dfvcg-events.de\\\/tw-strategy-summit\\\/#website\"},\"primaryImageOfPage\":{\"@id\":\"https:\\\/\\\/dfvcg-events.de\\\/tw-strategy-summit\\\/landeshauptstadt-duesseldorf\\\/#primaryimage\"},\"image\":{\"@id\":\"https:\\\/\\\/dfvcg-events.de\\\/tw-strategy-summit\\\/landeshauptstadt-duesseldorf\\\/#primaryimage\"},\"thumbnailUrl\":\"https:\\\/\\\/dfvcg-events.de\\\/tw-strategy-summit\\\/wp-content\\\/uploads\\\/sites\\\/12\\\/2023\\\/04\\\/L_LHDWirtschaft_de_WEB.png\",\"datePublished\":\"2020-08-24T15:14:30+00:00\",\"dateModified\":\"2024-06-06T09:46:06+00:00\",\"description\":\"TW Strategy Summit | Partner: Landeshauptstadt D\u00fcsseldorf\",\"breadcrumb\":{\"@id\":\"https:\\\/\\\/dfvcg-events.de\\\/tw-strategy-summit\\\/landeshauptstadt-duesseldorf\\\/#breadcrumb\"},\"inLanguage\":\"de\",\"potentialAction\":[{\"@type\":\"ReadAction\",\"target\":[\"https:\\\/\\\/dfvcg-events.de\\\/tw-strategy-summit\\\/landeshauptstadt-duesseldorf\\\/\"]}]},{\"@type\":\"ImageObject\",\"inLanguage\":\"de\",\"@id\":\"https:\\\/\\\/dfvcg-events.de\\\/tw-strategy-summit\\\/landeshauptstadt-duesseldorf\\\/#primaryimage\",\"url\":\"https:\\\/\\\/dfvcg-events.de\\\/tw-strategy-summit\\\/wp-content\\\/uploads\\\/sites\\\/12\\\/2023\\\/04\\\/L_LHDWirtschaft_de_WEB.png\",\"contentUrl\":\"https:\\\/\\\/dfvcg-events.de\\\/tw-strategy-summit\\\/wp-content\\\/uploads\\\/sites\\\/12\\\/2023\\\/04\\\/L_LHDWirtschaft_de_WEB.png\",\"width\":2756,\"height\":2068},{\"@type\":\"BreadcrumbList\",\"@id\":\"https:\\\/\\\/dfvcg-events.de\\\/tw-strategy-summit\\\/landeshauptstadt-duesseldorf\\\/#breadcrumb\",\"itemListElement\":[{\"@type\":\"ListItem\",\"position\":1,\"name\":\"Startseite\",\"item\":\"https:\\\/\\\/dfvcg-events.de\\\/tw-strategy-summit\\\/\"},{\"@type\":\"ListItem\",\"position\":2,\"name\":\"Landeshauptstadt D\u00fcsseldorf\"}]},{\"@type\":\"WebSite\",\"@id\":\"https:\\\/\\\/dfvcg-events.de\\\/tw-strategy-summit\\\/#website\",\"url\":\"https:\\\/\\\/dfvcg-events.de\\\/tw-strategy-summit\\\/\",\"name\":\"TW SUMMIT\",\"description\":\"dfv Conference Group\",\"publisher\":{\"@id\":\"https:\\\/\\\/dfvcg-events.de\\\/tw-strategy-summit\\\/#organization\"},\"alternateName\":\"Der Strategie-Kongress der Fashion-Branche\",\"potentialAction\":[{\"@type\":\"SearchAction\",\"target\":{\"@type\":\"EntryPoint\",\"urlTemplate\":\"https:\\\/\\\/dfvcg-events.de\\\/tw-strategy-summit\\\/?s={search_term_string}\"},\"query-input\":{\"@type\":\"PropertyValueSpecification\",\"valueRequired\":true,\"valueName\":\"search_term_string\"}}],\"inLanguage\":\"de\"},{\"@type\":\"Organization\",\"@id\":\"https:\\\/\\\/dfvcg-events.de\\\/tw-strategy-summit\\\/#organization\",\"name\":\"TW SUMMIT\",\"alternateName\":\"Der Strategie-Kongress der Fashion-Branche\",\"url\":\"https:\\\/\\\/dfvcg-events.de\\\/tw-strategy-summit\\\/\",\"logo\":{\"@type\":\"ImageObject\",\"inLanguage\":\"de\",\"@id\":\"https:\\\/\\\/dfvcg-events.de\\\/tw-strategy-summit\\\/#\\\/schema\\\/logo\\\/image\\\/\",\"url\":\"https:\\\/\\\/dfvcg-events.de\\\/tw-summit\\\/wp-content\\\/uploads\\\/sites\\\/12\\\/2023\\\/03\\\/dfvcg_TWSummit23_Teaser_800x800.jpg\",\"contentUrl\":\"https:\\\/\\\/dfvcg-events.de\\\/tw-summit\\\/wp-content\\\/uploads\\\/sites\\\/12\\\/2023\\\/03\\\/dfvcg_TWSummit23_Teaser_800x800.jpg\",\"width\":800,\"height\":800,\"caption\":\"TW SUMMIT\"},\"image\":{\"@id\":\"https:\\\/\\\/dfvcg-events.de\\\/tw-strategy-summit\\\/#\\\/schema\\\/logo\\\/image\\\/\"}},{\"@type\":\"Person\",\"@id\":\"https:\\\/\\\/dfvcg-events.de\\\/tw-strategy-summit\\\/#\\\/schema\\\/person\\\/d9cdf1601c1a164b87149ff6ab6da4fe\",\"name\":\"kuss\",\"url\":\"https:\\\/\\\/dfvcg-events.de\\\/tw-strategy-summit\\\/author\\\/kuss\\\/\"}]}<\/script>\n<!-- \/ Yoast SEO plugin. -->","yoast_head_json":{"title":"Partner: Landeshauptstadt D\u00fcsseldorf | TW Strategy Summit","description":"TW Strategy Summit | Partner: Landeshauptstadt D\u00fcsseldorf","robots":{"index":"index","follow":"follow","max-snippet":"max-snippet:-1","max-image-preview":"max-image-preview:large","max-video-preview":"max-video-preview:-1"},"canonical":"https:\/\/dfvcg-events.de\/tw-strategy-summit\/landeshauptstadt-duesseldorf\/","og_locale":"de_DE","og_type":"article","og_title":"Partner: Landeshauptstadt D\u00fcsseldorf | TW Strategy Summit","og_description":"TW Strategy Summit | Partner: Landeshauptstadt D\u00fcsseldorf","og_url":"https:\/\/dfvcg-events.de\/tw-strategy-summit\/landeshauptstadt-duesseldorf\/","og_site_name":"TW Strategy Summit","article_published_time":"2020-08-24T15:14:30+00:00","article_modified_time":"2024-06-06T09:46:06+00:00","og_image":[{"width":2756,"height":2068,"url":"https:\/\/dfvcg-events.de\/tw-strategy-summit\/wp-content\/uploads\/sites\/12\/2023\/04\/L_LHDWirtschaft_de_WEB.png","type":"image\/png"}],"author":"kuss","twitter_card":"summary_large_image","twitter_misc":{"Geschrieben von":"kuss","Gesch\u00e4tzte Lesezeit":"2\u00a0Minuten"},"schema":{"@context":"https:\/\/schema.org","@graph":[{"@type":"Article","@id":"https:\/\/dfvcg-events.de\/tw-strategy-summit\/landeshauptstadt-duesseldorf\/#article","isPartOf":{"@id":"https:\/\/dfvcg-events.de\/tw-strategy-summit\/landeshauptstadt-duesseldorf\/"},"author":{"name":"kuss","@id":"https:\/\/dfvcg-events.de\/tw-strategy-summit\/#\/schema\/person\/d9cdf1601c1a164b87149ff6ab6da4fe"},"headline":"Landeshauptstadt D\u00fcsseldorf","datePublished":"2020-08-24T15:14:30+00:00","dateModified":"2024-06-06T09:46:06+00:00","mainEntityOfPage":{"@id":"https:\/\/dfvcg-events.de\/tw-strategy-summit\/landeshauptstadt-duesseldorf\/"},"wordCount":1003,"commentCount":0,"publisher":{"@id":"https:\/\/dfvcg-events.de\/tw-strategy-summit\/#organization"},"image":{"@id":"https:\/\/dfvcg-events.de\/tw-strategy-summit\/landeshauptstadt-duesseldorf\/#primaryimage"},"thumbnailUrl":"https:\/\/dfvcg-events.de\/tw-strategy-summit\/wp-content\/uploads\/sites\/12\/2023\/04\/L_LHDWirtschaft_de_WEB.png","articleSection":["Powered by"],"inLanguage":"de","potentialAction":[{"@type":"CommentAction","name":"Comment","target":["https:\/\/dfvcg-events.de\/tw-strategy-summit\/landeshauptstadt-duesseldorf\/#respond"]}]},{"@type":"WebPage","@id":"https:\/\/dfvcg-events.de\/tw-strategy-summit\/landeshauptstadt-duesseldorf\/","url":"https:\/\/dfvcg-events.de\/tw-strategy-summit\/landeshauptstadt-duesseldorf\/","name":"Partner: Landeshauptstadt D\u00fcsseldorf | TW Strategy Summit","isPartOf":{"@id":"https:\/\/dfvcg-events.de\/tw-strategy-summit\/#website"},"primaryImageOfPage":{"@id":"https:\/\/dfvcg-events.de\/tw-strategy-summit\/landeshauptstadt-duesseldorf\/#primaryimage"},"image":{"@id":"https:\/\/dfvcg-events.de\/tw-strategy-summit\/landeshauptstadt-duesseldorf\/#primaryimage"},"thumbnailUrl":"https:\/\/dfvcg-events.de\/tw-strategy-summit\/wp-content\/uploads\/sites\/12\/2023\/04\/L_LHDWirtschaft_de_WEB.png","datePublished":"2020-08-24T15:14:30+00:00","dateModified":"2024-06-06T09:46:06+00:00","description":"TW Strategy Summit | Partner: Landeshauptstadt D\u00fcsseldorf","breadcrumb":{"@id":"https:\/\/dfvcg-events.de\/tw-strategy-summit\/landeshauptstadt-duesseldorf\/#breadcrumb"},"inLanguage":"de","potentialAction":[{"@type":"ReadAction","target":["https:\/\/dfvcg-events.de\/tw-strategy-summit\/landeshauptstadt-duesseldorf\/"]}]},{"@type":"ImageObject","inLanguage":"de","@id":"https:\/\/dfvcg-events.de\/tw-strategy-summit\/landeshauptstadt-duesseldorf\/#primaryimage","url":"https:\/\/dfvcg-events.de\/tw-strategy-summit\/wp-content\/uploads\/sites\/12\/2023\/04\/L_LHDWirtschaft_de_WEB.png","contentUrl":"https:\/\/dfvcg-events.de\/tw-strategy-summit\/wp-content\/uploads\/sites\/12\/2023\/04\/L_LHDWirtschaft_de_WEB.png","width":2756,"height":2068},{"@type":"BreadcrumbList","@id":"https:\/\/dfvcg-events.de\/tw-strategy-summit\/landeshauptstadt-duesseldorf\/#breadcrumb","itemListElement":[{"@type":"ListItem","position":1,"name":"Startseite","item":"https:\/\/dfvcg-events.de\/tw-strategy-summit\/"},{"@type":"ListItem","position":2,"name":"Landeshauptstadt D\u00fcsseldorf"}]},{"@type":"WebSite","@id":"https:\/\/dfvcg-events.de\/tw-strategy-summit\/#website","url":"https:\/\/dfvcg-events.de\/tw-strategy-summit\/","name":"TW SUMMIT","description":"dfv Conference Group","publisher":{"@id":"https:\/\/dfvcg-events.de\/tw-strategy-summit\/#organization"},"alternateName":"Der Strategie-Kongress der Fashion-Branche","potentialAction":[{"@type":"SearchAction","target":{"@type":"EntryPoint","urlTemplate":"https:\/\/dfvcg-events.de\/tw-strategy-summit\/?s={search_term_string}"},"query-input":{"@type":"PropertyValueSpecification","valueRequired":true,"valueName":"search_term_string"}}],"inLanguage":"de"},{"@type":"Organization","@id":"https:\/\/dfvcg-events.de\/tw-strategy-summit\/#organization","name":"TW SUMMIT","alternateName":"Der Strategie-Kongress der Fashion-Branche","url":"https:\/\/dfvcg-events.de\/tw-strategy-summit\/","logo":{"@type":"ImageObject","inLanguage":"de","@id":"https:\/\/dfvcg-events.de\/tw-strategy-summit\/#\/schema\/logo\/image\/","url":"https:\/\/dfvcg-events.de\/tw-summit\/wp-content\/uploads\/sites\/12\/2023\/03\/dfvcg_TWSummit23_Teaser_800x800.jpg","contentUrl":"https:\/\/dfvcg-events.de\/tw-summit\/wp-content\/uploads\/sites\/12\/2023\/03\/dfvcg_TWSummit23_Teaser_800x800.jpg","width":800,"height":800,"caption":"TW SUMMIT"},"image":{"@id":"https:\/\/dfvcg-events.de\/tw-strategy-summit\/#\/schema\/logo\/image\/"}},{"@type":"Person","@id":"https:\/\/dfvcg-events.de\/tw-strategy-summit\/#\/schema\/person\/d9cdf1601c1a164b87149ff6ab6da4fe","name":"kuss","url":"https:\/\/dfvcg-events.de\/tw-strategy-summit\/author\/kuss\/"}]}},"_links":{"self":[{"href":"https:\/\/dfvcg-events.de\/tw-strategy-summit\/wp-json\/wp\/v2\/posts\/1310","targetHints":{"allow":["GET"]}}],"collection":[{"href":"https:\/\/dfvcg-events.de\/tw-strategy-summit\/wp-json\/wp\/v2\/posts"}],"about":[{"href":"https:\/\/dfvcg-events.de\/tw-strategy-summit\/wp-json\/wp\/v2\/types\/post"}],"author":[{"embeddable":true,"href":"https:\/\/dfvcg-events.de\/tw-strategy-summit\/wp-json\/wp\/v2\/users\/6"}],"replies":[{"embeddable":true,"href":"https:\/\/dfvcg-events.de\/tw-strategy-summit\/wp-json\/wp\/v2\/comments?post=1310"}],"version-history":[{"count":0,"href":"https:\/\/dfvcg-events.de\/tw-strategy-summit\/wp-json\/wp\/v2\/posts\/1310\/revisions"}],"wp:featuredmedia":[{"embeddable":true,"href":"https:\/\/dfvcg-events.de\/tw-strategy-summit\/wp-json\/wp\/v2\/media\/3849"}],"wp:attachment":[{"href":"https:\/\/dfvcg-events.de\/tw-strategy-summit\/wp-json\/wp\/v2\/media?parent=1310"}],"wp:term":[{"taxonomy":"category","embeddable":true,"href":"https:\/\/dfvcg-events.de\/tw-strategy-summit\/wp-json\/wp\/v2\/categories?post=1310"},{"taxonomy":"post_tag","embeddable":true,"href":"https:\/\/dfvcg-events.de\/tw-strategy-summit\/wp-json\/wp\/v2\/tags?post=1310"}],"curies":[{"name":"wp","href":"https:\/\/api.w.org\/{rel}","templated":true}]}}