{"id":2355,"date":"2023-10-10T15:50:27","date_gmt":"2023-10-10T13:50:27","guid":{"rendered":"https:\/\/dfvcg-events.de\/smart-proteins\/?p=2355"},"modified":"2025-10-28T16:59:15","modified_gmt":"2025-10-28T15:59:15","slug":"messe-frankfurt","status":"publish","type":"post","link":"https:\/\/dfvcg-events.de\/smart-proteins\/messe-frankfurt\/","title":{"rendered":"Foodtech Now! (Messe Frankfurt)"},"content":{"rendered":"<div id='av_section_1'  class='avia-section av-k7yuhjt1-ba5d951d805ccc387084b7d219eb2b77 main_color avia-section-default avia-no-border-styling  avia-builder-el-0  el_before_av_two_third  avia-builder-el-first  header-verlauf avia-bg-style-scroll container_wrap fullsize'  ><div class='container av-section-cont-open' ><main  role=\"main\" itemprop=\"mainContentOfPage\"  class='template-page content  av-content-full alpha units'><div class='post-entry post-entry-type-page post-entry-2355'><div class='entry-content-wrapper clearfix'>\n\n<style type=\"text\/css\" data-created_by=\"avia_inline_auto\" id=\"style-css-av-kav2wagy-210cb36dcbbd5674d40d104e802e63c3\">\n#top .av-special-heading.av-kav2wagy-210cb36dcbbd5674d40d104e802e63c3{\npadding-bottom:0;\n}\nbody .av-special-heading.av-kav2wagy-210cb36dcbbd5674d40d104e802e63c3 .av-special-heading-tag .heading-char{\nfont-size:25px;\n}\n.av-special-heading.av-kav2wagy-210cb36dcbbd5674d40d104e802e63c3 .av-subheading{\nfont-size:15px;\n}\n<\/style>\n<div  class='av-special-heading av-kav2wagy-210cb36dcbbd5674d40d104e802e63c3 av-special-heading-h1 blockquote modern-quote  avia-builder-el-1  avia-builder-el-no-sibling '><div class='av-subheading av-subheading_above'><p>Smart Proteins<\/p>\n<\/div><h1 class='av-special-heading-tag '  itemprop=\"headline\"  >Aussteller <span class='special_amp'>&amp;<\/span> Partner<\/h1><div class=\"special-heading-border\"><div class=\"special-heading-inner-border\"><\/div><\/div><\/div>\n<\/div><\/div><\/main><!-- close content main element --><\/div><\/div><div id='after_section_1'  class='main_color av_default_container_wrap container_wrap fullsize'  ><div class='container av-section-cont-open' ><div class='template-page content  av-content-full alpha units'><div class='post-entry post-entry-type-page post-entry-2355'><div class='entry-content-wrapper clearfix'>\n\n<style type=\"text\/css\" data-created_by=\"avia_inline_auto\" id=\"style-css-av-gjtzd-7150dd3f0da45e9aef1f50897828e0f5\">\n.flex_column.av-gjtzd-7150dd3f0da45e9aef1f50897828e0f5{\nborder-radius:0px 0px 0px 0px;\npadding:0px 0px 0px 0px;\n}\n<\/style>\n<div  class='flex_column av-gjtzd-7150dd3f0da45e9aef1f50897828e0f5 av_two_third  avia-builder-el-2  el_after_av_section  el_before_av_one_third  avia-builder-el-first  first flex_column_div av-zero-column-padding  '     ><p>\n<style type=\"text\/css\" data-created_by=\"avia_inline_auto\" id=\"style-css-av-kas66l5u-4d8a56c250238caf27e0fec8be4092a2\">\n#top .av-special-heading.av-kas66l5u-4d8a56c250238caf27e0fec8be4092a2{\npadding-bottom:10px;\ncolor:#cd5638;\n}\nbody .av-special-heading.av-kas66l5u-4d8a56c250238caf27e0fec8be4092a2 .av-special-heading-tag .heading-char{\nfont-size:25px;\n}\n.av-special-heading.av-kas66l5u-4d8a56c250238caf27e0fec8be4092a2 .special-heading-inner-border{\nborder-color:#cd5638;\n}\n.av-special-heading.av-kas66l5u-4d8a56c250238caf27e0fec8be4092a2 .av-subheading{\nfont-size:15px;\n}\n<\/style>\n<div  class='av-special-heading av-kas66l5u-4d8a56c250238caf27e0fec8be4092a2 av-special-heading-h2 custom-color-heading blockquote modern-quote  avia-builder-el-3  el_before_av_textblock  avia-builder-el-first '><h2 class='av-special-heading-tag '  itemprop=\"headline\"  >Foodtech Now! (Messe Frankfurt)<\/h2><div class=\"special-heading-border\"><div class=\"special-heading-inner-border\"><\/div><\/div><\/div><br \/>\n<section  class='av_textblock_section av-k7zalzjs-ee6e37592176f852d8c1ffc5a265ba79 '   itemscope=\"itemscope\" itemtype=\"https:\/\/schema.org\/BlogPosting\" itemprop=\"blogPost\" ><div class='avia_textblock'  itemprop=\"text\" ><p><a href=\"https:\/\/foodtechnologies.messefrankfurt.com\/global\/de.html?wt_mc=1524&amp;sid=456-804\" target=\"_blank\" rel=\"noopener\">Foodtech Now!<\/a> presented by IFFA ist die digitale Plattform der Messe Frankfurt rund um die Zukunft der Lebensmittelverarbeitung.<\/p>\n<p>Hier trifft wissenschaftliche Expertise auf Praxiswissen: Ob traditionelle, pflanzliche, mikrobiell oder kultiviert erzeugte Proteine \u2013 Foodtech Now! beleuchtet die neuesten Technologien und Markttrends entlang der gesamten Wertsch\u00f6pfungskette. Von Verarbeitung und Verpackung \u00fcber Sensorik und Qualit\u00e4tssicherung bis zu nachhaltigen Produktionsprozessen \u2013 Foodtech Now! bietet fundierte Einblicke, Best Practices und internationale Perspektiven. Ziel ist es, Wissen zu vernetzen, Innovationen sichtbar zu machen und die Transformation hin zu einem zukunftsf\u00e4higen Ern\u00e4hrungssystem zu unterst\u00fctzen.<\/p>\n<p>Foodtech Now! in Kombination mit der IFFA verbindet Expert*innen, Forschung und Industrie, um die Entwicklung alternativer Proteine und nachhaltiger Food-Technologien voranzubringen. Wir freuen uns auf Ihren Besuch, ob digital auf <a href=\"https:\/\/foodtechnologies.messefrankfurt.com\/global\/de.html?wt_mc=1524&amp;sid=456-804\" target=\"_blank\" rel=\"noopener\">Foodtech Now!<\/a> oder im Jahr 2028 wieder live vor Ort auf der <a href=\"https:\/\/iffa.messefrankfurt.com\/frankfurt\/de.html\" target=\"_blank\" rel=\"noopener\">IFFA<\/a>.<\/p>\n<p><a href=\"https:\/\/foodtechnologies.messefrankfurt.com\/global\/de\/ueber-uns\/kontakt.html?wt_mc=1525&amp;sid=456-804\" target=\"_blank\" rel=\"noopener\"><strong>Kontakt<\/strong><\/a><\/p>\n<\/div><\/section><\/p><\/div>\n<style type=\"text\/css\" data-created_by=\"avia_inline_auto\" id=\"style-css-av-7pv81-b49a1e36663b2e8cca8dbc6d7f19f7c7\">\n.flex_column.av-7pv81-b49a1e36663b2e8cca8dbc6d7f19f7c7{\nborder-radius:0px 0px 0px 0px;\npadding:0px 0px 0px 0px;\n}\n<\/style>\n<div  class='flex_column av-7pv81-b49a1e36663b2e8cca8dbc6d7f19f7c7 av_one_third  avia-builder-el-5  el_after_av_two_third  avia-builder-el-last  flex_column_div av-zero-column-padding  '     ><style type=\"text\/css\" data-created_by=\"avia_inline_auto\" id=\"style-css-av-k7zan5qj-bf246dc7d62e9cf6008b5722af73998a\">\n.avia-image-container.av-k7zan5qj-bf246dc7d62e9cf6008b5722af73998a img.avia_image{\nbox-shadow:none;\n}\n.avia-image-container.av-k7zan5qj-bf246dc7d62e9cf6008b5722af73998a .av-image-caption-overlay-center{\ncolor:#ffffff;\n}\n<\/style>\n<div  class='avia-image-container av-k7zan5qj-bf246dc7d62e9cf6008b5722af73998a av-styling- av-img-linked avia-align-center  avia-builder-el-6  avia-builder-el-no-sibling '   itemprop=\"image\" itemscope=\"itemscope\" itemtype=\"https:\/\/schema.org\/ImageObject\" ><div class=\"avia-image-container-inner\"><div class=\"avia-image-overlay-wrap\"><a href=\"https:\/\/iffa.messefrankfurt.com\/frankfurt\/de.html\" class='avia_image '  target=\"_blank\"  rel=\"noopener noreferrer\" aria-label='foodtechnow_Logo_cmyk_02rz_web'><img class='avia_image ' src='https:\/\/dfvcg-events.de\/smart-proteins\/wp-content\/uploads\/sites\/41\/2023\/10\/foodtechnow_Logo_cmyk_02rz_web.png' alt='' title='foodtechnow_Logo_cmyk_02rz_web'  height=\"600\" width=\"800\"  itemprop=\"thumbnailUrl\"  \/><\/a><\/div><\/div><\/div><\/div><\/p>\n","protected":false},"excerpt":{"rendered":"<p>IFFA<\/p>\n","protected":false},"author":29,"featured_media":3774,"comment_status":"open","ping_status":"open","sticky":false,"template":"","format":"standard","meta":{"footnotes":""},"categories":[40,52,42,49,59],"tags":[],"class_list":["post-2355","post","type-post","status-publish","format-standard","has-post-thumbnail","hentry","category-logo-loop-2023","category-logo-loop-2024","category-partner-2023","category-partner-2024","category-partner-2025"],"yoast_head":"<!-- This site is optimized with the Yoast SEO plugin v27.4 - https:\/\/yoast.com\/product\/yoast-seo-wordpress\/ -->\n<title>Aussteller, Sponsoren, Partner: Foodtech Now! (Messe Frankfurt) | Smart Proteins<\/title>\n<meta name=\"description\" content=\"Smart Proteins | Aussteller &amp; Sponsoren: Foodtech Now! (Messe Frankfurt)\" \/>\n<meta name=\"robots\" content=\"index, follow, max-snippet:-1, max-image-preview:large, max-video-preview:-1\" \/>\n<link rel=\"canonical\" href=\"https:\/\/dfvcg-events.de\/smart-proteins\/messe-frankfurt\/\" \/>\n<meta property=\"og:locale\" content=\"de_DE\" \/>\n<meta property=\"og:type\" content=\"article\" \/>\n<meta property=\"og:title\" content=\"Aussteller, Sponsoren, Partner: Foodtech Now! (Messe Frankfurt) | Smart Proteins\" \/>\n<meta property=\"og:description\" content=\"Smart Proteins | Aussteller &amp; Sponsoren: Foodtech Now! (Messe Frankfurt)\" \/>\n<meta property=\"og:url\" content=\"https:\/\/dfvcg-events.de\/smart-proteins\/messe-frankfurt\/\" \/>\n<meta property=\"og:site_name\" content=\"Smart Proteins\" \/>\n<meta property=\"article:published_time\" content=\"2023-10-10T13:50:27+00:00\" \/>\n<meta property=\"article:modified_time\" content=\"2025-10-28T15:59:15+00:00\" \/>\n<meta property=\"og:image\" content=\"https:\/\/dfvcg-events.de\/smart-proteins\/wp-content\/uploads\/sites\/41\/2023\/10\/foodtechnow_Logo_cmyk_02rz_web.png\" \/>\n\t<meta property=\"og:image:width\" content=\"800\" \/>\n\t<meta property=\"og:image:height\" content=\"600\" \/>\n\t<meta property=\"og:image:type\" content=\"image\/png\" \/>\n<meta name=\"author\" content=\"clark\" \/>\n<meta name=\"twitter:card\" content=\"summary_large_image\" \/>\n<meta name=\"twitter:label1\" content=\"Geschrieben von\" \/>\n\t<meta name=\"twitter:data1\" content=\"clark\" \/>\n\t<meta name=\"twitter:label2\" content=\"Gesch\u00e4tzte Lesezeit\" \/>\n\t<meta name=\"twitter:data2\" content=\"1\u00a0Minute\" \/>\n<script type=\"application\/ld+json\" class=\"yoast-schema-graph\">{\"@context\":\"https:\\\/\\\/schema.org\",\"@graph\":[{\"@type\":\"Article\",\"@id\":\"https:\\\/\\\/dfvcg-events.de\\\/smart-proteins\\\/messe-frankfurt\\\/#article\",\"isPartOf\":{\"@id\":\"https:\\\/\\\/dfvcg-events.de\\\/smart-proteins\\\/messe-frankfurt\\\/\"},\"author\":{\"name\":\"clark\",\"@id\":\"https:\\\/\\\/dfvcg-events.de\\\/smart-proteins\\\/#\\\/schema\\\/person\\\/b8a115f24f3c0da1f9d8540627af0014\"},\"headline\":\"Foodtech Now! (Messe Frankfurt)\",\"datePublished\":\"2023-10-10T13:50:27+00:00\",\"dateModified\":\"2025-10-28T15:59:15+00:00\",\"mainEntityOfPage\":{\"@id\":\"https:\\\/\\\/dfvcg-events.de\\\/smart-proteins\\\/messe-frankfurt\\\/\"},\"wordCount\":1085,\"commentCount\":0,\"publisher\":{\"@id\":\"https:\\\/\\\/dfvcg-events.de\\\/smart-proteins\\\/#organization\"},\"image\":{\"@id\":\"https:\\\/\\\/dfvcg-events.de\\\/smart-proteins\\\/messe-frankfurt\\\/#primaryimage\"},\"thumbnailUrl\":\"https:\\\/\\\/dfvcg-events.de\\\/smart-proteins\\\/wp-content\\\/uploads\\\/sites\\\/41\\\/2023\\\/10\\\/foodtechnow_Logo_cmyk_02rz_web.png\",\"articleSection\":[\"Logo-Loop 2023\",\"Logo-Loop 2024\",\"Partner 2023\",\"Partner 2024\",\"Partner 2025\"],\"inLanguage\":\"de\",\"potentialAction\":[{\"@type\":\"CommentAction\",\"name\":\"Comment\",\"target\":[\"https:\\\/\\\/dfvcg-events.de\\\/smart-proteins\\\/messe-frankfurt\\\/#respond\"]}]},{\"@type\":\"WebPage\",\"@id\":\"https:\\\/\\\/dfvcg-events.de\\\/smart-proteins\\\/messe-frankfurt\\\/\",\"url\":\"https:\\\/\\\/dfvcg-events.de\\\/smart-proteins\\\/messe-frankfurt\\\/\",\"name\":\"Aussteller, Sponsoren, Partner: Foodtech Now! (Messe Frankfurt) | Smart Proteins\",\"isPartOf\":{\"@id\":\"https:\\\/\\\/dfvcg-events.de\\\/smart-proteins\\\/#website\"},\"primaryImageOfPage\":{\"@id\":\"https:\\\/\\\/dfvcg-events.de\\\/smart-proteins\\\/messe-frankfurt\\\/#primaryimage\"},\"image\":{\"@id\":\"https:\\\/\\\/dfvcg-events.de\\\/smart-proteins\\\/messe-frankfurt\\\/#primaryimage\"},\"thumbnailUrl\":\"https:\\\/\\\/dfvcg-events.de\\\/smart-proteins\\\/wp-content\\\/uploads\\\/sites\\\/41\\\/2023\\\/10\\\/foodtechnow_Logo_cmyk_02rz_web.png\",\"datePublished\":\"2023-10-10T13:50:27+00:00\",\"dateModified\":\"2025-10-28T15:59:15+00:00\",\"description\":\"Smart Proteins | Aussteller & Sponsoren: Foodtech Now! (Messe Frankfurt)\",\"breadcrumb\":{\"@id\":\"https:\\\/\\\/dfvcg-events.de\\\/smart-proteins\\\/messe-frankfurt\\\/#breadcrumb\"},\"inLanguage\":\"de\",\"potentialAction\":[{\"@type\":\"ReadAction\",\"target\":[\"https:\\\/\\\/dfvcg-events.de\\\/smart-proteins\\\/messe-frankfurt\\\/\"]}]},{\"@type\":\"ImageObject\",\"inLanguage\":\"de\",\"@id\":\"https:\\\/\\\/dfvcg-events.de\\\/smart-proteins\\\/messe-frankfurt\\\/#primaryimage\",\"url\":\"https:\\\/\\\/dfvcg-events.de\\\/smart-proteins\\\/wp-content\\\/uploads\\\/sites\\\/41\\\/2023\\\/10\\\/foodtechnow_Logo_cmyk_02rz_web.png\",\"contentUrl\":\"https:\\\/\\\/dfvcg-events.de\\\/smart-proteins\\\/wp-content\\\/uploads\\\/sites\\\/41\\\/2023\\\/10\\\/foodtechnow_Logo_cmyk_02rz_web.png\",\"width\":800,\"height\":600},{\"@type\":\"BreadcrumbList\",\"@id\":\"https:\\\/\\\/dfvcg-events.de\\\/smart-proteins\\\/messe-frankfurt\\\/#breadcrumb\",\"itemListElement\":[{\"@type\":\"ListItem\",\"position\":1,\"name\":\"Startseite\",\"item\":\"https:\\\/\\\/dfvcg-events.de\\\/smart-proteins\\\/\"},{\"@type\":\"ListItem\",\"position\":2,\"name\":\"Foodtech Now! (Messe Frankfurt)\"}]},{\"@type\":\"WebSite\",\"@id\":\"https:\\\/\\\/dfvcg-events.de\\\/smart-proteins\\\/#website\",\"url\":\"https:\\\/\\\/dfvcg-events.de\\\/smart-proteins\\\/\",\"name\":\"Smart Proteins\",\"description\":\"Der Summit f\u00fcr alternative Proteinquellen\",\"publisher\":{\"@id\":\"https:\\\/\\\/dfvcg-events.de\\\/smart-proteins\\\/#organization\"},\"potentialAction\":[{\"@type\":\"SearchAction\",\"target\":{\"@type\":\"EntryPoint\",\"urlTemplate\":\"https:\\\/\\\/dfvcg-events.de\\\/smart-proteins\\\/?s={search_term_string}\"},\"query-input\":{\"@type\":\"PropertyValueSpecification\",\"valueRequired\":true,\"valueName\":\"search_term_string\"}}],\"inLanguage\":\"de\"},{\"@type\":\"Organization\",\"@id\":\"https:\\\/\\\/dfvcg-events.de\\\/smart-proteins\\\/#organization\",\"name\":\"Smart Proteins\",\"url\":\"https:\\\/\\\/dfvcg-events.de\\\/smart-proteins\\\/\",\"logo\":{\"@type\":\"ImageObject\",\"inLanguage\":\"de\",\"@id\":\"https:\\\/\\\/dfvcg-events.de\\\/smart-proteins\\\/#\\\/schema\\\/logo\\\/image\\\/\",\"url\":\"https:\\\/\\\/dfvcg-events.de\\\/smart-proteins\\\/wp-content\\\/uploads\\\/sites\\\/41\\\/2022\\\/02\\\/dfvcg-smart-proteins-key-visual.png\",\"contentUrl\":\"https:\\\/\\\/dfvcg-events.de\\\/smart-proteins\\\/wp-content\\\/uploads\\\/sites\\\/41\\\/2022\\\/02\\\/dfvcg-smart-proteins-key-visual.png\",\"width\":1225,\"height\":977,\"caption\":\"Smart Proteins\"},\"image\":{\"@id\":\"https:\\\/\\\/dfvcg-events.de\\\/smart-proteins\\\/#\\\/schema\\\/logo\\\/image\\\/\"}},{\"@type\":\"Person\",\"@id\":\"https:\\\/\\\/dfvcg-events.de\\\/smart-proteins\\\/#\\\/schema\\\/person\\\/b8a115f24f3c0da1f9d8540627af0014\",\"name\":\"clark\",\"url\":\"https:\\\/\\\/dfvcg-events.de\\\/smart-proteins\\\/author\\\/clark\\\/\"}]}<\/script>\n<!-- \/ Yoast SEO plugin. -->","yoast_head_json":{"title":"Aussteller, Sponsoren, Partner: Foodtech Now! (Messe Frankfurt) | Smart Proteins","description":"Smart Proteins | Aussteller & Sponsoren: Foodtech Now! (Messe Frankfurt)","robots":{"index":"index","follow":"follow","max-snippet":"max-snippet:-1","max-image-preview":"max-image-preview:large","max-video-preview":"max-video-preview:-1"},"canonical":"https:\/\/dfvcg-events.de\/smart-proteins\/messe-frankfurt\/","og_locale":"de_DE","og_type":"article","og_title":"Aussteller, Sponsoren, Partner: Foodtech Now! (Messe Frankfurt) | Smart Proteins","og_description":"Smart Proteins | Aussteller & Sponsoren: Foodtech Now! (Messe Frankfurt)","og_url":"https:\/\/dfvcg-events.de\/smart-proteins\/messe-frankfurt\/","og_site_name":"Smart Proteins","article_published_time":"2023-10-10T13:50:27+00:00","article_modified_time":"2025-10-28T15:59:15+00:00","og_image":[{"width":800,"height":600,"url":"https:\/\/dfvcg-events.de\/smart-proteins\/wp-content\/uploads\/sites\/41\/2023\/10\/foodtechnow_Logo_cmyk_02rz_web.png","type":"image\/png"}],"author":"clark","twitter_card":"summary_large_image","twitter_misc":{"Geschrieben von":"clark","Gesch\u00e4tzte Lesezeit":"1\u00a0Minute"},"schema":{"@context":"https:\/\/schema.org","@graph":[{"@type":"Article","@id":"https:\/\/dfvcg-events.de\/smart-proteins\/messe-frankfurt\/#article","isPartOf":{"@id":"https:\/\/dfvcg-events.de\/smart-proteins\/messe-frankfurt\/"},"author":{"name":"clark","@id":"https:\/\/dfvcg-events.de\/smart-proteins\/#\/schema\/person\/b8a115f24f3c0da1f9d8540627af0014"},"headline":"Foodtech Now! (Messe Frankfurt)","datePublished":"2023-10-10T13:50:27+00:00","dateModified":"2025-10-28T15:59:15+00:00","mainEntityOfPage":{"@id":"https:\/\/dfvcg-events.de\/smart-proteins\/messe-frankfurt\/"},"wordCount":1085,"commentCount":0,"publisher":{"@id":"https:\/\/dfvcg-events.de\/smart-proteins\/#organization"},"image":{"@id":"https:\/\/dfvcg-events.de\/smart-proteins\/messe-frankfurt\/#primaryimage"},"thumbnailUrl":"https:\/\/dfvcg-events.de\/smart-proteins\/wp-content\/uploads\/sites\/41\/2023\/10\/foodtechnow_Logo_cmyk_02rz_web.png","articleSection":["Logo-Loop 2023","Logo-Loop 2024","Partner 2023","Partner 2024","Partner 2025"],"inLanguage":"de","potentialAction":[{"@type":"CommentAction","name":"Comment","target":["https:\/\/dfvcg-events.de\/smart-proteins\/messe-frankfurt\/#respond"]}]},{"@type":"WebPage","@id":"https:\/\/dfvcg-events.de\/smart-proteins\/messe-frankfurt\/","url":"https:\/\/dfvcg-events.de\/smart-proteins\/messe-frankfurt\/","name":"Aussteller, Sponsoren, Partner: Foodtech Now! (Messe Frankfurt) | Smart Proteins","isPartOf":{"@id":"https:\/\/dfvcg-events.de\/smart-proteins\/#website"},"primaryImageOfPage":{"@id":"https:\/\/dfvcg-events.de\/smart-proteins\/messe-frankfurt\/#primaryimage"},"image":{"@id":"https:\/\/dfvcg-events.de\/smart-proteins\/messe-frankfurt\/#primaryimage"},"thumbnailUrl":"https:\/\/dfvcg-events.de\/smart-proteins\/wp-content\/uploads\/sites\/41\/2023\/10\/foodtechnow_Logo_cmyk_02rz_web.png","datePublished":"2023-10-10T13:50:27+00:00","dateModified":"2025-10-28T15:59:15+00:00","description":"Smart Proteins | Aussteller & Sponsoren: Foodtech Now! (Messe Frankfurt)","breadcrumb":{"@id":"https:\/\/dfvcg-events.de\/smart-proteins\/messe-frankfurt\/#breadcrumb"},"inLanguage":"de","potentialAction":[{"@type":"ReadAction","target":["https:\/\/dfvcg-events.de\/smart-proteins\/messe-frankfurt\/"]}]},{"@type":"ImageObject","inLanguage":"de","@id":"https:\/\/dfvcg-events.de\/smart-proteins\/messe-frankfurt\/#primaryimage","url":"https:\/\/dfvcg-events.de\/smart-proteins\/wp-content\/uploads\/sites\/41\/2023\/10\/foodtechnow_Logo_cmyk_02rz_web.png","contentUrl":"https:\/\/dfvcg-events.de\/smart-proteins\/wp-content\/uploads\/sites\/41\/2023\/10\/foodtechnow_Logo_cmyk_02rz_web.png","width":800,"height":600},{"@type":"BreadcrumbList","@id":"https:\/\/dfvcg-events.de\/smart-proteins\/messe-frankfurt\/#breadcrumb","itemListElement":[{"@type":"ListItem","position":1,"name":"Startseite","item":"https:\/\/dfvcg-events.de\/smart-proteins\/"},{"@type":"ListItem","position":2,"name":"Foodtech Now! (Messe Frankfurt)"}]},{"@type":"WebSite","@id":"https:\/\/dfvcg-events.de\/smart-proteins\/#website","url":"https:\/\/dfvcg-events.de\/smart-proteins\/","name":"Smart Proteins","description":"Der Summit f\u00fcr alternative Proteinquellen","publisher":{"@id":"https:\/\/dfvcg-events.de\/smart-proteins\/#organization"},"potentialAction":[{"@type":"SearchAction","target":{"@type":"EntryPoint","urlTemplate":"https:\/\/dfvcg-events.de\/smart-proteins\/?s={search_term_string}"},"query-input":{"@type":"PropertyValueSpecification","valueRequired":true,"valueName":"search_term_string"}}],"inLanguage":"de"},{"@type":"Organization","@id":"https:\/\/dfvcg-events.de\/smart-proteins\/#organization","name":"Smart Proteins","url":"https:\/\/dfvcg-events.de\/smart-proteins\/","logo":{"@type":"ImageObject","inLanguage":"de","@id":"https:\/\/dfvcg-events.de\/smart-proteins\/#\/schema\/logo\/image\/","url":"https:\/\/dfvcg-events.de\/smart-proteins\/wp-content\/uploads\/sites\/41\/2022\/02\/dfvcg-smart-proteins-key-visual.png","contentUrl":"https:\/\/dfvcg-events.de\/smart-proteins\/wp-content\/uploads\/sites\/41\/2022\/02\/dfvcg-smart-proteins-key-visual.png","width":1225,"height":977,"caption":"Smart Proteins"},"image":{"@id":"https:\/\/dfvcg-events.de\/smart-proteins\/#\/schema\/logo\/image\/"}},{"@type":"Person","@id":"https:\/\/dfvcg-events.de\/smart-proteins\/#\/schema\/person\/b8a115f24f3c0da1f9d8540627af0014","name":"clark","url":"https:\/\/dfvcg-events.de\/smart-proteins\/author\/clark\/"}]}},"_links":{"self":[{"href":"https:\/\/dfvcg-events.de\/smart-proteins\/wp-json\/wp\/v2\/posts\/2355","targetHints":{"allow":["GET"]}}],"collection":[{"href":"https:\/\/dfvcg-events.de\/smart-proteins\/wp-json\/wp\/v2\/posts"}],"about":[{"href":"https:\/\/dfvcg-events.de\/smart-proteins\/wp-json\/wp\/v2\/types\/post"}],"author":[{"embeddable":true,"href":"https:\/\/dfvcg-events.de\/smart-proteins\/wp-json\/wp\/v2\/users\/29"}],"replies":[{"embeddable":true,"href":"https:\/\/dfvcg-events.de\/smart-proteins\/wp-json\/wp\/v2\/comments?post=2355"}],"version-history":[{"count":3,"href":"https:\/\/dfvcg-events.de\/smart-proteins\/wp-json\/wp\/v2\/posts\/2355\/revisions"}],"predecessor-version":[{"id":3779,"href":"https:\/\/dfvcg-events.de\/smart-proteins\/wp-json\/wp\/v2\/posts\/2355\/revisions\/3779"}],"wp:featuredmedia":[{"embeddable":true,"href":"https:\/\/dfvcg-events.de\/smart-proteins\/wp-json\/wp\/v2\/media\/3774"}],"wp:attachment":[{"href":"https:\/\/dfvcg-events.de\/smart-proteins\/wp-json\/wp\/v2\/media?parent=2355"}],"wp:term":[{"taxonomy":"category","embeddable":true,"href":"https:\/\/dfvcg-events.de\/smart-proteins\/wp-json\/wp\/v2\/categories?post=2355"},{"taxonomy":"post_tag","embeddable":true,"href":"https:\/\/dfvcg-events.de\/smart-proteins\/wp-json\/wp\/v2\/tags?post=2355"}],"curies":[{"name":"wp","href":"https:\/\/api.w.org\/{rel}","templated":true}]}}