{"id":2317,"date":"2023-09-07T09:46:13","date_gmt":"2023-09-07T07:46:13","guid":{"rendered":"https:\/\/dfvcg-events.de\/smart-proteins\/?p=2317"},"modified":"2025-05-08T08:09:05","modified_gmt":"2025-05-08T06:09:05","slug":"newfoodeconomy","status":"publish","type":"post","link":"https:\/\/dfvcg-events.de\/smart-proteins\/newfoodeconomy\/","title":{"rendered":"newFOODeconomy"},"content":{"rendered":"<div id='av_section_1'  class='avia-section av-k7yuhjt1-ba5d951d805ccc387084b7d219eb2b77 main_color avia-section-default avia-no-border-styling  avia-builder-el-0  el_before_av_two_third  avia-builder-el-first  header-verlauf avia-bg-style-scroll container_wrap fullsize'  ><div class='container av-section-cont-open' ><main  role=\"main\" itemprop=\"mainContentOfPage\"  class='template-page content  av-content-full alpha units'><div class='post-entry post-entry-type-page post-entry-2317'><div class='entry-content-wrapper clearfix'>\n\n<style type=\"text\/css\" data-created_by=\"avia_inline_auto\" id=\"style-css-av-kav2wagy-02f4de515ab5e476f458177a1730639a\">\n#top .av-special-heading.av-kav2wagy-02f4de515ab5e476f458177a1730639a{\npadding-bottom:0;\n}\nbody .av-special-heading.av-kav2wagy-02f4de515ab5e476f458177a1730639a .av-special-heading-tag .heading-char{\nfont-size:25px;\n}\n.av-special-heading.av-kav2wagy-02f4de515ab5e476f458177a1730639a .av-subheading{\nfont-size:15px;\n}\n<\/style>\n<div  class='av-special-heading av-kav2wagy-02f4de515ab5e476f458177a1730639a av-special-heading-h1 blockquote modern-quote  avia-builder-el-1  avia-builder-el-no-sibling '><div class='av-subheading av-subheading_above'><p>Smart Proteins<\/p>\n<\/div><h1 class='av-special-heading-tag '  itemprop=\"headline\"  >Medienpartner<\/h1><div class=\"special-heading-border\"><div class=\"special-heading-inner-border\"><\/div><\/div><\/div>\n<\/div><\/div><\/main><!-- close content main element --><\/div><\/div><div id='after_section_1'  class='main_color av_default_container_wrap container_wrap fullsize'  ><div class='container av-section-cont-open' ><div class='template-page content  av-content-full alpha units'><div class='post-entry post-entry-type-page post-entry-2317'><div class='entry-content-wrapper clearfix'>\n\n<style type=\"text\/css\" data-created_by=\"avia_inline_auto\" id=\"style-css-av-gjtzd-7150dd3f0da45e9aef1f50897828e0f5\">\n.flex_column.av-gjtzd-7150dd3f0da45e9aef1f50897828e0f5{\nborder-radius:0px 0px 0px 0px;\npadding:0px 0px 0px 0px;\n}\n<\/style>\n<div  class='flex_column av-gjtzd-7150dd3f0da45e9aef1f50897828e0f5 av_two_third  avia-builder-el-2  el_after_av_section  el_before_av_one_third  avia-builder-el-first  first flex_column_div av-zero-column-padding  '     ><p>\n<style type=\"text\/css\" data-created_by=\"avia_inline_auto\" id=\"style-css-av-kas66l5u-3c8cb1fb23f18a92934f2f3a3b9a06a8\">\n#top .av-special-heading.av-kas66l5u-3c8cb1fb23f18a92934f2f3a3b9a06a8{\npadding-bottom:10px;\ncolor:#cd5638;\n}\nbody .av-special-heading.av-kas66l5u-3c8cb1fb23f18a92934f2f3a3b9a06a8 .av-special-heading-tag .heading-char{\nfont-size:25px;\n}\n.av-special-heading.av-kas66l5u-3c8cb1fb23f18a92934f2f3a3b9a06a8 .special-heading-inner-border{\nborder-color:#cd5638;\n}\n.av-special-heading.av-kas66l5u-3c8cb1fb23f18a92934f2f3a3b9a06a8 .av-subheading{\nfont-size:15px;\n}\n<\/style>\n<div  class='av-special-heading av-kas66l5u-3c8cb1fb23f18a92934f2f3a3b9a06a8 av-special-heading-h2 custom-color-heading blockquote modern-quote  avia-builder-el-3  el_before_av_textblock  avia-builder-el-first '><h2 class='av-special-heading-tag '  itemprop=\"headline\"  >newFOODeconomy<\/h2><div class=\"special-heading-border\"><div class=\"special-heading-inner-border\"><\/div><\/div><\/div><br \/>\n<section  class='av_textblock_section av-k7zalzjs-dc760954bf3f02b3badd0e6d2cd18c56 '   itemscope=\"itemscope\" itemtype=\"https:\/\/schema.org\/BlogPosting\" itemprop=\"blogPost\" ><div class='avia_textblock'  itemprop=\"text\" ><p>Die AgriFood-Branche und die Lebensmittelindustrie ver\u00e4ndern sich mit rasanter Geschwindigkeit: <a href=\"https:\/\/www.agrarzeitung.de\/new-food-economy\/\">NewFOODeconomy<\/a> begleitet diese Transformation der Ern\u00e4hrungsbranche und informiert die gesamte Lebensmittelwertsch\u00f6pfungskette \u00fcber neue Technologien, Produkte, H\u00fcrden, Chancen und \u00fcber neue Akteure am Markt.<\/p>\n<p>Drei Faktoren treiben diesen Wandel: Erstens: Die Notwendigkeit, nachhaltiger, ressourcenschonender und klimafreundlicher zu wirtschaften und zu produzieren. Dadurch entstehen neue Gesch\u00e4ftsmodelle, neue Produkte und ein neues Verbraucherverhalten. Zweitens: Neue technologische M\u00f6glichkeiten integrieren die \u00a0Lebensmittellieferkette digital. Maschinelles Lernen schafft neue Wissensquellen, die nachhaltigere Prozesse erm\u00f6glichen. Drittens: Neue Akteure etablieren sich in diesem neuen Umfeld, entwickeln neue Gesch\u00e4ftsmodelle, neue L\u00f6sungen und Produkte.<\/p>\n<p>Daf\u00fcr braucht es neue Medien, die diese Transformation in allen ihren Facetten beschreiben und einen ganzheitlichen Blick auf das werfen, was wir alle so lieben: gute Lebensmittel. Diesen Wandel beschreibt newFOODeconomy etabliert.<\/p>\n<p>Das newFOODeconomy Magazin erscheint 2x j\u00e4hrlich, die Website unter new-food-economy.de bietet mehrmals w\u00f6chentlich aktuelle News und Analysen.<\/p>\n<p><a href=\"https:\/\/www.agrarzeitung.de\/_leads\/nfe_01_2024\/\">Probe-Abo Hier!\u00a0<\/a><\/p>\n<\/div><\/section><\/p><\/div>\n<style type=\"text\/css\" data-created_by=\"avia_inline_auto\" id=\"style-css-av-7pv81-b49a1e36663b2e8cca8dbc6d7f19f7c7\">\n.flex_column.av-7pv81-b49a1e36663b2e8cca8dbc6d7f19f7c7{\nborder-radius:0px 0px 0px 0px;\npadding:0px 0px 0px 0px;\n}\n<\/style>\n<div  class='flex_column av-7pv81-b49a1e36663b2e8cca8dbc6d7f19f7c7 av_one_third  avia-builder-el-5  el_after_av_two_third  avia-builder-el-last  flex_column_div av-zero-column-padding  '     ><style type=\"text\/css\" data-created_by=\"avia_inline_auto\" id=\"style-css-av-k7zan5qj-b03571d7b673474d99f32ea7e7def250\">\n.avia-image-container.av-k7zan5qj-b03571d7b673474d99f32ea7e7def250 img.avia_image{\nbox-shadow:none;\n}\n.avia-image-container.av-k7zan5qj-b03571d7b673474d99f32ea7e7def250 .av-image-caption-overlay-center{\ncolor:#ffffff;\n}\n<\/style>\n<div  class='avia-image-container av-k7zan5qj-b03571d7b673474d99f32ea7e7def250 av-styling- av-img-linked avia-align-center  avia-builder-el-6  avia-builder-el-no-sibling '   itemprop=\"image\" itemscope=\"itemscope\" itemtype=\"https:\/\/schema.org\/ImageObject\" ><div class=\"avia-image-container-inner\"><div class=\"avia-image-overlay-wrap\"><a href=\"https:\/\/www.agrarzeitung.de\/new-food-economy\/?utm_source=smart_protein&amp;utm_medium=text_banner&amp;utm_campaign=smart_protein_nFe\" class='avia_image '  target=\"_blank\"  rel=\"noopener noreferrer\" aria-label='nFe-Logo_web'><img class='avia_image ' src='https:\/\/dfvcg-events.de\/smart-proteins\/wp-content\/uploads\/sites\/41\/2023\/09\/nFe-Logo_web.jpg' alt='' title='nFe-Logo_web'  height=\"600\" width=\"800\"  itemprop=\"thumbnailUrl\"  \/><\/a><\/div><\/div><\/div><\/div><\/p>\n","protected":false},"excerpt":{"rendered":"","protected":false},"author":29,"featured_media":2318,"comment_status":"open","ping_status":"open","sticky":false,"template":"","format":"standard","meta":{"footnotes":""},"categories":[40,52,62,41,51,60],"tags":[],"class_list":["post-2317","post","type-post","status-publish","format-standard","has-post-thumbnail","hentry","category-logo-loop-2023","category-logo-loop-2024","category-logo-loop-2025","category-medienpartner-2023","category-medienpartner-2024","category-medienpartner-2025"],"yoast_head":"<!-- This site is optimized with the Yoast SEO plugin v27.4 - https:\/\/yoast.com\/product\/yoast-seo-wordpress\/ -->\n<title>Aussteller, Sponsoren, Partner: newFOODeconomy | Smart Proteins<\/title>\n<meta name=\"description\" content=\"Smart Proteins | Aussteller &amp; Sponsoren: newFOODeconomy\" \/>\n<meta name=\"robots\" content=\"index, follow, max-snippet:-1, max-image-preview:large, max-video-preview:-1\" \/>\n<link rel=\"canonical\" href=\"https:\/\/dfvcg-events.de\/smart-proteins\/newfoodeconomy\/\" \/>\n<meta property=\"og:locale\" content=\"de_DE\" \/>\n<meta property=\"og:type\" content=\"article\" \/>\n<meta property=\"og:title\" content=\"Aussteller, Sponsoren, Partner: newFOODeconomy | Smart Proteins\" \/>\n<meta property=\"og:description\" content=\"Smart Proteins | Aussteller &amp; Sponsoren: newFOODeconomy\" \/>\n<meta property=\"og:url\" content=\"https:\/\/dfvcg-events.de\/smart-proteins\/newfoodeconomy\/\" \/>\n<meta property=\"og:site_name\" content=\"Smart Proteins\" \/>\n<meta property=\"article:published_time\" content=\"2023-09-07T07:46:13+00:00\" \/>\n<meta property=\"article:modified_time\" content=\"2025-05-08T06:09:05+00:00\" \/>\n<meta property=\"og:image\" content=\"https:\/\/dfvcg-events.de\/smart-proteins\/wp-content\/uploads\/sites\/41\/2023\/09\/nFe-Logo_web.jpg\" \/>\n\t<meta property=\"og:image:width\" content=\"800\" \/>\n\t<meta property=\"og:image:height\" content=\"600\" \/>\n\t<meta property=\"og:image:type\" content=\"image\/jpeg\" \/>\n<meta name=\"author\" content=\"clark\" \/>\n<meta name=\"twitter:card\" content=\"summary_large_image\" \/>\n<meta name=\"twitter:label1\" content=\"Geschrieben von\" \/>\n\t<meta name=\"twitter:data1\" content=\"clark\" \/>\n\t<meta name=\"twitter:label2\" content=\"Gesch\u00e4tzte Lesezeit\" \/>\n\t<meta name=\"twitter:data2\" content=\"2\u00a0Minuten\" \/>\n<script type=\"application\/ld+json\" class=\"yoast-schema-graph\">{\"@context\":\"https:\\\/\\\/schema.org\",\"@graph\":[{\"@type\":\"Article\",\"@id\":\"https:\\\/\\\/dfvcg-events.de\\\/smart-proteins\\\/newfoodeconomy\\\/#article\",\"isPartOf\":{\"@id\":\"https:\\\/\\\/dfvcg-events.de\\\/smart-proteins\\\/newfoodeconomy\\\/\"},\"author\":{\"name\":\"clark\",\"@id\":\"https:\\\/\\\/dfvcg-events.de\\\/smart-proteins\\\/#\\\/schema\\\/person\\\/b8a115f24f3c0da1f9d8540627af0014\"},\"headline\":\"newFOODeconomy\",\"datePublished\":\"2023-09-07T07:46:13+00:00\",\"dateModified\":\"2025-05-08T06:09:05+00:00\",\"mainEntityOfPage\":{\"@id\":\"https:\\\/\\\/dfvcg-events.de\\\/smart-proteins\\\/newfoodeconomy\\\/\"},\"wordCount\":1119,\"commentCount\":0,\"publisher\":{\"@id\":\"https:\\\/\\\/dfvcg-events.de\\\/smart-proteins\\\/#organization\"},\"image\":{\"@id\":\"https:\\\/\\\/dfvcg-events.de\\\/smart-proteins\\\/newfoodeconomy\\\/#primaryimage\"},\"thumbnailUrl\":\"https:\\\/\\\/dfvcg-events.de\\\/smart-proteins\\\/wp-content\\\/uploads\\\/sites\\\/41\\\/2023\\\/09\\\/nFe-Logo_web.jpg\",\"articleSection\":[\"Logo-Loop 2023\",\"Logo-Loop 2024\",\"Logo-Loop 2025\",\"Medienpartner 2023\",\"Medienpartner 2024\",\"Medienpartner 2025\"],\"inLanguage\":\"de\",\"potentialAction\":[{\"@type\":\"CommentAction\",\"name\":\"Comment\",\"target\":[\"https:\\\/\\\/dfvcg-events.de\\\/smart-proteins\\\/newfoodeconomy\\\/#respond\"]}]},{\"@type\":\"WebPage\",\"@id\":\"https:\\\/\\\/dfvcg-events.de\\\/smart-proteins\\\/newfoodeconomy\\\/\",\"url\":\"https:\\\/\\\/dfvcg-events.de\\\/smart-proteins\\\/newfoodeconomy\\\/\",\"name\":\"Aussteller, Sponsoren, Partner: newFOODeconomy | Smart Proteins\",\"isPartOf\":{\"@id\":\"https:\\\/\\\/dfvcg-events.de\\\/smart-proteins\\\/#website\"},\"primaryImageOfPage\":{\"@id\":\"https:\\\/\\\/dfvcg-events.de\\\/smart-proteins\\\/newfoodeconomy\\\/#primaryimage\"},\"image\":{\"@id\":\"https:\\\/\\\/dfvcg-events.de\\\/smart-proteins\\\/newfoodeconomy\\\/#primaryimage\"},\"thumbnailUrl\":\"https:\\\/\\\/dfvcg-events.de\\\/smart-proteins\\\/wp-content\\\/uploads\\\/sites\\\/41\\\/2023\\\/09\\\/nFe-Logo_web.jpg\",\"datePublished\":\"2023-09-07T07:46:13+00:00\",\"dateModified\":\"2025-05-08T06:09:05+00:00\",\"description\":\"Smart Proteins | Aussteller & Sponsoren: newFOODeconomy\",\"breadcrumb\":{\"@id\":\"https:\\\/\\\/dfvcg-events.de\\\/smart-proteins\\\/newfoodeconomy\\\/#breadcrumb\"},\"inLanguage\":\"de\",\"potentialAction\":[{\"@type\":\"ReadAction\",\"target\":[\"https:\\\/\\\/dfvcg-events.de\\\/smart-proteins\\\/newfoodeconomy\\\/\"]}]},{\"@type\":\"ImageObject\",\"inLanguage\":\"de\",\"@id\":\"https:\\\/\\\/dfvcg-events.de\\\/smart-proteins\\\/newfoodeconomy\\\/#primaryimage\",\"url\":\"https:\\\/\\\/dfvcg-events.de\\\/smart-proteins\\\/wp-content\\\/uploads\\\/sites\\\/41\\\/2023\\\/09\\\/nFe-Logo_web.jpg\",\"contentUrl\":\"https:\\\/\\\/dfvcg-events.de\\\/smart-proteins\\\/wp-content\\\/uploads\\\/sites\\\/41\\\/2023\\\/09\\\/nFe-Logo_web.jpg\",\"width\":800,\"height\":600},{\"@type\":\"BreadcrumbList\",\"@id\":\"https:\\\/\\\/dfvcg-events.de\\\/smart-proteins\\\/newfoodeconomy\\\/#breadcrumb\",\"itemListElement\":[{\"@type\":\"ListItem\",\"position\":1,\"name\":\"Startseite\",\"item\":\"https:\\\/\\\/dfvcg-events.de\\\/smart-proteins\\\/\"},{\"@type\":\"ListItem\",\"position\":2,\"name\":\"newFOODeconomy\"}]},{\"@type\":\"WebSite\",\"@id\":\"https:\\\/\\\/dfvcg-events.de\\\/smart-proteins\\\/#website\",\"url\":\"https:\\\/\\\/dfvcg-events.de\\\/smart-proteins\\\/\",\"name\":\"Smart Proteins\",\"description\":\"Der Summit f\u00fcr alternative Proteinquellen\",\"publisher\":{\"@id\":\"https:\\\/\\\/dfvcg-events.de\\\/smart-proteins\\\/#organization\"},\"potentialAction\":[{\"@type\":\"SearchAction\",\"target\":{\"@type\":\"EntryPoint\",\"urlTemplate\":\"https:\\\/\\\/dfvcg-events.de\\\/smart-proteins\\\/?s={search_term_string}\"},\"query-input\":{\"@type\":\"PropertyValueSpecification\",\"valueRequired\":true,\"valueName\":\"search_term_string\"}}],\"inLanguage\":\"de\"},{\"@type\":\"Organization\",\"@id\":\"https:\\\/\\\/dfvcg-events.de\\\/smart-proteins\\\/#organization\",\"name\":\"Smart Proteins\",\"url\":\"https:\\\/\\\/dfvcg-events.de\\\/smart-proteins\\\/\",\"logo\":{\"@type\":\"ImageObject\",\"inLanguage\":\"de\",\"@id\":\"https:\\\/\\\/dfvcg-events.de\\\/smart-proteins\\\/#\\\/schema\\\/logo\\\/image\\\/\",\"url\":\"https:\\\/\\\/dfvcg-events.de\\\/smart-proteins\\\/wp-content\\\/uploads\\\/sites\\\/41\\\/2022\\\/02\\\/dfvcg-smart-proteins-key-visual.png\",\"contentUrl\":\"https:\\\/\\\/dfvcg-events.de\\\/smart-proteins\\\/wp-content\\\/uploads\\\/sites\\\/41\\\/2022\\\/02\\\/dfvcg-smart-proteins-key-visual.png\",\"width\":1225,\"height\":977,\"caption\":\"Smart Proteins\"},\"image\":{\"@id\":\"https:\\\/\\\/dfvcg-events.de\\\/smart-proteins\\\/#\\\/schema\\\/logo\\\/image\\\/\"}},{\"@type\":\"Person\",\"@id\":\"https:\\\/\\\/dfvcg-events.de\\\/smart-proteins\\\/#\\\/schema\\\/person\\\/b8a115f24f3c0da1f9d8540627af0014\",\"name\":\"clark\",\"url\":\"https:\\\/\\\/dfvcg-events.de\\\/smart-proteins\\\/author\\\/clark\\\/\"}]}<\/script>\n<!-- \/ Yoast SEO plugin. -->","yoast_head_json":{"title":"Aussteller, Sponsoren, Partner: newFOODeconomy | Smart Proteins","description":"Smart Proteins | Aussteller & Sponsoren: newFOODeconomy","robots":{"index":"index","follow":"follow","max-snippet":"max-snippet:-1","max-image-preview":"max-image-preview:large","max-video-preview":"max-video-preview:-1"},"canonical":"https:\/\/dfvcg-events.de\/smart-proteins\/newfoodeconomy\/","og_locale":"de_DE","og_type":"article","og_title":"Aussteller, Sponsoren, Partner: newFOODeconomy | Smart Proteins","og_description":"Smart Proteins | Aussteller & Sponsoren: newFOODeconomy","og_url":"https:\/\/dfvcg-events.de\/smart-proteins\/newfoodeconomy\/","og_site_name":"Smart Proteins","article_published_time":"2023-09-07T07:46:13+00:00","article_modified_time":"2025-05-08T06:09:05+00:00","og_image":[{"width":800,"height":600,"url":"https:\/\/dfvcg-events.de\/smart-proteins\/wp-content\/uploads\/sites\/41\/2023\/09\/nFe-Logo_web.jpg","type":"image\/jpeg"}],"author":"clark","twitter_card":"summary_large_image","twitter_misc":{"Geschrieben von":"clark","Gesch\u00e4tzte Lesezeit":"2\u00a0Minuten"},"schema":{"@context":"https:\/\/schema.org","@graph":[{"@type":"Article","@id":"https:\/\/dfvcg-events.de\/smart-proteins\/newfoodeconomy\/#article","isPartOf":{"@id":"https:\/\/dfvcg-events.de\/smart-proteins\/newfoodeconomy\/"},"author":{"name":"clark","@id":"https:\/\/dfvcg-events.de\/smart-proteins\/#\/schema\/person\/b8a115f24f3c0da1f9d8540627af0014"},"headline":"newFOODeconomy","datePublished":"2023-09-07T07:46:13+00:00","dateModified":"2025-05-08T06:09:05+00:00","mainEntityOfPage":{"@id":"https:\/\/dfvcg-events.de\/smart-proteins\/newfoodeconomy\/"},"wordCount":1119,"commentCount":0,"publisher":{"@id":"https:\/\/dfvcg-events.de\/smart-proteins\/#organization"},"image":{"@id":"https:\/\/dfvcg-events.de\/smart-proteins\/newfoodeconomy\/#primaryimage"},"thumbnailUrl":"https:\/\/dfvcg-events.de\/smart-proteins\/wp-content\/uploads\/sites\/41\/2023\/09\/nFe-Logo_web.jpg","articleSection":["Logo-Loop 2023","Logo-Loop 2024","Logo-Loop 2025","Medienpartner 2023","Medienpartner 2024","Medienpartner 2025"],"inLanguage":"de","potentialAction":[{"@type":"CommentAction","name":"Comment","target":["https:\/\/dfvcg-events.de\/smart-proteins\/newfoodeconomy\/#respond"]}]},{"@type":"WebPage","@id":"https:\/\/dfvcg-events.de\/smart-proteins\/newfoodeconomy\/","url":"https:\/\/dfvcg-events.de\/smart-proteins\/newfoodeconomy\/","name":"Aussteller, Sponsoren, Partner: newFOODeconomy | Smart Proteins","isPartOf":{"@id":"https:\/\/dfvcg-events.de\/smart-proteins\/#website"},"primaryImageOfPage":{"@id":"https:\/\/dfvcg-events.de\/smart-proteins\/newfoodeconomy\/#primaryimage"},"image":{"@id":"https:\/\/dfvcg-events.de\/smart-proteins\/newfoodeconomy\/#primaryimage"},"thumbnailUrl":"https:\/\/dfvcg-events.de\/smart-proteins\/wp-content\/uploads\/sites\/41\/2023\/09\/nFe-Logo_web.jpg","datePublished":"2023-09-07T07:46:13+00:00","dateModified":"2025-05-08T06:09:05+00:00","description":"Smart Proteins | Aussteller & Sponsoren: newFOODeconomy","breadcrumb":{"@id":"https:\/\/dfvcg-events.de\/smart-proteins\/newfoodeconomy\/#breadcrumb"},"inLanguage":"de","potentialAction":[{"@type":"ReadAction","target":["https:\/\/dfvcg-events.de\/smart-proteins\/newfoodeconomy\/"]}]},{"@type":"ImageObject","inLanguage":"de","@id":"https:\/\/dfvcg-events.de\/smart-proteins\/newfoodeconomy\/#primaryimage","url":"https:\/\/dfvcg-events.de\/smart-proteins\/wp-content\/uploads\/sites\/41\/2023\/09\/nFe-Logo_web.jpg","contentUrl":"https:\/\/dfvcg-events.de\/smart-proteins\/wp-content\/uploads\/sites\/41\/2023\/09\/nFe-Logo_web.jpg","width":800,"height":600},{"@type":"BreadcrumbList","@id":"https:\/\/dfvcg-events.de\/smart-proteins\/newfoodeconomy\/#breadcrumb","itemListElement":[{"@type":"ListItem","position":1,"name":"Startseite","item":"https:\/\/dfvcg-events.de\/smart-proteins\/"},{"@type":"ListItem","position":2,"name":"newFOODeconomy"}]},{"@type":"WebSite","@id":"https:\/\/dfvcg-events.de\/smart-proteins\/#website","url":"https:\/\/dfvcg-events.de\/smart-proteins\/","name":"Smart Proteins","description":"Der Summit f\u00fcr alternative Proteinquellen","publisher":{"@id":"https:\/\/dfvcg-events.de\/smart-proteins\/#organization"},"potentialAction":[{"@type":"SearchAction","target":{"@type":"EntryPoint","urlTemplate":"https:\/\/dfvcg-events.de\/smart-proteins\/?s={search_term_string}"},"query-input":{"@type":"PropertyValueSpecification","valueRequired":true,"valueName":"search_term_string"}}],"inLanguage":"de"},{"@type":"Organization","@id":"https:\/\/dfvcg-events.de\/smart-proteins\/#organization","name":"Smart Proteins","url":"https:\/\/dfvcg-events.de\/smart-proteins\/","logo":{"@type":"ImageObject","inLanguage":"de","@id":"https:\/\/dfvcg-events.de\/smart-proteins\/#\/schema\/logo\/image\/","url":"https:\/\/dfvcg-events.de\/smart-proteins\/wp-content\/uploads\/sites\/41\/2022\/02\/dfvcg-smart-proteins-key-visual.png","contentUrl":"https:\/\/dfvcg-events.de\/smart-proteins\/wp-content\/uploads\/sites\/41\/2022\/02\/dfvcg-smart-proteins-key-visual.png","width":1225,"height":977,"caption":"Smart Proteins"},"image":{"@id":"https:\/\/dfvcg-events.de\/smart-proteins\/#\/schema\/logo\/image\/"}},{"@type":"Person","@id":"https:\/\/dfvcg-events.de\/smart-proteins\/#\/schema\/person\/b8a115f24f3c0da1f9d8540627af0014","name":"clark","url":"https:\/\/dfvcg-events.de\/smart-proteins\/author\/clark\/"}]}},"_links":{"self":[{"href":"https:\/\/dfvcg-events.de\/smart-proteins\/wp-json\/wp\/v2\/posts\/2317","targetHints":{"allow":["GET"]}}],"collection":[{"href":"https:\/\/dfvcg-events.de\/smart-proteins\/wp-json\/wp\/v2\/posts"}],"about":[{"href":"https:\/\/dfvcg-events.de\/smart-proteins\/wp-json\/wp\/v2\/types\/post"}],"author":[{"embeddable":true,"href":"https:\/\/dfvcg-events.de\/smart-proteins\/wp-json\/wp\/v2\/users\/29"}],"replies":[{"embeddable":true,"href":"https:\/\/dfvcg-events.de\/smart-proteins\/wp-json\/wp\/v2\/comments?post=2317"}],"version-history":[{"count":2,"href":"https:\/\/dfvcg-events.de\/smart-proteins\/wp-json\/wp\/v2\/posts\/2317\/revisions"}],"predecessor-version":[{"id":3355,"href":"https:\/\/dfvcg-events.de\/smart-proteins\/wp-json\/wp\/v2\/posts\/2317\/revisions\/3355"}],"wp:featuredmedia":[{"embeddable":true,"href":"https:\/\/dfvcg-events.de\/smart-proteins\/wp-json\/wp\/v2\/media\/2318"}],"wp:attachment":[{"href":"https:\/\/dfvcg-events.de\/smart-proteins\/wp-json\/wp\/v2\/media?parent=2317"}],"wp:term":[{"taxonomy":"category","embeddable":true,"href":"https:\/\/dfvcg-events.de\/smart-proteins\/wp-json\/wp\/v2\/categories?post=2317"},{"taxonomy":"post_tag","embeddable":true,"href":"https:\/\/dfvcg-events.de\/smart-proteins\/wp-json\/wp\/v2\/tags?post=2317"}],"curies":[{"name":"wp","href":"https:\/\/api.w.org\/{rel}","templated":true}]}}