{"id":1763,"date":"2021-07-13T12:46:21","date_gmt":"2021-07-13T10:46:21","guid":{"rendered":"https:\/\/dfvcg-events.de\/packaging-360\/?p=1763"},"modified":"2022-03-04T16:36:04","modified_gmt":"2022-03-04T15:36:04","slug":"herma","status":"publish","type":"post","link":"https:\/\/dfvcg-events.de\/packaging-360\/herma\/","title":{"rendered":"HERMA"},"content":{"rendered":"<div id='av_section_1'  class='avia-section av-k7yuhjt1-676f3ed4420f2c40c202d201fc1a3016 main_color avia-section-default avia-no-border-styling  avia-builder-el-0  el_before_av_two_third  avia-builder-el-first  header-farbe avia-bg-style-scroll container_wrap fullsize'  ><div class='container av-section-cont-open' ><main  role=\"main\" itemprop=\"mainContentOfPage\"  class='template-page content  av-content-full alpha units'><div class='post-entry post-entry-type-page post-entry-1763'><div class='entry-content-wrapper clearfix'>\n\n<style type=\"text\/css\" data-created_by=\"avia_inline_auto\" id=\"style-css-av-kav2wagy-72d09eca7c858efa937955d9f24ae10b\">\n#top .av-special-heading.av-kav2wagy-72d09eca7c858efa937955d9f24ae10b{\npadding-bottom:0;\ncolor:#ffffff;\n}\nbody .av-special-heading.av-kav2wagy-72d09eca7c858efa937955d9f24ae10b .av-special-heading-tag .heading-char{\nfont-size:25px;\n}\n.av-special-heading.av-kav2wagy-72d09eca7c858efa937955d9f24ae10b .special-heading-inner-border{\nborder-color:#ffffff;\n}\n.av-special-heading.av-kav2wagy-72d09eca7c858efa937955d9f24ae10b .av-subheading{\nfont-size:19px;\n}\n<\/style>\n<div  class='av-special-heading av-kav2wagy-72d09eca7c858efa937955d9f24ae10b av-special-heading-h1 custom-color-heading blockquote modern-quote  avia-builder-el-1  avia-builder-el-no-sibling '><div class='av_custom_color av-subheading av-subheading_above'><p>PACKAGING 360\u00b0<\/p>\n<\/div><h1 class='av-special-heading-tag '  itemprop=\"headline\"  >Aussteller <span class='special_amp'>&amp;<\/span> Sponsoren<\/h1><div class=\"special-heading-border\"><div class=\"special-heading-inner-border\"><\/div><\/div><\/div>\n<\/div><\/div><\/main><!-- close content main element --><\/div><\/div><div id='after_section_1'  class='main_color av_default_container_wrap container_wrap fullsize'  ><div class='container av-section-cont-open' ><div class='template-page content  av-content-full alpha units'><div class='post-entry post-entry-type-page post-entry-1763'><div class='entry-content-wrapper clearfix'>\n<style type=\"text\/css\" data-created_by=\"avia_inline_auto\" id=\"style-css-av-2i0zqr-ed937986568ff6c3ef12ac86e8fec8ce\">\n.flex_column.av-2i0zqr-ed937986568ff6c3ef12ac86e8fec8ce{\nborder-radius:0px 0px 0px 0px;\npadding:0px 0px 0px 0px;\n}\n<\/style>\n<div  class='flex_column av-2i0zqr-ed937986568ff6c3ef12ac86e8fec8ce av_two_third  avia-builder-el-2  el_after_av_section  el_before_av_one_third  avia-builder-el-first  first flex_column_div av-zero-column-padding  '     ><p>\n<style type=\"text\/css\" data-created_by=\"avia_inline_auto\" id=\"style-css-av-ksef5sfr-a6f6f9888362eb85d49e541e6d2d3371\">\n#top .av-special-heading.av-ksef5sfr-a6f6f9888362eb85d49e541e6d2d3371{\npadding-bottom:10px;\n}\nbody .av-special-heading.av-ksef5sfr-a6f6f9888362eb85d49e541e6d2d3371 .av-special-heading-tag .heading-char{\nfont-size:25px;\n}\n.av-special-heading.av-ksef5sfr-a6f6f9888362eb85d49e541e6d2d3371 .av-subheading{\nfont-size:15px;\n}\n<\/style>\n<div  class='av-special-heading av-ksef5sfr-a6f6f9888362eb85d49e541e6d2d3371 av-special-heading-h3 blockquote modern-quote  avia-builder-el-3  el_before_av_textblock  avia-builder-el-first '><h3 class='av-special-heading-tag '  itemprop=\"headline\"  >HERMA<\/h3><div class=\"special-heading-border\"><div class=\"special-heading-inner-border\"><\/div><\/div><\/div><br \/>\n<section  class='av_textblock_section av-kseetmku-ba8ef3f51f42f26a0950f0b6384b78a3 '   itemscope=\"itemscope\" itemtype=\"https:\/\/schema.org\/BlogPosting\" itemprop=\"blogPost\" ><div class='avia_textblock'  itemprop=\"text\" ><p><strong>Die Zukunft der Versandetiketten ist tr\u00e4gerlos<\/strong><\/p>\n<p>Jeden Tag werden in Logistikzentren weltweit Millionen von Kartons auf den Weg gebracht. Sie alle tragen ein meist gro\u00dffl\u00e4chiges Versandetikett. Wie kann es gelingen, das daf\u00fcr ben\u00f6tigte Unterlagenmaterial einzusparen, das nach dem Aufbringen des Etiketts ja keinerlei Nutzen mehr hat? Mit anderen Worten: Wie lassen sich tausende Tonnen Abfall und entsprechende CO<sub>2<\/sub>-Emissionen vermeiden?<\/p>\n<p>Der Selbstklebespezialist HERMA hat daf\u00fcr das InNo-Liner System entwickelt. Es wurde 2019 mit dem Deutschen Verpackungspreis in der Kategorie Nachhaltigkeit ausgezeichnet. Das InNo-Liner System ist wahrscheinlich das weltweit erste und bislang wohl auch einzige System, das unter den Anforderungen in Logistikzentren hinsichtlich Geschwindigkeit und Prozesssicherheit stabil funktioniert. Es basiert auf einem speziellen mehrschichtigen Klebstoff, der zun\u00e4chst nicht-klebrig ist, und der eigens daf\u00fcr entwickelten Mikrozerst\u00e4ubungseinheit, die den Haftkleber aktiviert. Dies geschieht rein wasserbasiert, das hei\u00dft ohne L\u00f6semittel, ohne Hitze und ohne andere Mittel mit irgendwelchen unerw\u00fcnschten Nebenwirkungen.<\/p>\n<p>Kontakt:<\/p>\n<p>HERMA GmbH<\/p>\n<p>Heinrich-Hermann-Stra\u00dfe 14<\/p>\n<p>70794 Filderstadt<\/p>\n<p>Telefon: 0711\/7702-0<\/p>\n<p>E-Mail: <a href=\"mai&#108;&#116;&#111;&#x3a;&#x6d;&#x61;&#x74;&#x65;&#x72;ial&#64;&#104;&#101;&#114;&#x6d;&#x61;&#x2e;&#x64;&#x65;\">material&#64;&#104;&#101;&#114;&#109;&#97;&#46;&#100;&#101;<\/a><\/p>\n<p>Website InNo-Liner: www.herma.de\/unternehmen\/herma-inno-liner<\/p>\n<\/div><\/section><\/p><\/div><\/p>\n\n<style type=\"text\/css\" data-created_by=\"avia_inline_auto\" id=\"style-css-av-7pv81-b49a1e36663b2e8cca8dbc6d7f19f7c7\">\n.flex_column.av-7pv81-b49a1e36663b2e8cca8dbc6d7f19f7c7{\nborder-radius:0px 0px 0px 0px;\npadding:0px 0px 0px 0px;\n}\n<\/style>\n<div  class='flex_column av-7pv81-b49a1e36663b2e8cca8dbc6d7f19f7c7 av_one_third  avia-builder-el-5  el_after_av_two_third  avia-builder-el-last  flex_column_div av-zero-column-padding  '     ><p>\n<style type=\"text\/css\" data-created_by=\"avia_inline_auto\" id=\"style-css-av-k7zan5qj-0b856f4c32c64ca2ea55b45332834948\">\n.avia-image-container.av-k7zan5qj-0b856f4c32c64ca2ea55b45332834948 img.avia_image{\nbox-shadow:none;\n}\n.avia-image-container.av-k7zan5qj-0b856f4c32c64ca2ea55b45332834948 .av-image-caption-overlay-center{\ncolor:#ffffff;\n}\n<\/style>\n<div  class='avia-image-container av-k7zan5qj-0b856f4c32c64ca2ea55b45332834948 av-styling- av-img-linked avia-align-center  avia-builder-el-6  el_before_av_image  avia-builder-el-first '   itemprop=\"image\" itemscope=\"itemscope\" itemtype=\"https:\/\/schema.org\/ImageObject\" ><div class=\"avia-image-container-inner\"><div class=\"avia-image-overlay-wrap\"><a href=\"http:\/\/www.herma.de\/material\" class='avia_image '  target=\"_blank\"  rel=\"noopener noreferrer\" aria-label='Herma'><img decoding=\"async\" fetchpriority=\"high\" class='wp-image-1761 avia-img-lazy-loading-not-1761 avia_image ' src=\"https:\/\/dfvcg-events.de\/packaging-360\/wp-content\/uploads\/sites\/16\/2021\/07\/Herma-w.jpg\" alt='' title='Herma'  height=\"600\" width=\"800\"  itemprop=\"thumbnailUrl\"  \/><\/a><\/div><\/div><\/div><br \/>\n\n<style type=\"text\/css\" data-created_by=\"avia_inline_auto\" id=\"style-css-av-ksefomb8-3dc9735f5c78c69a3e5df856af4504a9\">\n.avia-image-container.av-ksefomb8-3dc9735f5c78c69a3e5df856af4504a9 img.avia_image{\nbox-shadow:none;\n}\n.avia-image-container.av-ksefomb8-3dc9735f5c78c69a3e5df856af4504a9 .av-image-caption-overlay-center{\ncolor:#ffffff;\n}\n<\/style>\n<div  class='avia-image-container av-ksefomb8-3dc9735f5c78c69a3e5df856af4504a9 av-styling- avia-align-center  avia-builder-el-7  el_after_av_image  el_before_av_image '   itemprop=\"image\" itemscope=\"itemscope\" itemtype=\"https:\/\/schema.org\/ImageObject\" ><div class=\"avia-image-container-inner\"><div class=\"avia-image-overlay-wrap\"><img decoding=\"async\" fetchpriority=\"high\" class='wp-image-1968 avia-img-lazy-loading-not-1968 avia_image ' src=\"https:\/\/dfvcg-events.de\/packaging-360\/wp-content\/uploads\/sites\/16\/2021\/07\/Herma-Bild2.jpg\" alt='' title='Herma Bild2'  height=\"214\" width=\"300\"  itemprop=\"thumbnailUrl\"  \/><\/div><\/div><\/div><br \/>\n\n<style type=\"text\/css\" data-created_by=\"avia_inline_auto\" id=\"style-css-av-ksefpcur-6ef29eedf721415833cb4d32be4c40ca\">\n.avia-image-container.av-ksefpcur-6ef29eedf721415833cb4d32be4c40ca img.avia_image{\nbox-shadow:none;\n}\n.avia-image-container.av-ksefpcur-6ef29eedf721415833cb4d32be4c40ca .av-image-caption-overlay-center{\ncolor:#ffffff;\n}\n<\/style>\n<div  class='avia-image-container av-ksefpcur-6ef29eedf721415833cb4d32be4c40ca av-styling- avia-align-center  avia-builder-el-8  el_after_av_image  el_before_av_image '   itemprop=\"image\" itemscope=\"itemscope\" itemtype=\"https:\/\/schema.org\/ImageObject\" ><div class=\"avia-image-container-inner\"><div class=\"avia-image-overlay-wrap\"><img decoding=\"async\" fetchpriority=\"high\" class='wp-image-1969 avia-img-lazy-loading-not-1969 avia_image ' src=\"https:\/\/dfvcg-events.de\/packaging-360\/wp-content\/uploads\/sites\/16\/2021\/07\/Herma-bild1.jpg\" alt='' title='Herma1'  height=\"214\" width=\"300\"  itemprop=\"thumbnailUrl\"  \/><\/div><\/div><\/div><br \/>\n\n<style type=\"text\/css\" data-created_by=\"avia_inline_auto\" id=\"style-css-av-ksefpucj-0f151d50953c1392b77174c1d3484df5\">\n.avia-image-container.av-ksefpucj-0f151d50953c1392b77174c1d3484df5 img.avia_image{\nbox-shadow:none;\n}\n.avia-image-container.av-ksefpucj-0f151d50953c1392b77174c1d3484df5 .av-image-caption-overlay-center{\ncolor:#ffffff;\n}\n<\/style>\n<div  class='avia-image-container av-ksefpucj-0f151d50953c1392b77174c1d3484df5 av-styling- avia-align-center  avia-builder-el-9  el_after_av_image  avia-builder-el-last '   itemprop=\"image\" itemscope=\"itemscope\" itemtype=\"https:\/\/schema.org\/ImageObject\" ><div class=\"avia-image-container-inner\"><div class=\"avia-image-overlay-wrap\"><img decoding=\"async\" fetchpriority=\"high\" class='wp-image-1970 avia-img-lazy-loading-not-1970 avia_image ' src=\"https:\/\/dfvcg-events.de\/packaging-360\/wp-content\/uploads\/sites\/16\/2021\/07\/Herma-Bild3.jpg\" alt='' title='Herma Bild3'  height=\"237\" width=\"300\"  itemprop=\"thumbnailUrl\"  \/><\/div><\/div><\/div><\/p><\/div>\n","protected":false},"excerpt":{"rendered":"","protected":false},"author":4,"featured_media":1761,"comment_status":"open","ping_status":"open","sticky":false,"template":"","format":"standard","meta":{"footnotes":""},"categories":[42],"tags":[],"class_list":["post-1763","post","type-post","status-publish","format-standard","has-post-thumbnail","hentry","category-premium-partner"],"yoast_head":"<!-- This site is optimized with the Yoast SEO plugin v27.4 - https:\/\/yoast.com\/product\/yoast-seo-wordpress\/ -->\n<title>Aussteller, Sponsoren, Partner: HERMA - PACKAGING360\u00b0<\/title>\n<meta name=\"description\" content=\"PACKAGING360\u00b0 - Aussteller &amp; Sponsoren: HERMA\" \/>\n<meta name=\"robots\" content=\"index, follow, max-snippet:-1, max-image-preview:large, max-video-preview:-1\" \/>\n<link rel=\"canonical\" href=\"https:\/\/dfvcg-events.de\/packaging-360\/herma\/\" \/>\n<meta property=\"og:locale\" content=\"de_DE\" \/>\n<meta property=\"og:type\" content=\"article\" \/>\n<meta property=\"og:title\" content=\"Aussteller, Sponsoren, Partner: HERMA - PACKAGING360\u00b0\" \/>\n<meta property=\"og:description\" content=\"PACKAGING360\u00b0 - Aussteller &amp; Sponsoren: HERMA\" \/>\n<meta property=\"og:url\" content=\"https:\/\/dfvcg-events.de\/packaging-360\/herma\/\" \/>\n<meta property=\"og:site_name\" content=\"PACKAGING360\u00b0\" \/>\n<meta property=\"article:published_time\" content=\"2021-07-13T10:46:21+00:00\" \/>\n<meta property=\"article:modified_time\" content=\"2022-03-04T15:36:04+00:00\" \/>\n<meta property=\"og:image\" content=\"https:\/\/dfvcg-events.de\/packaging-360\/wp-content\/uploads\/sites\/16\/2021\/07\/Herma-w.jpg\" \/>\n\t<meta property=\"og:image:width\" content=\"800\" \/>\n\t<meta property=\"og:image:height\" content=\"600\" \/>\n\t<meta property=\"og:image:type\" content=\"image\/jpeg\" \/>\n<meta name=\"author\" content=\"como\" \/>\n<meta name=\"twitter:card\" content=\"summary_large_image\" \/>\n<meta name=\"twitter:label1\" content=\"Geschrieben von\" \/>\n\t<meta name=\"twitter:data1\" content=\"como\" \/>\n\t<meta name=\"twitter:label2\" content=\"Gesch\u00e4tzte Lesezeit\" \/>\n\t<meta name=\"twitter:data2\" content=\"6\u00a0Minuten\" \/>\n<script type=\"application\/ld+json\" class=\"yoast-schema-graph\">{\"@context\":\"https:\\\/\\\/schema.org\",\"@graph\":[{\"@type\":\"Article\",\"@id\":\"https:\\\/\\\/dfvcg-events.de\\\/packaging-360\\\/herma\\\/#article\",\"isPartOf\":{\"@id\":\"https:\\\/\\\/dfvcg-events.de\\\/packaging-360\\\/herma\\\/\"},\"author\":{\"name\":\"como\",\"@id\":\"https:\\\/\\\/dfvcg-events.de\\\/packaging-360\\\/#\\\/schema\\\/person\\\/b470685a18b2288dd49b436ec18a6486\"},\"headline\":\"HERMA\",\"datePublished\":\"2021-07-13T10:46:21+00:00\",\"dateModified\":\"2022-03-04T15:36:04+00:00\",\"mainEntityOfPage\":{\"@id\":\"https:\\\/\\\/dfvcg-events.de\\\/packaging-360\\\/herma\\\/\"},\"wordCount\":977,\"commentCount\":0,\"publisher\":{\"@id\":\"https:\\\/\\\/dfvcg-events.de\\\/packaging-360\\\/#organization\"},\"image\":{\"@id\":\"https:\\\/\\\/dfvcg-events.de\\\/packaging-360\\\/herma\\\/#primaryimage\"},\"thumbnailUrl\":\"https:\\\/\\\/dfvcg-events.de\\\/packaging-360\\\/wp-content\\\/uploads\\\/sites\\\/16\\\/2021\\\/07\\\/Herma-w.jpg\",\"articleSection\":[\"Premium Partner\"],\"inLanguage\":\"de\",\"potentialAction\":[{\"@type\":\"CommentAction\",\"name\":\"Comment\",\"target\":[\"https:\\\/\\\/dfvcg-events.de\\\/packaging-360\\\/herma\\\/#respond\"]}]},{\"@type\":\"WebPage\",\"@id\":\"https:\\\/\\\/dfvcg-events.de\\\/packaging-360\\\/herma\\\/\",\"url\":\"https:\\\/\\\/dfvcg-events.de\\\/packaging-360\\\/herma\\\/\",\"name\":\"Aussteller, Sponsoren, Partner: HERMA - PACKAGING360\u00b0\",\"isPartOf\":{\"@id\":\"https:\\\/\\\/dfvcg-events.de\\\/packaging-360\\\/#website\"},\"primaryImageOfPage\":{\"@id\":\"https:\\\/\\\/dfvcg-events.de\\\/packaging-360\\\/herma\\\/#primaryimage\"},\"image\":{\"@id\":\"https:\\\/\\\/dfvcg-events.de\\\/packaging-360\\\/herma\\\/#primaryimage\"},\"thumbnailUrl\":\"https:\\\/\\\/dfvcg-events.de\\\/packaging-360\\\/wp-content\\\/uploads\\\/sites\\\/16\\\/2021\\\/07\\\/Herma-w.jpg\",\"datePublished\":\"2021-07-13T10:46:21+00:00\",\"dateModified\":\"2022-03-04T15:36:04+00:00\",\"description\":\"PACKAGING360\u00b0 - Aussteller & Sponsoren: HERMA\",\"breadcrumb\":{\"@id\":\"https:\\\/\\\/dfvcg-events.de\\\/packaging-360\\\/herma\\\/#breadcrumb\"},\"inLanguage\":\"de\",\"potentialAction\":[{\"@type\":\"ReadAction\",\"target\":[\"https:\\\/\\\/dfvcg-events.de\\\/packaging-360\\\/herma\\\/\"]}]},{\"@type\":\"ImageObject\",\"inLanguage\":\"de\",\"@id\":\"https:\\\/\\\/dfvcg-events.de\\\/packaging-360\\\/herma\\\/#primaryimage\",\"url\":\"https:\\\/\\\/dfvcg-events.de\\\/packaging-360\\\/wp-content\\\/uploads\\\/sites\\\/16\\\/2021\\\/07\\\/Herma-w.jpg\",\"contentUrl\":\"https:\\\/\\\/dfvcg-events.de\\\/packaging-360\\\/wp-content\\\/uploads\\\/sites\\\/16\\\/2021\\\/07\\\/Herma-w.jpg\",\"width\":800,\"height\":600},{\"@type\":\"BreadcrumbList\",\"@id\":\"https:\\\/\\\/dfvcg-events.de\\\/packaging-360\\\/herma\\\/#breadcrumb\",\"itemListElement\":[{\"@type\":\"ListItem\",\"position\":1,\"name\":\"Startseite\",\"item\":\"https:\\\/\\\/dfvcg-events.de\\\/packaging-360\\\/\"},{\"@type\":\"ListItem\",\"position\":2,\"name\":\"HERMA\"}]},{\"@type\":\"WebSite\",\"@id\":\"https:\\\/\\\/dfvcg-events.de\\\/packaging-360\\\/#website\",\"url\":\"https:\\\/\\\/dfvcg-events.de\\\/packaging-360\\\/\",\"name\":\"PACKAGING360\u00b0\",\"description\":\"dfv Conference Group\",\"publisher\":{\"@id\":\"https:\\\/\\\/dfvcg-events.de\\\/packaging-360\\\/#organization\"},\"potentialAction\":[{\"@type\":\"SearchAction\",\"target\":{\"@type\":\"EntryPoint\",\"urlTemplate\":\"https:\\\/\\\/dfvcg-events.de\\\/packaging-360\\\/?s={search_term_string}\"},\"query-input\":{\"@type\":\"PropertyValueSpecification\",\"valueRequired\":true,\"valueName\":\"search_term_string\"}}],\"inLanguage\":\"de\"},{\"@type\":\"Organization\",\"@id\":\"https:\\\/\\\/dfvcg-events.de\\\/packaging-360\\\/#organization\",\"name\":\"PACKAGING360\u00b0\",\"url\":\"https:\\\/\\\/dfvcg-events.de\\\/packaging-360\\\/\",\"logo\":{\"@type\":\"ImageObject\",\"inLanguage\":\"de\",\"@id\":\"https:\\\/\\\/dfvcg-events.de\\\/packaging-360\\\/#\\\/schema\\\/logo\\\/image\\\/\",\"url\":\"https:\\\/\\\/dfvcg-events.de\\\/packaging-360\\\/wp-content\\\/uploads\\\/sites\\\/16\\\/2020\\\/06\\\/dfvcg-packaging.jpg\",\"contentUrl\":\"https:\\\/\\\/dfvcg-events.de\\\/packaging-360\\\/wp-content\\\/uploads\\\/sites\\\/16\\\/2020\\\/06\\\/dfvcg-packaging.jpg\",\"width\":800,\"height\":800,\"caption\":\"PACKAGING360\u00b0\"},\"image\":{\"@id\":\"https:\\\/\\\/dfvcg-events.de\\\/packaging-360\\\/#\\\/schema\\\/logo\\\/image\\\/\"}},{\"@type\":\"Person\",\"@id\":\"https:\\\/\\\/dfvcg-events.de\\\/packaging-360\\\/#\\\/schema\\\/person\\\/b470685a18b2288dd49b436ec18a6486\",\"name\":\"como\",\"url\":\"https:\\\/\\\/dfvcg-events.de\\\/packaging-360\\\/author\\\/como\\\/\"}]}<\/script>\n<!-- \/ Yoast SEO plugin. -->","yoast_head_json":{"title":"Aussteller, Sponsoren, Partner: HERMA - PACKAGING360\u00b0","description":"PACKAGING360\u00b0 - Aussteller & Sponsoren: HERMA","robots":{"index":"index","follow":"follow","max-snippet":"max-snippet:-1","max-image-preview":"max-image-preview:large","max-video-preview":"max-video-preview:-1"},"canonical":"https:\/\/dfvcg-events.de\/packaging-360\/herma\/","og_locale":"de_DE","og_type":"article","og_title":"Aussteller, Sponsoren, Partner: HERMA - PACKAGING360\u00b0","og_description":"PACKAGING360\u00b0 - Aussteller & Sponsoren: HERMA","og_url":"https:\/\/dfvcg-events.de\/packaging-360\/herma\/","og_site_name":"PACKAGING360\u00b0","article_published_time":"2021-07-13T10:46:21+00:00","article_modified_time":"2022-03-04T15:36:04+00:00","og_image":[{"width":800,"height":600,"url":"https:\/\/dfvcg-events.de\/packaging-360\/wp-content\/uploads\/sites\/16\/2021\/07\/Herma-w.jpg","type":"image\/jpeg"}],"author":"como","twitter_card":"summary_large_image","twitter_misc":{"Geschrieben von":"como","Gesch\u00e4tzte Lesezeit":"6\u00a0Minuten"},"schema":{"@context":"https:\/\/schema.org","@graph":[{"@type":"Article","@id":"https:\/\/dfvcg-events.de\/packaging-360\/herma\/#article","isPartOf":{"@id":"https:\/\/dfvcg-events.de\/packaging-360\/herma\/"},"author":{"name":"como","@id":"https:\/\/dfvcg-events.de\/packaging-360\/#\/schema\/person\/b470685a18b2288dd49b436ec18a6486"},"headline":"HERMA","datePublished":"2021-07-13T10:46:21+00:00","dateModified":"2022-03-04T15:36:04+00:00","mainEntityOfPage":{"@id":"https:\/\/dfvcg-events.de\/packaging-360\/herma\/"},"wordCount":977,"commentCount":0,"publisher":{"@id":"https:\/\/dfvcg-events.de\/packaging-360\/#organization"},"image":{"@id":"https:\/\/dfvcg-events.de\/packaging-360\/herma\/#primaryimage"},"thumbnailUrl":"https:\/\/dfvcg-events.de\/packaging-360\/wp-content\/uploads\/sites\/16\/2021\/07\/Herma-w.jpg","articleSection":["Premium Partner"],"inLanguage":"de","potentialAction":[{"@type":"CommentAction","name":"Comment","target":["https:\/\/dfvcg-events.de\/packaging-360\/herma\/#respond"]}]},{"@type":"WebPage","@id":"https:\/\/dfvcg-events.de\/packaging-360\/herma\/","url":"https:\/\/dfvcg-events.de\/packaging-360\/herma\/","name":"Aussteller, Sponsoren, Partner: HERMA - PACKAGING360\u00b0","isPartOf":{"@id":"https:\/\/dfvcg-events.de\/packaging-360\/#website"},"primaryImageOfPage":{"@id":"https:\/\/dfvcg-events.de\/packaging-360\/herma\/#primaryimage"},"image":{"@id":"https:\/\/dfvcg-events.de\/packaging-360\/herma\/#primaryimage"},"thumbnailUrl":"https:\/\/dfvcg-events.de\/packaging-360\/wp-content\/uploads\/sites\/16\/2021\/07\/Herma-w.jpg","datePublished":"2021-07-13T10:46:21+00:00","dateModified":"2022-03-04T15:36:04+00:00","description":"PACKAGING360\u00b0 - Aussteller & Sponsoren: HERMA","breadcrumb":{"@id":"https:\/\/dfvcg-events.de\/packaging-360\/herma\/#breadcrumb"},"inLanguage":"de","potentialAction":[{"@type":"ReadAction","target":["https:\/\/dfvcg-events.de\/packaging-360\/herma\/"]}]},{"@type":"ImageObject","inLanguage":"de","@id":"https:\/\/dfvcg-events.de\/packaging-360\/herma\/#primaryimage","url":"https:\/\/dfvcg-events.de\/packaging-360\/wp-content\/uploads\/sites\/16\/2021\/07\/Herma-w.jpg","contentUrl":"https:\/\/dfvcg-events.de\/packaging-360\/wp-content\/uploads\/sites\/16\/2021\/07\/Herma-w.jpg","width":800,"height":600},{"@type":"BreadcrumbList","@id":"https:\/\/dfvcg-events.de\/packaging-360\/herma\/#breadcrumb","itemListElement":[{"@type":"ListItem","position":1,"name":"Startseite","item":"https:\/\/dfvcg-events.de\/packaging-360\/"},{"@type":"ListItem","position":2,"name":"HERMA"}]},{"@type":"WebSite","@id":"https:\/\/dfvcg-events.de\/packaging-360\/#website","url":"https:\/\/dfvcg-events.de\/packaging-360\/","name":"PACKAGING360\u00b0","description":"dfv Conference Group","publisher":{"@id":"https:\/\/dfvcg-events.de\/packaging-360\/#organization"},"potentialAction":[{"@type":"SearchAction","target":{"@type":"EntryPoint","urlTemplate":"https:\/\/dfvcg-events.de\/packaging-360\/?s={search_term_string}"},"query-input":{"@type":"PropertyValueSpecification","valueRequired":true,"valueName":"search_term_string"}}],"inLanguage":"de"},{"@type":"Organization","@id":"https:\/\/dfvcg-events.de\/packaging-360\/#organization","name":"PACKAGING360\u00b0","url":"https:\/\/dfvcg-events.de\/packaging-360\/","logo":{"@type":"ImageObject","inLanguage":"de","@id":"https:\/\/dfvcg-events.de\/packaging-360\/#\/schema\/logo\/image\/","url":"https:\/\/dfvcg-events.de\/packaging-360\/wp-content\/uploads\/sites\/16\/2020\/06\/dfvcg-packaging.jpg","contentUrl":"https:\/\/dfvcg-events.de\/packaging-360\/wp-content\/uploads\/sites\/16\/2020\/06\/dfvcg-packaging.jpg","width":800,"height":800,"caption":"PACKAGING360\u00b0"},"image":{"@id":"https:\/\/dfvcg-events.de\/packaging-360\/#\/schema\/logo\/image\/"}},{"@type":"Person","@id":"https:\/\/dfvcg-events.de\/packaging-360\/#\/schema\/person\/b470685a18b2288dd49b436ec18a6486","name":"como","url":"https:\/\/dfvcg-events.de\/packaging-360\/author\/como\/"}]}},"_links":{"self":[{"href":"https:\/\/dfvcg-events.de\/packaging-360\/wp-json\/wp\/v2\/posts\/1763","targetHints":{"allow":["GET"]}}],"collection":[{"href":"https:\/\/dfvcg-events.de\/packaging-360\/wp-json\/wp\/v2\/posts"}],"about":[{"href":"https:\/\/dfvcg-events.de\/packaging-360\/wp-json\/wp\/v2\/types\/post"}],"author":[{"embeddable":true,"href":"https:\/\/dfvcg-events.de\/packaging-360\/wp-json\/wp\/v2\/users\/4"}],"replies":[{"embeddable":true,"href":"https:\/\/dfvcg-events.de\/packaging-360\/wp-json\/wp\/v2\/comments?post=1763"}],"version-history":[{"count":0,"href":"https:\/\/dfvcg-events.de\/packaging-360\/wp-json\/wp\/v2\/posts\/1763\/revisions"}],"wp:featuredmedia":[{"embeddable":true,"href":"https:\/\/dfvcg-events.de\/packaging-360\/wp-json\/wp\/v2\/media\/1761"}],"wp:attachment":[{"href":"https:\/\/dfvcg-events.de\/packaging-360\/wp-json\/wp\/v2\/media?parent=1763"}],"wp:term":[{"taxonomy":"category","embeddable":true,"href":"https:\/\/dfvcg-events.de\/packaging-360\/wp-json\/wp\/v2\/categories?post=1763"},{"taxonomy":"post_tag","embeddable":true,"href":"https:\/\/dfvcg-events.de\/packaging-360\/wp-json\/wp\/v2\/tags?post=1763"}],"curies":[{"name":"wp","href":"https:\/\/api.w.org\/{rel}","templated":true}]}}