{"id":4768,"date":"2024-03-18T11:52:48","date_gmt":"2024-03-18T10:52:48","guid":{"rendered":"https:\/\/dfvcg-events.de\/hotelimmobilien-kongress\/?p=4768"},"modified":"2025-01-10T14:58:44","modified_gmt":"2025-01-10T13:58:44","slug":"kucera-rechtsanwaelte","status":"publish","type":"post","link":"https:\/\/dfvcg-events.de\/hotelimmobilien-kongress\/kucera-rechtsanwaelte\/","title":{"rendered":"KUCERA Rechtsanw\u00e4lte"},"content":{"rendered":"\n<style type=\"text\/css\" data-created_by=\"avia_inline_auto\" id=\"style-css-av-5dp9jm-6e7389fb6868de1c9eb855e6ab5a2dec\">\n.flex_column.av-5dp9jm-6e7389fb6868de1c9eb855e6ab5a2dec{\nborder-radius:0px 0px 0px 0px;\npadding:0px 0px 0px 0px;\n}\n<\/style>\n<div  class='flex_column av-5dp9jm-6e7389fb6868de1c9eb855e6ab5a2dec av_three_fourth  avia-builder-el-0  el_before_av_one_fourth  avia-builder-el-first  first flex_column_div av-zero-column-padding  '     ><p>\n<style type=\"text\/css\" data-created_by=\"avia_inline_auto\" id=\"style-css-av-3nubsi-6fe73b97de7941fc9b97924c5d134465\">\n#top .av-special-heading.av-3nubsi-6fe73b97de7941fc9b97924c5d134465{\npadding-bottom:10px;\n}\nbody .av-special-heading.av-3nubsi-6fe73b97de7941fc9b97924c5d134465 .av-special-heading-tag .heading-char{\nfont-size:25px;\n}\n.av-special-heading.av-3nubsi-6fe73b97de7941fc9b97924c5d134465 .av-subheading{\nfont-size:15px;\n}\n<\/style>\n<div  class='av-special-heading av-3nubsi-6fe73b97de7941fc9b97924c5d134465 av-special-heading-h2 blockquote modern-quote  avia-builder-el-1  el_before_av_textblock  avia-builder-el-first '><h2 class='av-special-heading-tag '  itemprop=\"headline\"  >KUCERA Rechtsanw\u00e4lte<\/h2><div class=\"special-heading-border\"><div class=\"special-heading-inner-border\"><\/div><\/div><\/div><br \/>\n<section  class='av_textblock_section av-lrjed0fi-dace1255b6fd3d3444f992adcb91eeae '   itemscope=\"itemscope\" itemtype=\"https:\/\/schema.org\/BlogPosting\" itemprop=\"blogPost\" ><div class='avia_textblock'  itemprop=\"text\" ><p>2004 als Spin-off einer internationalen Law Firm entstanden, hat sich KUCERA als eine der f\u00fchrenden deutschen Immobilienkanzleien etabliert. Als Alternative zu den Real-Estate-Teams gro\u00dfer Law Firms beraten wir in allen Rechts- und Steuerfragen, die sich w\u00e4hrend des \u201eLebenszyklus\u201c einer Immobilie stellen. Komplexe Transaktionen und Vertragsgestaltungen, steueroptimierte Gesellschaftsstrukturierungen sowie internationale Sachverhalte geh\u00f6ren zu unserem t\u00e4glichen Gesch\u00e4ft.<\/p>\n<p>Die Fokussierung auf das Immobiliengesch\u00e4ft und branchenbezogene Spezialkenntnisse erm\u00f6glichen es uns, Sie auf h\u00f6chstem Niveau schnell und fundiert zu beraten, anspruchsvolle Projekte agil umzusetzen und die laufende Immobilienbewirtschaftung zu begleiten. Unsere Mandanten profitieren von unserem Branchenwissen, skalierbaren Teams und digitaler Work Flow-Unterst\u00fctzung.<\/p>\n<p>Zu unseren Mandanten z\u00e4hlen nationale und internationale Immobilienmanager, private, gewerbliche und institutionelle Immobilieninvestoren aus dem In- und Ausland, Wohnungsbaugesellschaften, Family Offices, Projektentwickler, Bautr\u00e4ger, \u00f6ffentliche Institutionen, Banken und Versicherer sowie Immobiliennutzer.<\/p>\n<p>Wir kooperieren mit befreundeten Partnerkanzleien im Ausland, mit denen wir erfolgreich zusammenarbeiten.<\/p>\n<p><strong>Kontakt<\/strong><\/p>\n<p><strong>KUCERA Rechtsanw\u00e4lte<\/strong><br \/>\nKornmarkt 1A<br \/>\n60311 Frankfurt am Main<\/p>\n<p>T +49 (0)69 60 60 800-0<br \/>\nF +49 (0)69 60 60 800-50<\/p>\n<p>E-Mail:\u00a0<a href=\"&#x6d;&#97;&#105;l&#x74;&#x6f;&#58;i&#x6e;&#x66;&#111;&#64;&#x6b;&#x75;&#99;e&#x72;&#x61;&#46;b&#x69;&#x7a;\">i&#110;&#102;&#x6f;&#x40;&#x6b;uc&#101;&#114;&#x61;&#x2e;&#x62;i&#122;<\/a><\/p>\n<p><a href=\"https:\/\/kucera.biz\/\">www.kucera.biz<\/a><\/p>\n<\/div><\/section><\/p><\/div>\n<style type=\"text\/css\" data-created_by=\"avia_inline_auto\" id=\"style-css-av-2zp77m-e305e2661afbafa0b58b1c9843f7c282\">\n.flex_column.av-2zp77m-e305e2661afbafa0b58b1c9843f7c282{\nborder-radius:0px 0px 0px 0px;\npadding:0px 0px 0px 0px;\n}\n<\/style>\n<div  class='flex_column av-2zp77m-e305e2661afbafa0b58b1c9843f7c282 av_one_fourth  avia-builder-el-3  el_after_av_three_fourth  avia-builder-el-last  flex_column_div av-zero-column-padding  '     ><style type=\"text\/css\" data-created_by=\"avia_inline_auto\" id=\"style-css-av-lrjej2p3-b30c64a4c51e197f1ea10c4f7883c6a2\">\n.avia-image-container.av-lrjej2p3-b30c64a4c51e197f1ea10c4f7883c6a2 img.avia_image{\nbox-shadow:none;\n}\n.avia-image-container.av-lrjej2p3-b30c64a4c51e197f1ea10c4f7883c6a2 .av-image-caption-overlay-center{\ncolor:#ffffff;\n}\n<\/style>\n<div  class='avia-image-container av-lrjej2p3-b30c64a4c51e197f1ea10c4f7883c6a2 av-styling- av-img-linked avia-align-center  avia-builder-el-4  avia-builder-el-no-sibling '   itemprop=\"image\" itemscope=\"itemscope\" itemtype=\"https:\/\/schema.org\/ImageObject\" ><div class=\"avia-image-container-inner\"><div class=\"avia-image-overlay-wrap\"><a href=\"https:\/\/kucera.biz\/\" class='avia_image '  target=\"_blank\"  rel=\"noopener noreferrer\" aria-label='kucera'><img decoding=\"async\" fetchpriority=\"high\" class='wp-image-4769 avia-img-lazy-loading-not-4769 avia_image ' src=\"https:\/\/dfvcg-events.de\/hotelimmobilien-kongress\/wp-content\/uploads\/sites\/6\/2024\/03\/kucera.jpg\" alt='' title='kucera'  height=\"600\" width=\"800\"  itemprop=\"thumbnailUrl\" srcset=\"https:\/\/dfvcg-events.de\/hotelimmobilien-kongress\/wp-content\/uploads\/sites\/6\/2024\/03\/kucera.jpg 800w, https:\/\/dfvcg-events.de\/hotelimmobilien-kongress\/wp-content\/uploads\/sites\/6\/2024\/03\/kucera-705x529.jpg 705w\" sizes=\"(max-width: 800px) 100vw, 800px\" \/><\/a><\/div><\/div><\/div><\/div><\/p>\n","protected":false},"excerpt":{"rendered":"","protected":false},"author":4,"featured_media":4769,"comment_status":"closed","ping_status":"closed","sticky":false,"template":"","format":"standard","meta":{"footnotes":""},"categories":[58,62],"tags":[],"class_list":["post-4768","post","type-post","status-publish","format-standard","has-post-thumbnail","hentry","category-partner-2024","category-partner-2025"],"yoast_head":"<!-- This site is optimized with the Yoast SEO plugin v27.4 - https:\/\/yoast.com\/product\/yoast-seo-wordpress\/ -->\n<title>Vielen Dank an: KUCERA Rechtsanw\u00e4lte | Deutscher Hotelimmobilien-Kongress<\/title>\n<meta name=\"description\" content=\"Deutscher Hotelimmobilien-Kongress | Freuen Sie sich auf: KUCERA Rechtsanw\u00e4lte\" \/>\n<meta name=\"robots\" content=\"index, follow, max-snippet:-1, max-image-preview:large, max-video-preview:-1\" \/>\n<link rel=\"canonical\" href=\"https:\/\/dfvcg-events.de\/hotelimmobilien-kongress\/kucera-rechtsanwaelte\/\" \/>\n<meta property=\"og:locale\" content=\"de_DE\" \/>\n<meta property=\"og:type\" content=\"article\" \/>\n<meta property=\"og:title\" content=\"Vielen Dank an: KUCERA Rechtsanw\u00e4lte | Deutscher Hotelimmobilien-Kongress\" \/>\n<meta property=\"og:description\" content=\"Deutscher Hotelimmobilien-Kongress | Freuen Sie sich auf: KUCERA Rechtsanw\u00e4lte\" \/>\n<meta property=\"og:url\" content=\"https:\/\/dfvcg-events.de\/hotelimmobilien-kongress\/kucera-rechtsanwaelte\/\" \/>\n<meta property=\"og:site_name\" content=\"Deutscher Hotelimmobilien-Kongress\" \/>\n<meta property=\"article:published_time\" content=\"2024-03-18T10:52:48+00:00\" \/>\n<meta property=\"article:modified_time\" content=\"2025-01-10T13:58:44+00:00\" \/>\n<meta property=\"og:image\" content=\"https:\/\/dfvcg-events.de\/hotelimmobilien-kongress\/wp-content\/uploads\/sites\/6\/2024\/03\/kucera.jpg\" \/>\n\t<meta property=\"og:image:width\" content=\"800\" \/>\n\t<meta property=\"og:image:height\" content=\"600\" \/>\n\t<meta property=\"og:image:type\" content=\"image\/jpeg\" \/>\n<meta name=\"author\" content=\"como\" \/>\n<meta name=\"twitter:card\" content=\"summary_large_image\" \/>\n<meta name=\"twitter:label1\" content=\"Verfasst von\" \/>\n\t<meta name=\"twitter:data1\" content=\"como\" \/>\n\t<meta name=\"twitter:label2\" content=\"Gesch\u00e4tzte Lesezeit\" \/>\n\t<meta name=\"twitter:data2\" content=\"2\u00a0Minuten\" \/>\n<script type=\"application\/ld+json\" class=\"yoast-schema-graph\">{\"@context\":\"https:\\\/\\\/schema.org\",\"@graph\":[{\"@type\":\"Article\",\"@id\":\"https:\\\/\\\/dfvcg-events.de\\\/hotelimmobilien-kongress\\\/kucera-rechtsanwaelte\\\/#article\",\"isPartOf\":{\"@id\":\"https:\\\/\\\/dfvcg-events.de\\\/hotelimmobilien-kongress\\\/kucera-rechtsanwaelte\\\/\"},\"author\":{\"name\":\"como\",\"@id\":\"https:\\\/\\\/dfvcg-events.de\\\/hotelimmobilien-kongress\\\/#\\\/schema\\\/person\\\/b470685a18b2288dd49b436ec18a6486\"},\"headline\":\"KUCERA Rechtsanw\u00e4lte\",\"datePublished\":\"2024-03-18T10:52:48+00:00\",\"dateModified\":\"2025-01-10T13:58:44+00:00\",\"mainEntityOfPage\":{\"@id\":\"https:\\\/\\\/dfvcg-events.de\\\/hotelimmobilien-kongress\\\/kucera-rechtsanwaelte\\\/\"},\"wordCount\":828,\"publisher\":{\"@id\":\"https:\\\/\\\/dfvcg-events.de\\\/hotelimmobilien-kongress\\\/#organization\"},\"image\":{\"@id\":\"https:\\\/\\\/dfvcg-events.de\\\/hotelimmobilien-kongress\\\/kucera-rechtsanwaelte\\\/#primaryimage\"},\"thumbnailUrl\":\"https:\\\/\\\/dfvcg-events.de\\\/hotelimmobilien-kongress\\\/wp-content\\\/uploads\\\/sites\\\/6\\\/2024\\\/03\\\/kucera.jpg\",\"articleSection\":[\"Partner 2024\",\"Partner 2025\"],\"inLanguage\":\"de\"},{\"@type\":\"WebPage\",\"@id\":\"https:\\\/\\\/dfvcg-events.de\\\/hotelimmobilien-kongress\\\/kucera-rechtsanwaelte\\\/\",\"url\":\"https:\\\/\\\/dfvcg-events.de\\\/hotelimmobilien-kongress\\\/kucera-rechtsanwaelte\\\/\",\"name\":\"Vielen Dank an: KUCERA Rechtsanw\u00e4lte | Deutscher Hotelimmobilien-Kongress\",\"isPartOf\":{\"@id\":\"https:\\\/\\\/dfvcg-events.de\\\/hotelimmobilien-kongress\\\/#website\"},\"primaryImageOfPage\":{\"@id\":\"https:\\\/\\\/dfvcg-events.de\\\/hotelimmobilien-kongress\\\/kucera-rechtsanwaelte\\\/#primaryimage\"},\"image\":{\"@id\":\"https:\\\/\\\/dfvcg-events.de\\\/hotelimmobilien-kongress\\\/kucera-rechtsanwaelte\\\/#primaryimage\"},\"thumbnailUrl\":\"https:\\\/\\\/dfvcg-events.de\\\/hotelimmobilien-kongress\\\/wp-content\\\/uploads\\\/sites\\\/6\\\/2024\\\/03\\\/kucera.jpg\",\"datePublished\":\"2024-03-18T10:52:48+00:00\",\"dateModified\":\"2025-01-10T13:58:44+00:00\",\"description\":\"Deutscher Hotelimmobilien-Kongress | Freuen Sie sich auf: KUCERA Rechtsanw\u00e4lte\",\"breadcrumb\":{\"@id\":\"https:\\\/\\\/dfvcg-events.de\\\/hotelimmobilien-kongress\\\/kucera-rechtsanwaelte\\\/#breadcrumb\"},\"inLanguage\":\"de\",\"potentialAction\":[{\"@type\":\"ReadAction\",\"target\":[\"https:\\\/\\\/dfvcg-events.de\\\/hotelimmobilien-kongress\\\/kucera-rechtsanwaelte\\\/\"]}]},{\"@type\":\"ImageObject\",\"inLanguage\":\"de\",\"@id\":\"https:\\\/\\\/dfvcg-events.de\\\/hotelimmobilien-kongress\\\/kucera-rechtsanwaelte\\\/#primaryimage\",\"url\":\"https:\\\/\\\/dfvcg-events.de\\\/hotelimmobilien-kongress\\\/wp-content\\\/uploads\\\/sites\\\/6\\\/2024\\\/03\\\/kucera.jpg\",\"contentUrl\":\"https:\\\/\\\/dfvcg-events.de\\\/hotelimmobilien-kongress\\\/wp-content\\\/uploads\\\/sites\\\/6\\\/2024\\\/03\\\/kucera.jpg\",\"width\":800,\"height\":600},{\"@type\":\"BreadcrumbList\",\"@id\":\"https:\\\/\\\/dfvcg-events.de\\\/hotelimmobilien-kongress\\\/kucera-rechtsanwaelte\\\/#breadcrumb\",\"itemListElement\":[{\"@type\":\"ListItem\",\"position\":1,\"name\":\"Startseite\",\"item\":\"https:\\\/\\\/dfvcg-events.de\\\/hotelimmobilien-kongress\\\/\"},{\"@type\":\"ListItem\",\"position\":2,\"name\":\"KUCERA Rechtsanw\u00e4lte\"}]},{\"@type\":\"WebSite\",\"@id\":\"https:\\\/\\\/dfvcg-events.de\\\/hotelimmobilien-kongress\\\/#website\",\"url\":\"https:\\\/\\\/dfvcg-events.de\\\/hotelimmobilien-kongress\\\/\",\"name\":\"Deutscher Hotelimmobilien-Kongress\",\"description\":\"dfv Conference Group\",\"publisher\":{\"@id\":\"https:\\\/\\\/dfvcg-events.de\\\/hotelimmobilien-kongress\\\/#organization\"},\"potentialAction\":[{\"@type\":\"SearchAction\",\"target\":{\"@type\":\"EntryPoint\",\"urlTemplate\":\"https:\\\/\\\/dfvcg-events.de\\\/hotelimmobilien-kongress\\\/?s={search_term_string}\"},\"query-input\":{\"@type\":\"PropertyValueSpecification\",\"valueRequired\":true,\"valueName\":\"search_term_string\"}}],\"inLanguage\":\"de\"},{\"@type\":\"Organization\",\"@id\":\"https:\\\/\\\/dfvcg-events.de\\\/hotelimmobilien-kongress\\\/#organization\",\"name\":\"Deutscher Hotelimmobilien-Kongress\",\"url\":\"https:\\\/\\\/dfvcg-events.de\\\/hotelimmobilien-kongress\\\/\",\"logo\":{\"@type\":\"ImageObject\",\"inLanguage\":\"de\",\"@id\":\"https:\\\/\\\/dfvcg-events.de\\\/hotelimmobilien-kongress\\\/#\\\/schema\\\/logo\\\/image\\\/\",\"url\":\"https:\\\/\\\/dfvcg-events.de\\\/hotelimmobilien-kongress\\\/wp-content\\\/uploads\\\/sites\\\/6\\\/2022\\\/12\\\/hotelimmobilien-kongress-2023-Teaser-800x800-1.jpg\",\"contentUrl\":\"https:\\\/\\\/dfvcg-events.de\\\/hotelimmobilien-kongress\\\/wp-content\\\/uploads\\\/sites\\\/6\\\/2022\\\/12\\\/hotelimmobilien-kongress-2023-Teaser-800x800-1.jpg\",\"width\":800,\"height\":800,\"caption\":\"Deutscher Hotelimmobilien-Kongress\"},\"image\":{\"@id\":\"https:\\\/\\\/dfvcg-events.de\\\/hotelimmobilien-kongress\\\/#\\\/schema\\\/logo\\\/image\\\/\"}},{\"@type\":\"Person\",\"@id\":\"https:\\\/\\\/dfvcg-events.de\\\/hotelimmobilien-kongress\\\/#\\\/schema\\\/person\\\/b470685a18b2288dd49b436ec18a6486\",\"name\":\"como\",\"url\":\"https:\\\/\\\/dfvcg-events.de\\\/hotelimmobilien-kongress\\\/author\\\/como\\\/\"}]}<\/script>\n<!-- \/ Yoast SEO plugin. -->","yoast_head_json":{"title":"Vielen Dank an: KUCERA Rechtsanw\u00e4lte | Deutscher Hotelimmobilien-Kongress","description":"Deutscher Hotelimmobilien-Kongress | Freuen Sie sich auf: KUCERA Rechtsanw\u00e4lte","robots":{"index":"index","follow":"follow","max-snippet":"max-snippet:-1","max-image-preview":"max-image-preview:large","max-video-preview":"max-video-preview:-1"},"canonical":"https:\/\/dfvcg-events.de\/hotelimmobilien-kongress\/kucera-rechtsanwaelte\/","og_locale":"de_DE","og_type":"article","og_title":"Vielen Dank an: KUCERA Rechtsanw\u00e4lte | Deutscher Hotelimmobilien-Kongress","og_description":"Deutscher Hotelimmobilien-Kongress | Freuen Sie sich auf: KUCERA Rechtsanw\u00e4lte","og_url":"https:\/\/dfvcg-events.de\/hotelimmobilien-kongress\/kucera-rechtsanwaelte\/","og_site_name":"Deutscher Hotelimmobilien-Kongress","article_published_time":"2024-03-18T10:52:48+00:00","article_modified_time":"2025-01-10T13:58:44+00:00","og_image":[{"width":800,"height":600,"url":"https:\/\/dfvcg-events.de\/hotelimmobilien-kongress\/wp-content\/uploads\/sites\/6\/2024\/03\/kucera.jpg","type":"image\/jpeg"}],"author":"como","twitter_card":"summary_large_image","twitter_misc":{"Verfasst von":"como","Gesch\u00e4tzte Lesezeit":"2\u00a0Minuten"},"schema":{"@context":"https:\/\/schema.org","@graph":[{"@type":"Article","@id":"https:\/\/dfvcg-events.de\/hotelimmobilien-kongress\/kucera-rechtsanwaelte\/#article","isPartOf":{"@id":"https:\/\/dfvcg-events.de\/hotelimmobilien-kongress\/kucera-rechtsanwaelte\/"},"author":{"name":"como","@id":"https:\/\/dfvcg-events.de\/hotelimmobilien-kongress\/#\/schema\/person\/b470685a18b2288dd49b436ec18a6486"},"headline":"KUCERA Rechtsanw\u00e4lte","datePublished":"2024-03-18T10:52:48+00:00","dateModified":"2025-01-10T13:58:44+00:00","mainEntityOfPage":{"@id":"https:\/\/dfvcg-events.de\/hotelimmobilien-kongress\/kucera-rechtsanwaelte\/"},"wordCount":828,"publisher":{"@id":"https:\/\/dfvcg-events.de\/hotelimmobilien-kongress\/#organization"},"image":{"@id":"https:\/\/dfvcg-events.de\/hotelimmobilien-kongress\/kucera-rechtsanwaelte\/#primaryimage"},"thumbnailUrl":"https:\/\/dfvcg-events.de\/hotelimmobilien-kongress\/wp-content\/uploads\/sites\/6\/2024\/03\/kucera.jpg","articleSection":["Partner 2024","Partner 2025"],"inLanguage":"de"},{"@type":"WebPage","@id":"https:\/\/dfvcg-events.de\/hotelimmobilien-kongress\/kucera-rechtsanwaelte\/","url":"https:\/\/dfvcg-events.de\/hotelimmobilien-kongress\/kucera-rechtsanwaelte\/","name":"Vielen Dank an: KUCERA Rechtsanw\u00e4lte | Deutscher Hotelimmobilien-Kongress","isPartOf":{"@id":"https:\/\/dfvcg-events.de\/hotelimmobilien-kongress\/#website"},"primaryImageOfPage":{"@id":"https:\/\/dfvcg-events.de\/hotelimmobilien-kongress\/kucera-rechtsanwaelte\/#primaryimage"},"image":{"@id":"https:\/\/dfvcg-events.de\/hotelimmobilien-kongress\/kucera-rechtsanwaelte\/#primaryimage"},"thumbnailUrl":"https:\/\/dfvcg-events.de\/hotelimmobilien-kongress\/wp-content\/uploads\/sites\/6\/2024\/03\/kucera.jpg","datePublished":"2024-03-18T10:52:48+00:00","dateModified":"2025-01-10T13:58:44+00:00","description":"Deutscher Hotelimmobilien-Kongress | Freuen Sie sich auf: KUCERA Rechtsanw\u00e4lte","breadcrumb":{"@id":"https:\/\/dfvcg-events.de\/hotelimmobilien-kongress\/kucera-rechtsanwaelte\/#breadcrumb"},"inLanguage":"de","potentialAction":[{"@type":"ReadAction","target":["https:\/\/dfvcg-events.de\/hotelimmobilien-kongress\/kucera-rechtsanwaelte\/"]}]},{"@type":"ImageObject","inLanguage":"de","@id":"https:\/\/dfvcg-events.de\/hotelimmobilien-kongress\/kucera-rechtsanwaelte\/#primaryimage","url":"https:\/\/dfvcg-events.de\/hotelimmobilien-kongress\/wp-content\/uploads\/sites\/6\/2024\/03\/kucera.jpg","contentUrl":"https:\/\/dfvcg-events.de\/hotelimmobilien-kongress\/wp-content\/uploads\/sites\/6\/2024\/03\/kucera.jpg","width":800,"height":600},{"@type":"BreadcrumbList","@id":"https:\/\/dfvcg-events.de\/hotelimmobilien-kongress\/kucera-rechtsanwaelte\/#breadcrumb","itemListElement":[{"@type":"ListItem","position":1,"name":"Startseite","item":"https:\/\/dfvcg-events.de\/hotelimmobilien-kongress\/"},{"@type":"ListItem","position":2,"name":"KUCERA Rechtsanw\u00e4lte"}]},{"@type":"WebSite","@id":"https:\/\/dfvcg-events.de\/hotelimmobilien-kongress\/#website","url":"https:\/\/dfvcg-events.de\/hotelimmobilien-kongress\/","name":"Deutscher Hotelimmobilien-Kongress","description":"dfv Conference Group","publisher":{"@id":"https:\/\/dfvcg-events.de\/hotelimmobilien-kongress\/#organization"},"potentialAction":[{"@type":"SearchAction","target":{"@type":"EntryPoint","urlTemplate":"https:\/\/dfvcg-events.de\/hotelimmobilien-kongress\/?s={search_term_string}"},"query-input":{"@type":"PropertyValueSpecification","valueRequired":true,"valueName":"search_term_string"}}],"inLanguage":"de"},{"@type":"Organization","@id":"https:\/\/dfvcg-events.de\/hotelimmobilien-kongress\/#organization","name":"Deutscher Hotelimmobilien-Kongress","url":"https:\/\/dfvcg-events.de\/hotelimmobilien-kongress\/","logo":{"@type":"ImageObject","inLanguage":"de","@id":"https:\/\/dfvcg-events.de\/hotelimmobilien-kongress\/#\/schema\/logo\/image\/","url":"https:\/\/dfvcg-events.de\/hotelimmobilien-kongress\/wp-content\/uploads\/sites\/6\/2022\/12\/hotelimmobilien-kongress-2023-Teaser-800x800-1.jpg","contentUrl":"https:\/\/dfvcg-events.de\/hotelimmobilien-kongress\/wp-content\/uploads\/sites\/6\/2022\/12\/hotelimmobilien-kongress-2023-Teaser-800x800-1.jpg","width":800,"height":800,"caption":"Deutscher Hotelimmobilien-Kongress"},"image":{"@id":"https:\/\/dfvcg-events.de\/hotelimmobilien-kongress\/#\/schema\/logo\/image\/"}},{"@type":"Person","@id":"https:\/\/dfvcg-events.de\/hotelimmobilien-kongress\/#\/schema\/person\/b470685a18b2288dd49b436ec18a6486","name":"como","url":"https:\/\/dfvcg-events.de\/hotelimmobilien-kongress\/author\/como\/"}]}},"_links":{"self":[{"href":"https:\/\/dfvcg-events.de\/hotelimmobilien-kongress\/wp-json\/wp\/v2\/posts\/4768","targetHints":{"allow":["GET"]}}],"collection":[{"href":"https:\/\/dfvcg-events.de\/hotelimmobilien-kongress\/wp-json\/wp\/v2\/posts"}],"about":[{"href":"https:\/\/dfvcg-events.de\/hotelimmobilien-kongress\/wp-json\/wp\/v2\/types\/post"}],"author":[{"embeddable":true,"href":"https:\/\/dfvcg-events.de\/hotelimmobilien-kongress\/wp-json\/wp\/v2\/users\/4"}],"replies":[{"embeddable":true,"href":"https:\/\/dfvcg-events.de\/hotelimmobilien-kongress\/wp-json\/wp\/v2\/comments?post=4768"}],"version-history":[{"count":2,"href":"https:\/\/dfvcg-events.de\/hotelimmobilien-kongress\/wp-json\/wp\/v2\/posts\/4768\/revisions"}],"predecessor-version":[{"id":5628,"href":"https:\/\/dfvcg-events.de\/hotelimmobilien-kongress\/wp-json\/wp\/v2\/posts\/4768\/revisions\/5628"}],"wp:featuredmedia":[{"embeddable":true,"href":"https:\/\/dfvcg-events.de\/hotelimmobilien-kongress\/wp-json\/wp\/v2\/media\/4769"}],"wp:attachment":[{"href":"https:\/\/dfvcg-events.de\/hotelimmobilien-kongress\/wp-json\/wp\/v2\/media?parent=4768"}],"wp:term":[{"taxonomy":"category","embeddable":true,"href":"https:\/\/dfvcg-events.de\/hotelimmobilien-kongress\/wp-json\/wp\/v2\/categories?post=4768"},{"taxonomy":"post_tag","embeddable":true,"href":"https:\/\/dfvcg-events.de\/hotelimmobilien-kongress\/wp-json\/wp\/v2\/tags?post=4768"}],"curies":[{"name":"wp","href":"https:\/\/api.w.org\/{rel}","templated":true}]}}