{"id":4120,"date":"2024-10-18T16:49:00","date_gmt":"2024-10-18T14:49:00","guid":{"rendered":"https:\/\/dfvcg-events.de\/green-works\/?p=4120"},"modified":"2024-12-03T11:45:56","modified_gmt":"2024-12-03T10:45:56","slug":"auf-dem-weg-zu-net-zero-was-bringen-klimaschutzprojekte","status":"publish","type":"post","link":"https:\/\/dfvcg-events.de\/green-works\/auf-dem-weg-zu-net-zero-was-bringen-klimaschutzprojekte\/","title":{"rendered":"Auf dem Weg zu Net Zero: Was bringen Klimaschutzprojekte?"},"content":{"rendered":"<div id='av_section_1'  class='avia-section av-k7yuhjt1-f8125af67fe7e5e3f681af141884b592 main_color avia-section-default avia-no-border-styling  avia-builder-el-0  el_before_av_section  avia-builder-el-first  header-farbe avia-bg-style-scroll container_wrap fullsize'  ><div class='container av-section-cont-open' ><main  role=\"main\" itemprop=\"mainContentOfPage\"  class='template-page content  av-content-full alpha units'><div class='post-entry post-entry-type-page post-entry-4120'><div class='entry-content-wrapper clearfix'>\n\n<style type=\"text\/css\" data-created_by=\"avia_inline_auto\" id=\"style-css-av-kav2wagy-53b31f96abcfc71a5593a1c130258425\">\n#top .av-special-heading.av-kav2wagy-53b31f96abcfc71a5593a1c130258425{\npadding-bottom:0;\n}\nbody .av-special-heading.av-kav2wagy-53b31f96abcfc71a5593a1c130258425 .av-special-heading-tag .heading-char{\nfont-size:25px;\n}\n.av-special-heading.av-kav2wagy-53b31f96abcfc71a5593a1c130258425 .av-subheading{\nfont-size:15px;\n}\n<\/style>\n<div  class='av-special-heading av-kav2wagy-53b31f96abcfc71a5593a1c130258425 av-special-heading-h1 blockquote modern-quote  avia-builder-el-1  avia-builder-el-no-sibling '><div class='av-subheading av-subheading_above'><p>GREEN.WORKS Academy<\/p>\n<\/div><h1 class='av-special-heading-tag '  itemprop=\"headline\"  >Veranstaltung<\/h1><div class=\"special-heading-border\"><div class=\"special-heading-inner-border\"><\/div><\/div><\/div>\n\n<\/div><\/div><\/main><!-- close content main element --><\/div><\/div><div id='av_section_2'  class='avia-section av-2nhyik-02d3cb1a0cc4015a6817c512a73b554f main_color avia-section-default avia-no-border-styling  avia-builder-el-2  el_after_av_section  el_before_av_textblock  avia-bg-style-scroll container_wrap fullsize'  ><div class='container av-section-cont-open' ><div class='template-page content  av-content-full alpha units'><div class='post-entry post-entry-type-page post-entry-4120'><div class='entry-content-wrapper clearfix'>\n<div class='flex_column_table av-gjtzd-e4bd8c42f090c7e041762bae8c79e747 sc-av_two_third av-equal-height-column-flextable'>\n<style type=\"text\/css\" data-created_by=\"avia_inline_auto\" id=\"style-css-av-gjtzd-e4bd8c42f090c7e041762bae8c79e747\">\n.flex_column.av-gjtzd-e4bd8c42f090c7e041762bae8c79e747{\nborder-radius:0px 0px 0px 0px;\npadding:0px 0px 0px 0px;\n}\n<\/style>\n<div  class='flex_column av-gjtzd-e4bd8c42f090c7e041762bae8c79e747 av_two_third  avia-builder-el-3  el_before_av_one_third  avia-builder-el-first  first flex_column_table_cell av-equal-height-column av-align-middle av-zero-column-padding  '     ><p>\n<style type=\"text\/css\" data-created_by=\"avia_inline_auto\" id=\"style-css-av-30cxzg-643cafc9962dc6cf012ba951026cce8f\">\n#top .av-special-heading.av-30cxzg-643cafc9962dc6cf012ba951026cce8f{\npadding-bottom:10px;\n}\nbody .av-special-heading.av-30cxzg-643cafc9962dc6cf012ba951026cce8f .av-special-heading-tag .heading-char{\nfont-size:25px;\n}\n.av-special-heading.av-30cxzg-643cafc9962dc6cf012ba951026cce8f .av-subheading{\nfont-size:15px;\n}\n<\/style>\n<div  class='av-special-heading av-30cxzg-643cafc9962dc6cf012ba951026cce8f av-special-heading-h2 blockquote modern-quote  avia-builder-el-4  el_before_av_button  avia-builder-el-first '><h2 class='av-special-heading-tag '  itemprop=\"headline\"  >Partnerclass | Auf dem Weg zu Net Zero: Was bringen Klimaschutzprojekte?<\/h2><div class='av-subheading av-subheading_below'><p>27.11.2024 | 14:00 \u2013 15:00 Uhr<\/p>\n<\/div><div class=\"special-heading-border\"><div class=\"special-heading-inner-border\"><\/div><\/div><\/div><br \/>\n<div  class='avia-button-wrap av-ld04dvz7-35d137fc48dd40e75bae760d400414fd-wrap avia-button-left  avia-builder-el-5  el_after_av_heading  el_before_av_textblock '><a href='#anmelden'  class='avia-button av-ld04dvz7-35d137fc48dd40e75bae760d400414fd av-link-btn avia-icon_select-no avia-size-small avia-position-left avia-color-theme-color'   aria-label=\"Jetzt anmelden\"><span class='avia_iconbox_title' >Jetzt anmelden<\/span><\/a><\/div><br \/>\n<section  class='av_textblock_section av-ldbqpjzj-aa2efabdf86f47270f3679051e246d7d '   itemscope=\"itemscope\" itemtype=\"https:\/\/schema.org\/BlogPosting\" itemprop=\"blogPost\" ><div class='avia_textblock'  itemprop=\"text\" ><p>digitale Veranstaltung<\/p>\n<\/div><\/section><\/p><\/div><div class='av-flex-placeholder'><\/div>\n<style type=\"text\/css\" data-created_by=\"avia_inline_auto\" id=\"style-css-av-7pv81-b49a1e36663b2e8cca8dbc6d7f19f7c7\">\n.flex_column.av-7pv81-b49a1e36663b2e8cca8dbc6d7f19f7c7{\nborder-radius:0px 0px 0px 0px;\npadding:0px 0px 0px 0px;\n}\n<\/style>\n<div  class='flex_column av-7pv81-b49a1e36663b2e8cca8dbc6d7f19f7c7 av_one_third  avia-builder-el-7  el_after_av_two_third  avia-builder-el-last  flex_column_table_cell av-equal-height-column av-align-middle av-zero-column-padding  '     ><style type=\"text\/css\" data-created_by=\"avia_inline_auto\" id=\"style-css-av-k7zan5qj-fcba39c8e24e1af6c856b2c482c6aecd\">\n.avia-image-container.av-k7zan5qj-fcba39c8e24e1af6c856b2c482c6aecd img.avia_image{\nbox-shadow:none;\n}\n.avia-image-container.av-k7zan5qj-fcba39c8e24e1af6c856b2c482c6aecd .av-image-caption-overlay-center{\ncolor:#ffffff;\n}\n<\/style>\n<div  class='avia-image-container av-k7zan5qj-fcba39c8e24e1af6c856b2c482c6aecd av-styling- avia-align-center  avia-builder-el-8  avia-builder-el-no-sibling '   itemprop=\"image\" itemscope=\"itemscope\" itemtype=\"https:\/\/schema.org\/ImageObject\" ><div class=\"avia-image-container-inner\"><div class=\"avia-image-overlay-wrap\"><img decoding=\"async\" fetchpriority=\"high\" class='wp-image-4122 avia-img-lazy-loading-not-4122 avia_image ' src=\"https:\/\/dfvcg-events.de\/green-works\/wp-content\/uploads\/sites\/47\/2024\/10\/GW_AK_KLIMASCHUTZPROJEKTE.png\" alt='' title='GW_AK_KLIMASCHUTZPROJEKTE'  height=\"1200\" width=\"1200\"  itemprop=\"thumbnailUrl\" srcset=\"https:\/\/dfvcg-events.de\/green-works\/wp-content\/uploads\/sites\/47\/2024\/10\/GW_AK_KLIMASCHUTZPROJEKTE.png 1200w, https:\/\/dfvcg-events.de\/green-works\/wp-content\/uploads\/sites\/47\/2024\/10\/GW_AK_KLIMASCHUTZPROJEKTE-705x705.png 705w\" sizes=\"(max-width: 1200px) 100vw, 1200px\" \/><\/div><\/div><\/div><\/div><\/div><!--close column table wrapper. Autoclose: 1 -->\n<\/div><\/div><\/div><!-- close content main div --><\/div><\/div><div id='after_section_2'  class='main_color av_default_container_wrap container_wrap fullsize'  ><div class='container av-section-cont-open' ><div class='template-page content  av-content-full alpha units'><div class='post-entry post-entry-type-page post-entry-4120'><div class='entry-content-wrapper clearfix'>\n<section  class='av_textblock_section av-k7zalzjs-dc760954bf3f02b3badd0e6d2cd18c56 '   itemscope=\"itemscope\" itemtype=\"https:\/\/schema.org\/BlogPosting\" itemprop=\"blogPost\" ><div class='avia_textblock'  itemprop=\"text\" ><p>Mit Klimaneutralit\u00e4t zu werben, ist aus der Mode gekommen, Verantwortung f\u00fcr den Klimaschutz zu \u00fcbernehmen, hingegen nicht. Durch neue Contribution-Ans\u00e4tze als Alternative zum bekannten CO<sub>2<\/sub>-Ausgleich k\u00f6nnen Unternehmen den Fokus f\u00fcr ihr Klimaengagement neu setzen und so ihren Beitrag zur Erreichung der globalen Klimaziele leisten.<\/p>\n<p>Fachleute sind sich einig, dass die Klimaziele nur erreicht werden k\u00f6nnen, wenn neben gezielten Vermeidungs- und Reduktionsma\u00dfnahmen in den unternehmerischen Wertsch\u00f6pfungsketten weiterhin Geld in Klimaschutzprojekte des freiwilligen Kohlenstoffmarktes (<a href=\"https:\/\/www.climatepartner.com\/de\/wissen\/glossar\/voluntary-carbon-market\" target=\"_blank\" rel=\"noopener\">VCM<\/a>) flie\u00dft. Dieser befindet sich aktuell im Umbruch. In der Vergangenheit sind mehrere Projekte in die Kritik geraten. \u00a0Doch Akteure haben erkannt, dass an einigen Stellen eine Weiterentwicklung notwendig ist und arbeiten bereits intensiv daran, Methoden und Technologien f\u00fcr Klimaschutzprojekte zu verbessern.<\/p>\n<p>F\u00fcr gute Klimaschutzprojekte gibt es klare Kriterien, zentral sind dabei die Wirksamkeit, die Zus\u00e4tzlichkeit und regelm\u00e4\u00dfige, unabh\u00e4ngige \u00dcberpr\u00fcfungen. Doch k\u00f6nnen Projekte am anderen Ende der Welt wirklich das Klima retten? Und was kann mit solchen Projekten \u00fcber den Schutz des Klimas hinaus f\u00fcr die lokale Bev\u00f6lkerung erreicht werden? Diesen Fragen geht diese Partnerclass mit den Expert:innen von <a href=\"https:\/\/www.climatepartner.com\/de\" target=\"_blank\" rel=\"noopener\">ClimatePartner<\/a> nach.<\/p>\n<p>Ziele dieser Partnerclass:<\/p>\n<ul>\n<li>Sie wissen, wie Sie Klimaschutzprojekte in Ihre ganzheitliche Klimastrategie einbinden, damit Sie zur Transformation des Unternehmens beitragen<\/li>\n<li>Sie erhalten einen Kurz\u00fcberblick \u00fcber die aktuellen Entwicklungen im freiwilligen Kohlenstoffmarkt<\/li>\n<li>Sie lernen Qualit\u00e4tskriterien und Pr\u00fcfprozesse f\u00fcr Klimaschutzprojekte sowie die wichtigsten Standards kennen<\/li>\n<li>Sie verstehen den \u00dcbergang von den bisherigen Kompensations-Ans\u00e4tzen hin zu den neuen Contribution-Ans\u00e4tzen (z. B. Finanzierung durch interne CO<sub>2<\/sub>-Preise)<\/li>\n<li>Sie erfahren, wie durch sog. Social Impact-Projekte \u00a0Klimaschutz mit gesellschaftlichem Mehrwert vor Ort funktioniert<\/li>\n<\/ul>\n<p>Diese Veranstaltung richtet sich an:<\/p>\n<ul>\n<li>Gesch\u00e4ftsf\u00fchrer:innen<\/li>\n<li>Nachhaltigkeitsmanager:innen<\/li>\n<li>Controlling-Mitarbeiter:innen<\/li>\n<li>Umweltbeauftragte<\/li>\n<\/ul>\n<\/div><\/section>\n<div  class='flex_column av-2q4bo8-05ecf764774cee2a175d2102c06271dc av_one_full  avia-builder-el-10  el_after_av_textblock  el_before_av_section  avia-builder-el-last  first flex_column_div  column-top-margin'     ><div  class='avia-button-wrap av-m2evea3n-fcba6ed68694125c9f5001463137e3c9-wrap avia-button-left  avia-builder-el-11  avia-builder-el-no-sibling '><a href='https:\/\/www.how-green-works.de\/green-business\/news\/zwischen-emissionen-und-sozialem-engagement-das-leisten-klimaschutzprojekte-im-globalen-sueden-739'  class='avia-button av-m2evea3n-fcba6ed68694125c9f5001463137e3c9 av-link-btn avia-icon_select-no avia-size-small avia-position-left avia-color-theme-color'  target=\"_blank\"  rel=\"noopener noreferrer\"  aria-label=\"Lesen Sie mehr im Advertorial.\"><span class='avia_iconbox_title' >Lesen Sie mehr im Advertorial.<\/span><\/a><\/div><\/div><\/div><\/div><\/div><!-- close content main div --><\/div><\/div><div id='speaker'  class='avia-section av-aw1ni-272c4fcaf4461384e5bd97d489141639 main_color avia-section-default avia-no-border-styling  avia-builder-el-12  el_after_av_one_full  el_before_av_section  avia-bg-style-scroll container_wrap fullsize'  ><div class='container av-section-cont-open' ><div class='template-page content  av-content-full alpha units'><div class='post-entry post-entry-type-page post-entry-4120'><div class='entry-content-wrapper clearfix'>\n\n<style type=\"text\/css\" data-created_by=\"avia_inline_auto\" id=\"style-css-av-lcpa6ug8-fc10dbe08c2f0226176ba520a45aebf8\">\n#top .av-special-heading.av-lcpa6ug8-fc10dbe08c2f0226176ba520a45aebf8{\npadding-bottom:10px;\n}\nbody .av-special-heading.av-lcpa6ug8-fc10dbe08c2f0226176ba520a45aebf8 .av-special-heading-tag .heading-char{\nfont-size:25px;\n}\n.av-special-heading.av-lcpa6ug8-fc10dbe08c2f0226176ba520a45aebf8 .av-subheading{\nfont-size:15px;\n}\n<\/style>\n<div  class='av-special-heading av-lcpa6ug8-fc10dbe08c2f0226176ba520a45aebf8 av-special-heading-h3 blockquote modern-quote  avia-builder-el-13  el_before_av_one_third  avia-builder-el-first '><h3 class='av-special-heading-tag '  itemprop=\"headline\"  >Speaker:<\/h3><div class=\"special-heading-border\"><div class=\"special-heading-inner-border\"><\/div><\/div><\/div>\n<div  class='flex_column av-2n0t5a-cdbd045f1b80bd9da28e9583bee563bd av_one_third  avia-builder-el-14  el_after_av_heading  el_before_av_one_third  first flex_column_div  '     ><p>\n<style type=\"text\/css\" data-created_by=\"avia_inline_auto\" id=\"style-css-av-ld040b4o-0a0fadac42e654e3031b543363b830ff\">\n#top #wrap_all .avia-team-member.av-ld040b4o-0a0fadac42e654e3031b543363b830ff .team-member-name{\ncolor:#55b464;\n}\n.avia-team-member.av-ld040b4o-0a0fadac42e654e3031b543363b830ff .team-member-job-title{\ncolor:#55b464;\n}\n<\/style>\n<section  class='avia-team-member av-ld040b4o-0a0fadac42e654e3031b543363b830ff  avia-builder-el-15  el_before_av_toggle_container  avia-builder-el-first '  itemscope=\"itemscope\" itemtype=\"https:\/\/schema.org\/Person\" ><div class=\"team-img-container\"><img decoding=\"async\" fetchpriority=\"high\" class='wp-image-4124 avia-img-lazy-loading-not-4124 avia_image avia_image_team' src=\"https:\/\/dfvcg-events.de\/green-works\/wp-content\/uploads\/sites\/47\/2024\/10\/Stefanie_Sieberer_ClimatePartner-webs.jpg\" alt='Stefanie Sieberer'  itemprop=\"image\"   height=\"800\" width=\"600\" srcset=\"https:\/\/dfvcg-events.de\/green-works\/wp-content\/uploads\/sites\/47\/2024\/10\/Stefanie_Sieberer_ClimatePartner-webs.jpg 600w, https:\/\/dfvcg-events.de\/green-works\/wp-content\/uploads\/sites\/47\/2024\/10\/Stefanie_Sieberer_ClimatePartner-webs-529x705.jpg 529w\" sizes=\"(max-width: 600px) 100vw, 600px\" \/><\/div><h3 class='team-member-name '  itemprop=\"name\" >Stefanie Sieberer<\/h3><div class='team-member-job-title av_opacity_variation'  itemprop=\"jobTitle\" >Team Lead Project Integrity, ClimatePartner GmbH<\/div><span class='hidden team-member-affiliation'  itemprop=\"affiliation\" >GREEN.WORKS Academy<\/span><\/section><br \/>\n<div  class='togglecontainer av-ld4actsg-dd418cabfc80656be3a7051ca48f0b2e  avia-builder-el-16  el_after_av_team_member  avia-builder-el-last  toggle_close_all' >\n<section class='av_toggle_section av-ld4act69-f8d17c1e8ee7b18d82376011520023c5'  itemscope=\"itemscope\" itemtype=\"https:\/\/schema.org\/BlogPosting\" itemprop=\"blogPost\" ><div role=\"tablist\" class=\"single_toggle\" data-tags=\"{Alle} \"  ><p id='toggle-toggle-id-1' data-fake-id='#toggle-id-1' class='toggler  av-title-above '  itemprop=\"headline\"  role='tab' tabindex='0' aria-controls='toggle-id-1' data-slide-speed=\"200\" data-title=\"Info\" data-title-open=\"\" data-aria_collapsed=\"Click to expand: Info\" data-aria_expanded=\"Click to collapse: Info\">Info<span class=\"toggle_icon\"><span class=\"vert_icon\"><\/span><span class=\"hor_icon\"><\/span><\/span><\/p><div id='toggle-id-1' aria-labelledby='toggle-toggle-id-1' role='region' class='toggle_wrap  av-title-above'  ><div class='toggle_content invers-color '  itemprop=\"text\" ><p>Stefanie Sieberer ist seit 2022 bei ClimatePartner t\u00e4tig und dort als Team Lead Project Integrity f\u00fcr das Risiko- und Qualit\u00e4tsmanagement von Klimaschutzprojekten verantwortlich. Sie f\u00fchrt ein internationales Team an Expert:innen, das durch zus\u00e4tzliche Pr\u00fcfprozesse bei der Auswahl von Projekten f\u00fcr das ClimatePartner Portfolio hilft und damit auch zur Minimierung von Qualit\u00e4ts- und Reputationsrisiken mit Blick auf Klimaschutzprojekte beitr\u00e4gt. Zu ihren Fokusthemen z\u00e4hlen die Weiterentwicklung interner Screenings und Prozesse sowie die strukturelle Implementierung neuer Marktentwicklungen.<\/p>\n<\/div><\/div><\/div><\/section>\n<\/div><\/p><\/div><div  class='flex_column av-47u7ho-bd931291cdbbf7b330d2c44aa0a1108f av_one_third  avia-builder-el-17  el_after_av_one_third  el_before_av_one_third  flex_column_div  '     ><p>\n<style type=\"text\/css\" data-created_by=\"avia_inline_auto\" id=\"style-css-av-8z8vw-0fbef5b0c12d7441a328643a0734c2d5\">\n#top #wrap_all .avia-team-member.av-8z8vw-0fbef5b0c12d7441a328643a0734c2d5 .team-member-name{\ncolor:#55b464;\n}\n.avia-team-member.av-8z8vw-0fbef5b0c12d7441a328643a0734c2d5 .team-member-job-title{\ncolor:#55b464;\n}\n<\/style>\n<section  class='avia-team-member av-8z8vw-0fbef5b0c12d7441a328643a0734c2d5  avia-builder-el-18  el_before_av_toggle_container  avia-builder-el-first '  itemscope=\"itemscope\" itemtype=\"https:\/\/schema.org\/Person\" ><div class=\"team-img-container\"><img decoding=\"async\" fetchpriority=\"high\" class='wp-image-4123 avia-img-lazy-loading-not-4123 avia_image avia_image_team' src=\"https:\/\/dfvcg-events.de\/green-works\/wp-content\/uploads\/sites\/47\/2024\/10\/Marcel_Sentek_ClimatePartner-web.jpg\" alt='Marcel Sentek'  itemprop=\"image\"   height=\"998\" width=\"749\" srcset=\"https:\/\/dfvcg-events.de\/green-works\/wp-content\/uploads\/sites\/47\/2024\/10\/Marcel_Sentek_ClimatePartner-web.jpg 749w, https:\/\/dfvcg-events.de\/green-works\/wp-content\/uploads\/sites\/47\/2024\/10\/Marcel_Sentek_ClimatePartner-web-529x705.jpg 529w\" sizes=\"(max-width: 749px) 100vw, 749px\" \/><\/div><h3 class='team-member-name '  itemprop=\"name\" >Marcel Sentek<\/h3><div class='team-member-job-title av_opacity_variation'  itemprop=\"jobTitle\" >Senior Commercial Sustainability Manager, ClimatePartner GmbH<\/div><span class='hidden team-member-affiliation'  itemprop=\"affiliation\" >GREEN.WORKS Academy<\/span><\/section><br \/>\n<div  class='togglecontainer av-llgj9g2a-bd070074ce0267f6786eaf82f478cc96  avia-builder-el-19  el_after_av_team_member  avia-builder-el-last  toggle_close_all' >\n<section class='av_toggle_section av-llgj9fay-f4d460b76e15c9895b30c54a92e44b33'  itemscope=\"itemscope\" itemtype=\"https:\/\/schema.org\/BlogPosting\" itemprop=\"blogPost\" ><div role=\"tablist\" class=\"single_toggle\" data-tags=\"{Alle} \"  ><p id='toggle-toggle-id-2' data-fake-id='#toggle-id-2' class='toggler  av-title-above '  itemprop=\"headline\"  role='tab' tabindex='0' aria-controls='toggle-id-2' data-slide-speed=\"200\" data-title=\"Info\" data-title-open=\"\" data-aria_collapsed=\"Click to expand: Info\" data-aria_expanded=\"Click to collapse: Info\">Info<span class=\"toggle_icon\"><span class=\"vert_icon\"><\/span><span class=\"hor_icon\"><\/span><\/span><\/p><div id='toggle-id-2' aria-labelledby='toggle-toggle-id-2' role='region' class='toggle_wrap  av-title-above'  ><div class='toggle_content invers-color '  itemprop=\"text\" ><p>Marcel Sentek, geboren 1975 in Hamburg, 2-facher Familienvater. Nach dem Studium der Politik, Philosophie und Wirtschaft in Passau war er acht Jahre bei der ProSiebenSat.1 Media AG und vier Jahre beim S\u00fcddeutschen Verlag besch\u00e4ftigt. Sentek ist seit \u00fcber sechs Jahren bei ClimatePartner t\u00e4tig und hier zust\u00e4ndig f\u00fcr die Klimaschutzberatung von Kunden aus verschiedenen Branchen &#8211; vor allem aus dem Finanz- und Dienstleistungssektor, sowie f\u00fcr die Getr\u00e4nkebranche und der Textil- und Bekleidungsindustrie.<\/p>\n<\/div><\/div><\/div><\/section>\n<\/div><\/p><\/div><div  class='flex_column av-1vvxko-8ff4377831c3e7af7f4ae5f986b2af81 av_one_third  avia-builder-el-20  el_after_av_one_third  avia-builder-el-last  flex_column_div  '     ><p>\n<style type=\"text\/css\" data-created_by=\"avia_inline_auto\" id=\"style-css-av-m2evk057-1f1357b4d58dbeb8fed6354ac9f3b62a\">\n#top #wrap_all .avia-team-member.av-m2evk057-1f1357b4d58dbeb8fed6354ac9f3b62a .team-member-name{\ncolor:#55b464;\n}\n.avia-team-member.av-m2evk057-1f1357b4d58dbeb8fed6354ac9f3b62a .team-member-job-title{\ncolor:#55b464;\n}\n<\/style>\n<section  class='avia-team-member av-m2evk057-1f1357b4d58dbeb8fed6354ac9f3b62a  avia-builder-el-21  el_before_av_toggle_container  avia-builder-el-first '  itemscope=\"itemscope\" itemtype=\"https:\/\/schema.org\/Person\" ><div class=\"team-img-container\"><img decoding=\"async\" fetchpriority=\"high\" class='wp-image-2545 avia-img-lazy-loading-not-2545 avia_image avia_image_team' src=\"https:\/\/dfvcg-events.de\/green-works\/wp-content\/uploads\/sites\/47\/2023\/06\/Daniel_Baumann_WEB.jpg\" alt='Daniel Baumann'  itemprop=\"image\"   height=\"799\" width=\"600\" \/><\/div><h3 class='team-member-name '  itemprop=\"name\" >Daniel Baumann<\/h3><div class='team-member-job-title av_opacity_variation'  itemprop=\"jobTitle\" >Editorial Director Green Transformation der dfv Mediengruppe<\/div><span class='hidden team-member-affiliation'  itemprop=\"affiliation\" >GREEN.WORKS Academy<\/span><\/section><br \/>\n<div  class='togglecontainer av-m2evkavd-5418072d040311301e36ca62128a034c  avia-builder-el-22  el_after_av_team_member  avia-builder-el-last  toggle_close_all' >\n<section class='av_toggle_section av-m2evka7c-34b070311154a5ffad34ef4f1bdcb8e9'  itemscope=\"itemscope\" itemtype=\"https:\/\/schema.org\/BlogPosting\" itemprop=\"blogPost\" ><div role=\"tablist\" class=\"single_toggle\" data-tags=\"{Alle} \"  ><p id='toggle-toggle-id-3' data-fake-id='#toggle-id-3' class='toggler  av-title-above '  itemprop=\"headline\"  role='tab' tabindex='0' aria-controls='toggle-id-3' data-slide-speed=\"200\" data-title=\"Info\" data-title-open=\"\" data-aria_collapsed=\"Click to expand: Info\" data-aria_expanded=\"Click to collapse: Info\">Info<span class=\"toggle_icon\"><span class=\"vert_icon\"><\/span><span class=\"hor_icon\"><\/span><\/span><\/p><div id='toggle-id-3' aria-labelledby='toggle-toggle-id-3' role='region' class='toggle_wrap  av-title-above'  ><div class='toggle_content invers-color '  itemprop=\"text\" ><p>Daniel Baumann ist Editorial\u00a0Director\u00a0Green Transformation der\u00a0dfv\u00a0Mediengruppe. F\u00fcr das Medienhaus baut er titel\u00fcbergreifend das Informationsangebot zum unternehmerischen Klimaschutz auf. Zuvor\u00a0war er Wirtschafts- und Innovationschef einer \u00fcberregionalen Tageszeitung und arbeitete als Wirtschaftsautor\u00a0in Berlin.\u00a0Baumann\u00a0ist Autor des Einsteiger-Guides \u201eUnternehmerischen Klimaschutz verstehen &amp; managen\u201c und\u00a0hat den Klimadienstleister-Guide recherchiert, die umfassendste \u00dcbersicht \u00fcber\u00a0die Carbon Management-Branche in Deutschland.<\/p>\n<\/div><\/div><\/div><\/section>\n<\/div><\/p><\/div>\n<\/p>\n<\/div><\/div><\/div><!-- close content main div --><\/div><\/div><div id='anmelden'  class='avia-section av-lcpaks45-dc8a103b8f1fd290a14817fb5d59db11 main_color avia-section-default avia-no-shadow  avia-builder-el-23  el_after_av_section  el_before_av_section  avia-bg-style-scroll container_wrap fullsize'  ><div class='container av-section-cont-open' ><div class='template-page content  av-content-full alpha units'><div class='post-entry post-entry-type-page post-entry-4120'><div class='entry-content-wrapper clearfix'>\n\n<style type=\"text\/css\" data-created_by=\"avia_inline_auto\" id=\"style-css-av-54ptm0-d395a1be8904ce8e7a02d3cdb0b9e3bd\">\n#top .av-special-heading.av-54ptm0-d395a1be8904ce8e7a02d3cdb0b9e3bd{\npadding-bottom:10px;\n}\nbody .av-special-heading.av-54ptm0-d395a1be8904ce8e7a02d3cdb0b9e3bd .av-special-heading-tag .heading-char{\nfont-size:25px;\n}\n.av-special-heading.av-54ptm0-d395a1be8904ce8e7a02d3cdb0b9e3bd .av-subheading{\nfont-size:15px;\n}\n<\/style>\n<div  class='av-special-heading av-54ptm0-d395a1be8904ce8e7a02d3cdb0b9e3bd av-special-heading-h3 blockquote modern-quote  avia-builder-el-24  el_before_av_codeblock  avia-builder-el-first '><h3 class='av-special-heading-tag '  itemprop=\"headline\"  >Jetzt anmelden<\/h3><div class=\"special-heading-border\"><div class=\"special-heading-inner-border\"><\/div><\/div><\/div>\n\n\n<\/div><\/div><\/div><!-- close content main div --><\/div><\/div><div id='av_section_5'  class='avia-section av-4i17go-d3098d6e60991f09d0c5c7bde154a536 main_color avia-section-default avia-no-border-styling  avia-builder-el-26  el_after_av_section  avia-builder-el-last  avia-bg-style-scroll container_wrap fullsize'  ><div class='container av-section-cont-open' ><div class='template-page content  av-content-full alpha units'><div class='post-entry post-entry-type-page post-entry-4120'><div class='entry-content-wrapper clearfix'>\n\n<style type=\"text\/css\" data-created_by=\"avia_inline_auto\" id=\"style-css-av-lcpal8j3-fb5bdc7afb00c08c4e20d5a36c61d86e\">\n#top .av-special-heading.av-lcpal8j3-fb5bdc7afb00c08c4e20d5a36c61d86e{\npadding-bottom:10px;\n}\nbody .av-special-heading.av-lcpal8j3-fb5bdc7afb00c08c4e20d5a36c61d86e .av-special-heading-tag .heading-char{\nfont-size:25px;\n}\n.av-special-heading.av-lcpal8j3-fb5bdc7afb00c08c4e20d5a36c61d86e .av-subheading{\nfont-size:15px;\n}\n<\/style>\n<div  class='av-special-heading av-lcpal8j3-fb5bdc7afb00c08c4e20d5a36c61d86e av-special-heading-h3 blockquote modern-quote  avia-builder-el-27  el_before_av_one_third  avia-builder-el-first '><h3 class='av-special-heading-tag '  itemprop=\"headline\"  >Powered by<\/h3><div class=\"special-heading-border\"><div class=\"special-heading-inner-border\"><\/div><\/div><\/div>\n<div  class='flex_column av-21148o-c746118b80ab85b953246b4c57d2e94e av_one_third  avia-builder-el-28  el_after_av_heading  avia-builder-el-last  first flex_column_div  '     ><style type=\"text\/css\" data-created_by=\"avia_inline_auto\" id=\"style-css-av-m2ev2khh-dc43a0f503523b7cc4c91acce6e6d6dd\">\n.avia-image-container.av-m2ev2khh-dc43a0f503523b7cc4c91acce6e6d6dd img.avia_image{\nbox-shadow:none;\n}\n.avia-image-container.av-m2ev2khh-dc43a0f503523b7cc4c91acce6e6d6dd .av-image-caption-overlay-center{\ncolor:#ffffff;\n}\n<\/style>\n<div  class='avia-image-container av-m2ev2khh-dc43a0f503523b7cc4c91acce6e6d6dd av-styling- av-img-linked avia-align-center  avia-builder-el-29  avia-builder-el-no-sibling '   itemprop=\"image\" itemscope=\"itemscope\" itemtype=\"https:\/\/schema.org\/ImageObject\" ><div class=\"avia-image-container-inner\"><div class=\"avia-image-overlay-wrap\"><a href=\"https:\/\/www.climatepartner.com\/de\" class='avia_image '  target=\"_blank\"  rel=\"noopener noreferrer\" aria-label='web'><img decoding=\"async\" fetchpriority=\"high\" class='wp-image-4132 avia-img-lazy-loading-not-4132 avia_image ' src=\"https:\/\/dfvcg-events.de\/green-works\/wp-content\/uploads\/sites\/47\/2024\/10\/web.jpg\" alt='' title='web'  height=\"600\" width=\"800\"  itemprop=\"thumbnailUrl\" srcset=\"https:\/\/dfvcg-events.de\/green-works\/wp-content\/uploads\/sites\/47\/2024\/10\/web.jpg 800w, https:\/\/dfvcg-events.de\/green-works\/wp-content\/uploads\/sites\/47\/2024\/10\/web-705x529.jpg 705w\" sizes=\"(max-width: 800px) 100vw, 800px\" \/><\/a><\/div><\/div><\/div><\/div>\n\n","protected":false},"excerpt":{"rendered":"<p>27.11.2024 | 14:00 \u2013 15:00 Uhr<\/p>\n","protected":false},"author":10,"featured_media":4122,"comment_status":"closed","ping_status":"closed","sticky":false,"template":"","format":"standard","meta":{"footnotes":""},"categories":[53],"tags":[],"class_list":["post-4120","post","type-post","status-publish","format-standard","has-post-thumbnail","hentry","category-archiv"],"yoast_head":"<!-- This site is optimized with the Yoast SEO plugin v27.4 - https:\/\/yoast.com\/product\/yoast-seo-wordpress\/ -->\n<title>Auf dem Weg zu Net Zero: Was bringen Klimaschutzprojekte? | GREEN.WORKS Academy<\/title>\n<meta name=\"description\" content=\"GREEN.WORKS Academy | Aussteller &amp; Sponsoren: Auf dem Weg zu Net Zero: Was bringen Klimaschutzprojekte?\" \/>\n<meta name=\"robots\" content=\"index, follow, max-snippet:-1, max-image-preview:large, max-video-preview:-1\" \/>\n<link rel=\"canonical\" href=\"https:\/\/dfvcg-events.de\/green-works\/auf-dem-weg-zu-net-zero-was-bringen-klimaschutzprojekte\/\" \/>\n<meta property=\"og:locale\" content=\"de_DE\" \/>\n<meta property=\"og:type\" content=\"article\" \/>\n<meta property=\"og:title\" content=\"Auf dem Weg zu Net Zero: Was bringen Klimaschutzprojekte? | GREEN.WORKS Academy\" \/>\n<meta property=\"og:description\" content=\"GREEN.WORKS Academy | Aussteller &amp; Sponsoren: Auf dem Weg zu Net Zero: Was bringen Klimaschutzprojekte?\" \/>\n<meta property=\"og:url\" content=\"https:\/\/dfvcg-events.de\/green-works\/auf-dem-weg-zu-net-zero-was-bringen-klimaschutzprojekte\/\" \/>\n<meta property=\"og:site_name\" content=\"GREEN.WORKS Academy\" \/>\n<meta property=\"article:publisher\" content=\"https:\/\/www.facebook.com\/dfvcg.de\/\" \/>\n<meta property=\"article:published_time\" content=\"2024-10-18T14:49:00+00:00\" \/>\n<meta property=\"article:modified_time\" content=\"2024-12-03T10:45:56+00:00\" \/>\n<meta property=\"og:image\" content=\"https:\/\/dfvcg-events.de\/green-works\/wp-content\/uploads\/sites\/47\/2024\/10\/GW_AK_KLIMASCHUTZPROJEKTE.png\" \/>\n\t<meta property=\"og:image:width\" content=\"1200\" \/>\n\t<meta property=\"og:image:height\" content=\"1200\" \/>\n\t<meta property=\"og:image:type\" content=\"image\/png\" \/>\n<meta name=\"author\" content=\"hartmann\" \/>\n<meta name=\"twitter:card\" content=\"summary_large_image\" \/>\n<meta name=\"twitter:creator\" content=\"@dfvcg_\" \/>\n<meta name=\"twitter:site\" content=\"@dfvcg_\" \/>\n<meta name=\"twitter:label1\" content=\"Geschrieben von\" \/>\n\t<meta name=\"twitter:data1\" content=\"hartmann\" \/>\n\t<meta name=\"twitter:label2\" content=\"Gesch\u00e4tzte Lesezeit\" \/>\n\t<meta name=\"twitter:data2\" content=\"4\u00a0Minuten\" \/>\n<script type=\"application\/ld+json\" class=\"yoast-schema-graph\">{\"@context\":\"https:\\\/\\\/schema.org\",\"@graph\":[{\"@type\":\"Article\",\"@id\":\"https:\\\/\\\/dfvcg-events.de\\\/green-works\\\/auf-dem-weg-zu-net-zero-was-bringen-klimaschutzprojekte\\\/#article\",\"isPartOf\":{\"@id\":\"https:\\\/\\\/dfvcg-events.de\\\/green-works\\\/auf-dem-weg-zu-net-zero-was-bringen-klimaschutzprojekte\\\/\"},\"author\":{\"name\":\"hartmann\",\"@id\":\"https:\\\/\\\/dfvcg-events.de\\\/green-works\\\/#\\\/schema\\\/person\\\/8a98e40ed96e61aa53aa06c70418cc9f\"},\"headline\":\"Auf dem Weg zu Net Zero: Was bringen Klimaschutzprojekte?\",\"datePublished\":\"2024-10-18T14:49:00+00:00\",\"dateModified\":\"2024-12-03T10:45:56+00:00\",\"mainEntityOfPage\":{\"@id\":\"https:\\\/\\\/dfvcg-events.de\\\/green-works\\\/auf-dem-weg-zu-net-zero-was-bringen-klimaschutzprojekte\\\/\"},\"wordCount\":5794,\"publisher\":{\"@id\":\"https:\\\/\\\/dfvcg-events.de\\\/green-works\\\/#organization\"},\"image\":{\"@id\":\"https:\\\/\\\/dfvcg-events.de\\\/green-works\\\/auf-dem-weg-zu-net-zero-was-bringen-klimaschutzprojekte\\\/#primaryimage\"},\"thumbnailUrl\":\"https:\\\/\\\/dfvcg-events.de\\\/green-works\\\/wp-content\\\/uploads\\\/sites\\\/47\\\/2024\\\/10\\\/GW_AK_KLIMASCHUTZPROJEKTE.png\",\"articleSection\":[\"Archiv\"],\"inLanguage\":\"de\"},{\"@type\":\"WebPage\",\"@id\":\"https:\\\/\\\/dfvcg-events.de\\\/green-works\\\/auf-dem-weg-zu-net-zero-was-bringen-klimaschutzprojekte\\\/\",\"url\":\"https:\\\/\\\/dfvcg-events.de\\\/green-works\\\/auf-dem-weg-zu-net-zero-was-bringen-klimaschutzprojekte\\\/\",\"name\":\"Auf dem Weg zu Net Zero: Was bringen Klimaschutzprojekte? | GREEN.WORKS Academy\",\"isPartOf\":{\"@id\":\"https:\\\/\\\/dfvcg-events.de\\\/green-works\\\/#website\"},\"primaryImageOfPage\":{\"@id\":\"https:\\\/\\\/dfvcg-events.de\\\/green-works\\\/auf-dem-weg-zu-net-zero-was-bringen-klimaschutzprojekte\\\/#primaryimage\"},\"image\":{\"@id\":\"https:\\\/\\\/dfvcg-events.de\\\/green-works\\\/auf-dem-weg-zu-net-zero-was-bringen-klimaschutzprojekte\\\/#primaryimage\"},\"thumbnailUrl\":\"https:\\\/\\\/dfvcg-events.de\\\/green-works\\\/wp-content\\\/uploads\\\/sites\\\/47\\\/2024\\\/10\\\/GW_AK_KLIMASCHUTZPROJEKTE.png\",\"datePublished\":\"2024-10-18T14:49:00+00:00\",\"dateModified\":\"2024-12-03T10:45:56+00:00\",\"description\":\"GREEN.WORKS Academy | Aussteller & Sponsoren: Auf dem Weg zu Net Zero: Was bringen Klimaschutzprojekte?\",\"breadcrumb\":{\"@id\":\"https:\\\/\\\/dfvcg-events.de\\\/green-works\\\/auf-dem-weg-zu-net-zero-was-bringen-klimaschutzprojekte\\\/#breadcrumb\"},\"inLanguage\":\"de\",\"potentialAction\":[{\"@type\":\"ReadAction\",\"target\":[\"https:\\\/\\\/dfvcg-events.de\\\/green-works\\\/auf-dem-weg-zu-net-zero-was-bringen-klimaschutzprojekte\\\/\"]}]},{\"@type\":\"ImageObject\",\"inLanguage\":\"de\",\"@id\":\"https:\\\/\\\/dfvcg-events.de\\\/green-works\\\/auf-dem-weg-zu-net-zero-was-bringen-klimaschutzprojekte\\\/#primaryimage\",\"url\":\"https:\\\/\\\/dfvcg-events.de\\\/green-works\\\/wp-content\\\/uploads\\\/sites\\\/47\\\/2024\\\/10\\\/GW_AK_KLIMASCHUTZPROJEKTE.png\",\"contentUrl\":\"https:\\\/\\\/dfvcg-events.de\\\/green-works\\\/wp-content\\\/uploads\\\/sites\\\/47\\\/2024\\\/10\\\/GW_AK_KLIMASCHUTZPROJEKTE.png\",\"width\":1200,\"height\":1200},{\"@type\":\"BreadcrumbList\",\"@id\":\"https:\\\/\\\/dfvcg-events.de\\\/green-works\\\/auf-dem-weg-zu-net-zero-was-bringen-klimaschutzprojekte\\\/#breadcrumb\",\"itemListElement\":[{\"@type\":\"ListItem\",\"position\":1,\"name\":\"Startseite\",\"item\":\"https:\\\/\\\/dfvcg-events.de\\\/green-works\\\/\"},{\"@type\":\"ListItem\",\"position\":2,\"name\":\"Auf dem Weg zu Net Zero: Was bringen Klimaschutzprojekte?\"}]},{\"@type\":\"WebSite\",\"@id\":\"https:\\\/\\\/dfvcg-events.de\\\/green-works\\\/#website\",\"url\":\"https:\\\/\\\/dfvcg-events.de\\\/green-works\\\/\",\"name\":\"GREEN.WORKS Academy\",\"description\":\"dfv Conference Group\",\"publisher\":{\"@id\":\"https:\\\/\\\/dfvcg-events.de\\\/green-works\\\/#organization\"},\"alternateName\":\"Green Works Academy\",\"potentialAction\":[{\"@type\":\"SearchAction\",\"target\":{\"@type\":\"EntryPoint\",\"urlTemplate\":\"https:\\\/\\\/dfvcg-events.de\\\/green-works\\\/?s={search_term_string}\"},\"query-input\":{\"@type\":\"PropertyValueSpecification\",\"valueRequired\":true,\"valueName\":\"search_term_string\"}}],\"inLanguage\":\"de\"},{\"@type\":\"Organization\",\"@id\":\"https:\\\/\\\/dfvcg-events.de\\\/green-works\\\/#organization\",\"name\":\"GREEN.WORKS Academy\",\"url\":\"https:\\\/\\\/dfvcg-events.de\\\/green-works\\\/\",\"logo\":{\"@type\":\"ImageObject\",\"inLanguage\":\"de\",\"@id\":\"https:\\\/\\\/dfvcg-events.de\\\/green-works\\\/#\\\/schema\\\/logo\\\/image\\\/\",\"url\":\"https:\\\/\\\/dfvcg-events.de\\\/green-works\\\/wp-content\\\/uploads\\\/sites\\\/47\\\/2023\\\/01\\\/GWAcademy_Logo_RGB_RZ.png\",\"contentUrl\":\"https:\\\/\\\/dfvcg-events.de\\\/green-works\\\/wp-content\\\/uploads\\\/sites\\\/47\\\/2023\\\/01\\\/GWAcademy_Logo_RGB_RZ.png\",\"width\":500,\"height\":143,\"caption\":\"GREEN.WORKS Academy\"},\"image\":{\"@id\":\"https:\\\/\\\/dfvcg-events.de\\\/green-works\\\/#\\\/schema\\\/logo\\\/image\\\/\"},\"sameAs\":[\"https:\\\/\\\/www.facebook.com\\\/dfvcg.de\\\/\",\"https:\\\/\\\/x.com\\\/dfvcg_\"]},{\"@type\":\"Person\",\"@id\":\"https:\\\/\\\/dfvcg-events.de\\\/green-works\\\/#\\\/schema\\\/person\\\/8a98e40ed96e61aa53aa06c70418cc9f\",\"name\":\"hartmann\",\"url\":\"https:\\\/\\\/dfvcg-events.de\\\/green-works\\\/author\\\/hartmann\\\/\"}]}<\/script>\n<!-- \/ Yoast SEO plugin. -->","yoast_head_json":{"title":"Auf dem Weg zu Net Zero: Was bringen Klimaschutzprojekte? | GREEN.WORKS Academy","description":"GREEN.WORKS Academy | Aussteller & Sponsoren: Auf dem Weg zu Net Zero: Was bringen Klimaschutzprojekte?","robots":{"index":"index","follow":"follow","max-snippet":"max-snippet:-1","max-image-preview":"max-image-preview:large","max-video-preview":"max-video-preview:-1"},"canonical":"https:\/\/dfvcg-events.de\/green-works\/auf-dem-weg-zu-net-zero-was-bringen-klimaschutzprojekte\/","og_locale":"de_DE","og_type":"article","og_title":"Auf dem Weg zu Net Zero: Was bringen Klimaschutzprojekte? | GREEN.WORKS Academy","og_description":"GREEN.WORKS Academy | Aussteller & Sponsoren: Auf dem Weg zu Net Zero: Was bringen Klimaschutzprojekte?","og_url":"https:\/\/dfvcg-events.de\/green-works\/auf-dem-weg-zu-net-zero-was-bringen-klimaschutzprojekte\/","og_site_name":"GREEN.WORKS Academy","article_publisher":"https:\/\/www.facebook.com\/dfvcg.de\/","article_published_time":"2024-10-18T14:49:00+00:00","article_modified_time":"2024-12-03T10:45:56+00:00","og_image":[{"width":1200,"height":1200,"url":"https:\/\/dfvcg-events.de\/green-works\/wp-content\/uploads\/sites\/47\/2024\/10\/GW_AK_KLIMASCHUTZPROJEKTE.png","type":"image\/png"}],"author":"hartmann","twitter_card":"summary_large_image","twitter_creator":"@dfvcg_","twitter_site":"@dfvcg_","twitter_misc":{"Geschrieben von":"hartmann","Gesch\u00e4tzte Lesezeit":"4\u00a0Minuten"},"schema":{"@context":"https:\/\/schema.org","@graph":[{"@type":"Article","@id":"https:\/\/dfvcg-events.de\/green-works\/auf-dem-weg-zu-net-zero-was-bringen-klimaschutzprojekte\/#article","isPartOf":{"@id":"https:\/\/dfvcg-events.de\/green-works\/auf-dem-weg-zu-net-zero-was-bringen-klimaschutzprojekte\/"},"author":{"name":"hartmann","@id":"https:\/\/dfvcg-events.de\/green-works\/#\/schema\/person\/8a98e40ed96e61aa53aa06c70418cc9f"},"headline":"Auf dem Weg zu Net Zero: Was bringen Klimaschutzprojekte?","datePublished":"2024-10-18T14:49:00+00:00","dateModified":"2024-12-03T10:45:56+00:00","mainEntityOfPage":{"@id":"https:\/\/dfvcg-events.de\/green-works\/auf-dem-weg-zu-net-zero-was-bringen-klimaschutzprojekte\/"},"wordCount":5794,"publisher":{"@id":"https:\/\/dfvcg-events.de\/green-works\/#organization"},"image":{"@id":"https:\/\/dfvcg-events.de\/green-works\/auf-dem-weg-zu-net-zero-was-bringen-klimaschutzprojekte\/#primaryimage"},"thumbnailUrl":"https:\/\/dfvcg-events.de\/green-works\/wp-content\/uploads\/sites\/47\/2024\/10\/GW_AK_KLIMASCHUTZPROJEKTE.png","articleSection":["Archiv"],"inLanguage":"de"},{"@type":"WebPage","@id":"https:\/\/dfvcg-events.de\/green-works\/auf-dem-weg-zu-net-zero-was-bringen-klimaschutzprojekte\/","url":"https:\/\/dfvcg-events.de\/green-works\/auf-dem-weg-zu-net-zero-was-bringen-klimaschutzprojekte\/","name":"Auf dem Weg zu Net Zero: Was bringen Klimaschutzprojekte? | GREEN.WORKS Academy","isPartOf":{"@id":"https:\/\/dfvcg-events.de\/green-works\/#website"},"primaryImageOfPage":{"@id":"https:\/\/dfvcg-events.de\/green-works\/auf-dem-weg-zu-net-zero-was-bringen-klimaschutzprojekte\/#primaryimage"},"image":{"@id":"https:\/\/dfvcg-events.de\/green-works\/auf-dem-weg-zu-net-zero-was-bringen-klimaschutzprojekte\/#primaryimage"},"thumbnailUrl":"https:\/\/dfvcg-events.de\/green-works\/wp-content\/uploads\/sites\/47\/2024\/10\/GW_AK_KLIMASCHUTZPROJEKTE.png","datePublished":"2024-10-18T14:49:00+00:00","dateModified":"2024-12-03T10:45:56+00:00","description":"GREEN.WORKS Academy | Aussteller & Sponsoren: Auf dem Weg zu Net Zero: Was bringen Klimaschutzprojekte?","breadcrumb":{"@id":"https:\/\/dfvcg-events.de\/green-works\/auf-dem-weg-zu-net-zero-was-bringen-klimaschutzprojekte\/#breadcrumb"},"inLanguage":"de","potentialAction":[{"@type":"ReadAction","target":["https:\/\/dfvcg-events.de\/green-works\/auf-dem-weg-zu-net-zero-was-bringen-klimaschutzprojekte\/"]}]},{"@type":"ImageObject","inLanguage":"de","@id":"https:\/\/dfvcg-events.de\/green-works\/auf-dem-weg-zu-net-zero-was-bringen-klimaschutzprojekte\/#primaryimage","url":"https:\/\/dfvcg-events.de\/green-works\/wp-content\/uploads\/sites\/47\/2024\/10\/GW_AK_KLIMASCHUTZPROJEKTE.png","contentUrl":"https:\/\/dfvcg-events.de\/green-works\/wp-content\/uploads\/sites\/47\/2024\/10\/GW_AK_KLIMASCHUTZPROJEKTE.png","width":1200,"height":1200},{"@type":"BreadcrumbList","@id":"https:\/\/dfvcg-events.de\/green-works\/auf-dem-weg-zu-net-zero-was-bringen-klimaschutzprojekte\/#breadcrumb","itemListElement":[{"@type":"ListItem","position":1,"name":"Startseite","item":"https:\/\/dfvcg-events.de\/green-works\/"},{"@type":"ListItem","position":2,"name":"Auf dem Weg zu Net Zero: Was bringen Klimaschutzprojekte?"}]},{"@type":"WebSite","@id":"https:\/\/dfvcg-events.de\/green-works\/#website","url":"https:\/\/dfvcg-events.de\/green-works\/","name":"GREEN.WORKS Academy","description":"dfv Conference Group","publisher":{"@id":"https:\/\/dfvcg-events.de\/green-works\/#organization"},"alternateName":"Green Works Academy","potentialAction":[{"@type":"SearchAction","target":{"@type":"EntryPoint","urlTemplate":"https:\/\/dfvcg-events.de\/green-works\/?s={search_term_string}"},"query-input":{"@type":"PropertyValueSpecification","valueRequired":true,"valueName":"search_term_string"}}],"inLanguage":"de"},{"@type":"Organization","@id":"https:\/\/dfvcg-events.de\/green-works\/#organization","name":"GREEN.WORKS Academy","url":"https:\/\/dfvcg-events.de\/green-works\/","logo":{"@type":"ImageObject","inLanguage":"de","@id":"https:\/\/dfvcg-events.de\/green-works\/#\/schema\/logo\/image\/","url":"https:\/\/dfvcg-events.de\/green-works\/wp-content\/uploads\/sites\/47\/2023\/01\/GWAcademy_Logo_RGB_RZ.png","contentUrl":"https:\/\/dfvcg-events.de\/green-works\/wp-content\/uploads\/sites\/47\/2023\/01\/GWAcademy_Logo_RGB_RZ.png","width":500,"height":143,"caption":"GREEN.WORKS Academy"},"image":{"@id":"https:\/\/dfvcg-events.de\/green-works\/#\/schema\/logo\/image\/"},"sameAs":["https:\/\/www.facebook.com\/dfvcg.de\/","https:\/\/x.com\/dfvcg_"]},{"@type":"Person","@id":"https:\/\/dfvcg-events.de\/green-works\/#\/schema\/person\/8a98e40ed96e61aa53aa06c70418cc9f","name":"hartmann","url":"https:\/\/dfvcg-events.de\/green-works\/author\/hartmann\/"}]}},"_links":{"self":[{"href":"https:\/\/dfvcg-events.de\/green-works\/wp-json\/wp\/v2\/posts\/4120","targetHints":{"allow":["GET"]}}],"collection":[{"href":"https:\/\/dfvcg-events.de\/green-works\/wp-json\/wp\/v2\/posts"}],"about":[{"href":"https:\/\/dfvcg-events.de\/green-works\/wp-json\/wp\/v2\/types\/post"}],"author":[{"embeddable":true,"href":"https:\/\/dfvcg-events.de\/green-works\/wp-json\/wp\/v2\/users\/10"}],"replies":[{"embeddable":true,"href":"https:\/\/dfvcg-events.de\/green-works\/wp-json\/wp\/v2\/comments?post=4120"}],"version-history":[{"count":4,"href":"https:\/\/dfvcg-events.de\/green-works\/wp-json\/wp\/v2\/posts\/4120\/revisions"}],"predecessor-version":[{"id":4354,"href":"https:\/\/dfvcg-events.de\/green-works\/wp-json\/wp\/v2\/posts\/4120\/revisions\/4354"}],"wp:featuredmedia":[{"embeddable":true,"href":"https:\/\/dfvcg-events.de\/green-works\/wp-json\/wp\/v2\/media\/4122"}],"wp:attachment":[{"href":"https:\/\/dfvcg-events.de\/green-works\/wp-json\/wp\/v2\/media?parent=4120"}],"wp:term":[{"taxonomy":"category","embeddable":true,"href":"https:\/\/dfvcg-events.de\/green-works\/wp-json\/wp\/v2\/categories?post=4120"},{"taxonomy":"post_tag","embeddable":true,"href":"https:\/\/dfvcg-events.de\/green-works\/wp-json\/wp\/v2\/tags?post=4120"}],"curies":[{"name":"wp","href":"https:\/\/api.w.org\/{rel}","templated":true}]}}