{"id":4003,"date":"2024-07-25T09:40:15","date_gmt":"2024-07-25T07:40:15","guid":{"rendered":"https:\/\/dfvcg-events.de\/green-works\/?p=4003"},"modified":"2024-10-09T09:33:24","modified_gmt":"2024-10-09T07:33:24","slug":"digitales-coaching-eudr-kompakt-meistern-sie-die-eu-entwaldungsrichtlinie","status":"publish","type":"post","link":"https:\/\/dfvcg-events.de\/green-works\/digitales-coaching-eudr-kompakt-meistern-sie-die-eu-entwaldungsrichtlinie\/","title":{"rendered":"Digitales Coaching | EUDR kompakt: Meistern Sie die EU-Entwaldungsverordnung"},"content":{"rendered":"<div id='av_section_1'  class='avia-section av-k7yuhjt1-f8125af67fe7e5e3f681af141884b592 main_color avia-section-default avia-no-border-styling  avia-builder-el-0  el_before_av_section  avia-builder-el-first  header-farbe avia-bg-style-scroll container_wrap fullsize'  ><div class='container av-section-cont-open' ><main  role=\"main\" itemprop=\"mainContentOfPage\"  class='template-page content  av-content-full alpha units'><div class='post-entry post-entry-type-page post-entry-4003'><div class='entry-content-wrapper clearfix'>\n\n<style type=\"text\/css\" data-created_by=\"avia_inline_auto\" id=\"style-css-av-kav2wagy-53b31f96abcfc71a5593a1c130258425\">\n#top .av-special-heading.av-kav2wagy-53b31f96abcfc71a5593a1c130258425{\npadding-bottom:0;\n}\nbody .av-special-heading.av-kav2wagy-53b31f96abcfc71a5593a1c130258425 .av-special-heading-tag .heading-char{\nfont-size:25px;\n}\n.av-special-heading.av-kav2wagy-53b31f96abcfc71a5593a1c130258425 .av-subheading{\nfont-size:15px;\n}\n<\/style>\n<div  class='av-special-heading av-kav2wagy-53b31f96abcfc71a5593a1c130258425 av-special-heading-h1 blockquote modern-quote  avia-builder-el-1  avia-builder-el-no-sibling '><div class='av-subheading av-subheading_above'><p>GREEN.WORKS Academy<\/p>\n<\/div><h1 class='av-special-heading-tag '  itemprop=\"headline\"  >Veranstaltung<\/h1><div class=\"special-heading-border\"><div class=\"special-heading-inner-border\"><\/div><\/div><\/div>\n\n<\/div><\/div><\/main><!-- close content main element --><\/div><\/div><div id='av_section_2'  class='avia-section av-22hcxg-d8123392254f516fc6bf2e2a3a1068b1 main_color avia-section-default avia-no-border-styling  avia-builder-el-2  el_after_av_section  el_before_av_section  avia-bg-style-scroll container_wrap fullsize'  ><div class='container av-section-cont-open' ><div class='template-page content  av-content-full alpha units'><div class='post-entry post-entry-type-page post-entry-4003'><div class='entry-content-wrapper clearfix'>\n<div class='flex_column_table av-gjtzd-e4bd8c42f090c7e041762bae8c79e747 sc-av_two_third av-equal-height-column-flextable'>\n<style type=\"text\/css\" data-created_by=\"avia_inline_auto\" id=\"style-css-av-gjtzd-e4bd8c42f090c7e041762bae8c79e747\">\n.flex_column.av-gjtzd-e4bd8c42f090c7e041762bae8c79e747{\nborder-radius:0px 0px 0px 0px;\npadding:0px 0px 0px 0px;\n}\n<\/style>\n<div  class='flex_column av-gjtzd-e4bd8c42f090c7e041762bae8c79e747 av_two_third  avia-builder-el-3  el_before_av_one_third  avia-builder-el-first  first flex_column_table_cell av-equal-height-column av-align-middle av-zero-column-padding  '     ><p>\n<style type=\"text\/css\" data-created_by=\"avia_inline_auto\" id=\"style-css-av-kas66l5u-38a4fddb879ba3bbd459ca9eedc4708f\">\n#top .av-special-heading.av-kas66l5u-38a4fddb879ba3bbd459ca9eedc4708f{\npadding-bottom:10px;\n}\nbody .av-special-heading.av-kas66l5u-38a4fddb879ba3bbd459ca9eedc4708f .av-special-heading-tag .heading-char{\nfont-size:25px;\n}\n.av-special-heading.av-kas66l5u-38a4fddb879ba3bbd459ca9eedc4708f .av-subheading{\nfont-size:15px;\n}\n<\/style>\n<div  class='av-special-heading av-kas66l5u-38a4fddb879ba3bbd459ca9eedc4708f av-special-heading-h2 blockquote modern-quote  avia-builder-el-4  el_before_av_button  avia-builder-el-first '><h2 class='av-special-heading-tag '  itemprop=\"headline\"  >Digitales Coaching | EUDR kompakt: Meistern Sie die EU-Entwaldungsverordnung<\/h2><div class='av-subheading av-subheading_below'><p>Start: 7. Oktober 2024<\/p>\n<\/div><div class=\"special-heading-border\"><div class=\"special-heading-inner-border\"><\/div><\/div><\/div><br \/>\n<div  class='avia-button-wrap av-ld04dvz7-1e25c86d08f9c165ba0947dfdc174924-wrap avia-button-left  avia-builder-el-5  el_after_av_heading  avia-builder-el-last '><a href='#anmelden'  class='avia-button av-ld04dvz7-1e25c86d08f9c165ba0947dfdc174924 av-link-btn avia-icon_select-no avia-size-large avia-position-left avia-color-theme-color'   aria-label=\"Jetzt anmelden\"><span class='avia_iconbox_title' >Jetzt anmelden<\/span><\/a><\/div><\/p><\/div><div class='av-flex-placeholder'><\/div>\n<style type=\"text\/css\" data-created_by=\"avia_inline_auto\" id=\"style-css-av-7pv81-b49a1e36663b2e8cca8dbc6d7f19f7c7\">\n.flex_column.av-7pv81-b49a1e36663b2e8cca8dbc6d7f19f7c7{\nborder-radius:0px 0px 0px 0px;\npadding:0px 0px 0px 0px;\n}\n<\/style>\n<div  class='flex_column av-7pv81-b49a1e36663b2e8cca8dbc6d7f19f7c7 av_one_third  avia-builder-el-6  el_after_av_two_third  avia-builder-el-last  flex_column_table_cell av-equal-height-column av-align-middle av-zero-column-padding  '     ><style type=\"text\/css\" data-created_by=\"avia_inline_auto\" id=\"style-css-av-k7zan5qj-2be3be82d2671e9ab06d469c833abb71\">\n.avia-image-container.av-k7zan5qj-2be3be82d2671e9ab06d469c833abb71 img.avia_image{\nbox-shadow:none;\n}\n.avia-image-container.av-k7zan5qj-2be3be82d2671e9ab06d469c833abb71 .av-image-caption-overlay-center{\ncolor:#ffffff;\n}\n<\/style>\n<div  class='avia-image-container av-k7zan5qj-2be3be82d2671e9ab06d469c833abb71 av-styling- avia-align-center  avia-builder-el-7  avia-builder-el-no-sibling '   itemprop=\"image\" itemscope=\"itemscope\" itemtype=\"https:\/\/schema.org\/ImageObject\" ><div class=\"avia-image-container-inner\"><div class=\"avia-image-overlay-wrap\"><img decoding=\"async\" fetchpriority=\"high\" class='wp-image-4004 avia-img-lazy-loading-not-4004 avia_image ' src=\"https:\/\/dfvcg-events.de\/green-works\/wp-content\/uploads\/sites\/47\/2024\/07\/EUDR-Entwaldungs-Richtlinie-Fortbildung-Kurs-Coaching.png\" alt='' title='EUDR-Entwaldungs-Richtlinie-Fortbildung-Kurs-Coaching'  height=\"1200\" width=\"1200\"  itemprop=\"thumbnailUrl\" srcset=\"https:\/\/dfvcg-events.de\/green-works\/wp-content\/uploads\/sites\/47\/2024\/07\/EUDR-Entwaldungs-Richtlinie-Fortbildung-Kurs-Coaching.png 1200w, https:\/\/dfvcg-events.de\/green-works\/wp-content\/uploads\/sites\/47\/2024\/07\/EUDR-Entwaldungs-Richtlinie-Fortbildung-Kurs-Coaching-705x705.png 705w\" sizes=\"(max-width: 1200px) 100vw, 1200px\" \/><\/div><\/div><\/div><\/div><\/div><!--close column table wrapper. Autoclose: 1 -->\n\n<\/div><\/div><\/div><!-- close content main div --><\/div><\/div>\n<style type=\"text\/css\" data-created_by=\"avia_inline_auto\" id=\"style-css-av-lv3wimpt-66b82c8ffb127de166ddc157aa9a7edb\">\n.avia-section.av-lv3wimpt-66b82c8ffb127de166ddc157aa9a7edb{\nbackground-color:#eeeff1;\nbackground-image:unset;\n}\n<\/style>\n<div id='av_section_3'  class='avia-section av-lv3wimpt-66b82c8ffb127de166ddc157aa9a7edb main_color avia-section-default avia-no-border-styling  avia-builder-el-8  el_after_av_section  el_before_av_one_full  av-desktop-hide av-medium-hide av-small-hide av-mini-hide avia-bg-style-scroll container_wrap fullsize'  ><div class='container av-section-cont-open' ><div class='template-page content  av-content-full alpha units'><div class='post-entry post-entry-type-page post-entry-4003'><div class='entry-content-wrapper clearfix'>\n\n<style type=\"text\/css\" data-created_by=\"avia_inline_auto\" id=\"style-css-av-lv4zhnrs-b6cc5aebc76fb5911d74ccc6d16eadbe\">\n#top .av-special-heading.av-lv4zhnrs-b6cc5aebc76fb5911d74ccc6d16eadbe{\npadding-bottom:10px;\n}\nbody .av-special-heading.av-lv4zhnrs-b6cc5aebc76fb5911d74ccc6d16eadbe .av-special-heading-tag .heading-char{\nfont-size:25px;\n}\n.av-special-heading.av-lv4zhnrs-b6cc5aebc76fb5911d74ccc6d16eadbe .av-subheading{\nfont-size:15px;\n}\n<\/style>\n<div  class='av-special-heading av-lv4zhnrs-b6cc5aebc76fb5911d74ccc6d16eadbe av-special-heading-h3 blockquote modern-quote  avia-builder-el-9  el_before_av_two_third  avia-builder-el-first '><h3 class='av-special-heading-tag '  itemprop=\"headline\"  >Auf einen Blick:<\/h3><div class=\"special-heading-border\"><div class=\"special-heading-inner-border\"><\/div><\/div><\/div>\n<div  class='flex_column av-4mgnwi-66d2f300e077f320926a755dda3365f9 av_two_third  avia-builder-el-10  el_after_av_heading  el_before_av_one_third  first flex_column_div  '     ><section  class='av_textblock_section av-lv3wjryn-7737311187c1c52274951e87ceffccfe '   itemscope=\"itemscope\" itemtype=\"https:\/\/schema.org\/BlogPosting\" itemprop=\"blogPost\" ><div class='avia_textblock'  itemprop=\"text\" ><ul>\n<li>Digitale Fortbildung, lernen Sie bequem von Ihrem Arbeitsplatz aus<\/li>\n<li>Coaching in kleiner Gruppe f\u00fcr viel Interaktion<\/li>\n<li>Praktische Anleitung und \u00dcbungen zur Umsetzung der CSRD &amp; ESRS<\/li>\n<li>M\u00f6glichkeit zur Reflektion und Anwendung des Gelernten in der Praxis<\/li>\n<li>Diskussion von Erfahrungen und Fragen in den Sessions + 1 Nachbetreuung<\/li>\n<li>Lernen von unabh\u00e4ngigen Fachleuten<\/li>\n<\/ul>\n<\/div><\/section><\/div><div  class='flex_column av-35fsrm-03711c8da744854e3b457439a9bb2cff av_one_third  avia-builder-el-12  el_after_av_two_third  avia-builder-el-last  flex_column_div  '     ><section  class='av_textblock_section av-lvex7tt3-7a57d307a5aecc43a1d2ec897463d31c '   itemscope=\"itemscope\" itemtype=\"https:\/\/schema.org\/BlogPosting\" itemprop=\"blogPost\" ><div class='avia_textblock'  itemprop=\"text\" ><p><strong>Dieses Coaching richtet sich an alle, die bereits Erfahrung in dem Bereich gemacht haben, aber auch an Teilnehmende, die noch ganz neu im Thema sind.<\/strong><\/p>\n<\/div><\/section><\/div>\n<\/div><\/div><\/div><!-- close content main div --><\/div><\/div><div id='after_section_3'  class='main_color av_default_container_wrap container_wrap fullsize'  ><div class='container av-section-cont-open' ><div class='template-page content  av-content-full alpha units'><div class='post-entry post-entry-type-page post-entry-4003'><div class='entry-content-wrapper clearfix'>\n<div  class='flex_column av-3tt1lg-47af71a3013eebc47588517c592f8945 av_one_full  avia-builder-el-14  el_after_av_section  el_before_av_section  avia-builder-el-no-sibling  first flex_column_div  '     ><section  class='av_textblock_section av-k7zalzjs-dc760954bf3f02b3badd0e6d2cd18c56 '   itemscope=\"itemscope\" itemtype=\"https:\/\/schema.org\/BlogPosting\" itemprop=\"blogPost\" ><div class='avia_textblock'  itemprop=\"text\" ><p>W\u00e4lder sind essenzielle \u00d6kosysteme und in vielerlei Hinsicht von wirtschaftlichen Aktivit\u00e4ten betroffen. Nicht selten f\u00fchren diese dazu, dass W\u00e4lder gerodet werden. Jede Minute gehen Regenw\u00e4lder auf einer Fl\u00e4che von zehn Fu\u00dfballfeldern verloren. Die EU will mit ihrer Entwaldungsverordnung (EUDR) etwas dagegen tun.<\/p>\n<p><strong>Die EUDR betrifft viele Unternehmen.<\/strong> Vermutlich wird in der Wirtschaft noch massiv untersch\u00e4tzt, wie weitreichend die Verordnung ist. So betrifft sie bei weitem nicht nur Unternehmen, die im Holzgesch\u00e4ft t\u00e4tig sind. Auch wer Produkte wie bestimmte \u00d6le, Papier, Soja, Kautschuk, Kaffee, Leder oder Fleisch verarbeitet, muss mit einiger Wahrscheinlichkeit die Verordnung umsetzen.<\/p>\n<p>Dabei nimmt die Verordnung nur begrenzt R\u00fccksicht auf Unternehmensgr\u00f6\u00dfen. Alle Unternehmen, die relevante Rohstoffe und Erzeugnisse in der EU in Verkehr bringen, am Markt bereitstellen oder aus der EU exportieren, m\u00fcssen die Vorgaben umsetzen. Die Liste der Produkte finden Sie <a href=\"https:\/\/eur-lex.europa.eu\/legal-content\/DE\/TXT\/PDF\/?uri=CELEX:32023R1115\" target=\"_blank\" rel=\"noopener\">in Anhang 1 der Verordnung<\/a>.<\/p>\n<p>F\u00fcr die Umsetzung der EUDR ist bis zum 30. Dezember 2024 Zeit. Dabei stehen die Unternehmen vor einer Vielzahl von Herausforderungen, unter anderem auch, dass die Politik noch l\u00e4ngst nicht alle offenen Fragen gekl\u00e4rt hat. Gleichwohl ist es h\u00f6chste Zeit, sich an die Umsetzung der Verordnung zu machen.<\/p>\n<p><strong>Dieses digitale Coaching nimmt Sie bei dieser Herausforderung an die Hand.<\/strong> Es behandelt die Verordnung vom rechtlichen Rahmen \u00fcber die Anforderungen f\u00fcr KMU und die Strategieentwicklung bis hin zur Informationsbeschaffung und der Risikobewertung. Zus\u00e4tzlich gibt es \u00dcbungen und Sie lernen Tools kennen.<\/p>\n<p>Das Coaching richtet sich an folgende Unternehmen:<\/p>\n<ul>\n<li>KMU<\/li>\n<li>Unternehmen, die noch am Anfang der Umsetzung der EUDR stehen und sich noch nicht mit der EUDR befasst haben<\/li>\n<li>Marktteilnehmer (gem\u00e4\u00df EUDR die Erstinverkehrbringer der Rohstoffe\/Produkte)<\/li>\n<\/ul>\n<p>Geleitet wird das Coaching von <strong>ausgewiesenen Fachleuten<\/strong>. Zwischen den Sessions haben Sie Zeit, das Gelernte in der Praxis anzuwenden und Ihre <strong>Erfahrungen und Fragen in der n\u00e4chsten Session zu diskutieren<\/strong>. Zus\u00e4tzlich bieten wir zwei Wochen nach den ersten Sessions eine Fragerunde mit den Expertinnen an. Denn viele kennen es: Im Nachgang zu Fortbildungen entsteht oftmals noch Antwortbedarf.<\/p>\n<p>Geleitet wird das Coaching von den Expertinnen Nathalie Schynawa und Lioba Schwarzer von der Tropenwaldstiftung Oroverde. Die Organisation hat gemeinsam mit dem Global Nature Fund und Unternehmen wie Lidl das Portal Elan! f\u00fcr die Umstellung auf entwaldungsfreie Lieferketten entwickelt.<\/p>\n<p><strong>Steigen Sie kompakt, z\u00fcgig und gut betreut in die EUDR ein.<\/strong><\/p>\n<\/div><\/section><\/div>\n<\/div><\/div><\/div><!-- close content main div --><\/div><\/div><div id='av_section_4'  class='avia-section av-4xybvm-c224dee5bda0cc42f76c4081c51ba68e main_color avia-section-default avia-no-border-styling  avia-builder-el-16  el_after_av_one_full  el_before_av_section  avia-bg-style-scroll container_wrap fullsize'  ><div class='container av-section-cont-open' ><div class='template-page content  av-content-full alpha units'><div class='post-entry post-entry-type-page post-entry-4003'><div class='entry-content-wrapper clearfix'>\n\n<style type=\"text\/css\" data-created_by=\"avia_inline_auto\" id=\"style-css-av-lcpa6ug8-5969ffe05d29deaed1f6709d827374fb\">\n#top .av-special-heading.av-lcpa6ug8-5969ffe05d29deaed1f6709d827374fb{\npadding-bottom:10px;\n}\nbody .av-special-heading.av-lcpa6ug8-5969ffe05d29deaed1f6709d827374fb .av-special-heading-tag .heading-char{\nfont-size:25px;\n}\n.av-special-heading.av-lcpa6ug8-5969ffe05d29deaed1f6709d827374fb .av-subheading{\nfont-size:15px;\n}\n<\/style>\n<div  class='av-special-heading av-lcpa6ug8-5969ffe05d29deaed1f6709d827374fb av-special-heading-h2 blockquote modern-quote  avia-builder-el-17  el_before_av_textblock  avia-builder-el-first '><h2 class='av-special-heading-tag '  itemprop=\"headline\"  >7. Oktober | Block 1 | EUDR: Einstieg und Anforderungen<\/h2><div class=\"special-heading-border\"><div class=\"special-heading-inner-border\"><\/div><\/div><\/div>\n<section  class='av_textblock_section av-lumdvt4g-d7f6d4227c77ee651ed83e48aee6d708 '   itemscope=\"itemscope\" itemtype=\"https:\/\/schema.org\/BlogPosting\" itemprop=\"blogPost\" ><div class='avia_textblock av_inherit_color'  itemprop=\"text\" ><table>\n<tbody>\n<tr>\n<td width=\"42\">1.1<\/td>\n<td width=\"498\"><em>Inhalte<\/em><\/p>\n<p>\u00b7\u00a0\u00a0\u00a0\u00a0\u00a0\u00a0\u00a0\u00a0 Hintergrund und Entwicklung<\/p>\n<p>\u00b7\u00a0\u00a0\u00a0\u00a0\u00a0\u00a0\u00a0\u00a0 Aktueller Rechtlicher Rahmen (EUDR)<\/p>\n<p>\u00b7\u00a0\u00a0\u00a0\u00a0\u00a0\u00a0\u00a0\u00a0 Anforderungen f\u00fcr KMU (Marktteilnehmer und H\u00e4ndler)<\/td>\n<td width=\"84\">12.30-14.00 Uhr<\/td>\n<\/tr>\n<tr>\n<td width=\"42\">1.2<\/td>\n<td width=\"498\"><em>Inhalte<\/em><\/p>\n<p>\u00b7\u00a0\u00a0\u00a0\u00a0\u00a0\u00a0\u00a0\u00a0 Strategieentwicklung<\/p>\n<p>\u00b7\u00a0\u00a0\u00a0\u00a0\u00a0\u00a0\u00a0\u00a0 Informationsanforderungen laut Art. 9<\/p>\n<p><em>\u00a0<\/em><\/p>\n<p><em>\u00dcbung<\/em><\/p>\n<p>\u00b7\u00a0\u00a0\u00a0\u00a0\u00a0\u00a0\u00a0\u00a0 Zust\u00e4ndigkeiten im Unternehmen<\/p>\n<p>\u00b7\u00a0\u00a0\u00a0\u00a0\u00a0\u00a0\u00a0\u00a0 Aussichten Informationsbeschaffung<\/td>\n<td width=\"84\">14.30-16.00 Uhr<\/td>\n<\/tr>\n<tr>\n<td width=\"42\">1.3<\/td>\n<td width=\"498\"><em>Inhalte<\/em><\/p>\n<p>\u00b7\u00a0\u00a0\u00a0\u00a0\u00a0\u00a0\u00a0\u00a0 Unterst\u00fctzung Produktion kleinb\u00e4uerlicher Landwirtschaft<\/p>\n<p>\u00b7\u00a0\u00a0\u00a0\u00a0\u00a0\u00a0\u00a0\u00a0 \u00dcberschneidung EUDR und weitere Gesetze<\/td>\n<td width=\"84\">16.00-16.30 Uhr<\/td>\n<\/tr>\n<\/tbody>\n<\/table>\n<\/div><\/section>\n\n<\/div><\/div><\/div><!-- close content main div --><\/div><\/div><div id='av_section_5'  class='avia-section av-26bv82-3e794025717c3f3f7f5c8f6afdcbcc3f main_color avia-section-default avia-no-border-styling  avia-builder-el-19  el_after_av_section  el_before_av_section  avia-bg-style-scroll container_wrap fullsize'  ><div class='container av-section-cont-open' ><div class='template-page content  av-content-full alpha units'><div class='post-entry post-entry-type-page post-entry-4003'><div class='entry-content-wrapper clearfix'>\n\n<style type=\"text\/css\" data-created_by=\"avia_inline_auto\" id=\"style-css-av-lumdye7o-b04285ccac37f5673c98907a6d9ef648\">\n#top .av-special-heading.av-lumdye7o-b04285ccac37f5673c98907a6d9ef648{\npadding-bottom:10px;\n}\nbody .av-special-heading.av-lumdye7o-b04285ccac37f5673c98907a6d9ef648 .av-special-heading-tag .heading-char{\nfont-size:25px;\n}\n.av-special-heading.av-lumdye7o-b04285ccac37f5673c98907a6d9ef648 .av-subheading{\nfont-size:15px;\n}\n<\/style>\n<div  class='av-special-heading av-lumdye7o-b04285ccac37f5673c98907a6d9ef648 av-special-heading-h2 blockquote modern-quote  avia-builder-el-20  el_before_av_textblock  avia-builder-el-first '><h2 class='av-special-heading-tag '  itemprop=\"headline\"  >10. Oktober | Block 2 | EUDR: Risikoanalyse<\/h2><div class=\"special-heading-border\"><div class=\"special-heading-inner-border\"><\/div><\/div><\/div>\n<section  class='av_textblock_section av-lumdz7g4-8d6718dda8525035b126bf642ccded64 '   itemscope=\"itemscope\" itemtype=\"https:\/\/schema.org\/BlogPosting\" itemprop=\"blogPost\" ><div class='avia_textblock av_inherit_color'  itemprop=\"text\" ><table>\n<tbody>\n<tr>\n<td width=\"42\">2.1<\/td>\n<td width=\"498\"><em>Diskussion &amp; Erfahrungsaustausch<\/em><\/p>\n<p>\u00b7\u00a0\u00a0\u00a0\u00a0\u00a0\u00a0\u00a0\u00a0 Zust\u00e4ndigkeiten und Informationsbeschaffung<\/td>\n<td width=\"84\">12.30-13.30 Uhr<\/td>\n<\/tr>\n<tr>\n<td width=\"42\">2.2<\/td>\n<td width=\"498\"><em>Inhalte<\/em><\/p>\n<p>\u00b7\u00a0\u00a0\u00a0\u00a0\u00a0\u00a0\u00a0\u00a0 Risikobewertung laut Art. 10<\/p>\n<p>\u00b7\u00a0\u00a0\u00a0\u00a0\u00a0\u00a0\u00a0\u00a0 Tools zur Entwaldungsrisikoanalyse<\/p>\n<p>\u00b7\u00a0\u00a0\u00a0\u00a0\u00a0\u00a0\u00a0\u00a0 Beispiel Risikobewertung<\/td>\n<td width=\"84\">13.30-14.45 Uhr<\/td>\n<\/tr>\n<tr>\n<td width=\"42\">2.3<\/td>\n<td width=\"498\"><em>\u00dcbung<\/em><\/p>\n<p>\u00b7\u00a0\u00a0\u00a0\u00a0\u00a0\u00a0\u00a0\u00a0 Nutzung der Tools zur Entwaldungsrisikoanalyse<\/td>\n<td width=\"84\">15.15-<\/p>\n<p>16.00 Uhr<\/td>\n<\/tr>\n<tr>\n<td width=\"42\">2.4<\/td>\n<td width=\"498\"><em>Inhalte<\/em><\/p>\n<p>\u00b7\u00a0\u00a0\u00a0\u00a0\u00a0\u00a0\u00a0\u00a0 Ausblick EUDR<\/p>\n<p><em>Abschluss<\/em><\/td>\n<td width=\"84\">16.00-16.30 Uhr<\/td>\n<\/tr>\n<\/tbody>\n<\/table>\n<\/div><\/section>\n\n<\/div><\/div><\/div><!-- close content main div --><\/div><\/div><div id='av_section_6'  class='avia-section av-r035u-d00dfb641ebac1d34ca783a6d11d2ff6 main_color avia-section-default avia-no-border-styling  avia-builder-el-22  el_after_av_section  el_before_av_section  avia-bg-style-scroll container_wrap fullsize'  ><div class='container av-section-cont-open' ><div class='template-page content  av-content-full alpha units'><div class='post-entry post-entry-type-page post-entry-4003'><div class='entry-content-wrapper clearfix'>\n\n<style type=\"text\/css\" data-created_by=\"avia_inline_auto\" id=\"style-css-av-lume3368-5bd0ff29f2edf7b213d3a30c00f200ae\">\n#top .av-special-heading.av-lume3368-5bd0ff29f2edf7b213d3a30c00f200ae{\npadding-bottom:10px;\n}\nbody .av-special-heading.av-lume3368-5bd0ff29f2edf7b213d3a30c00f200ae .av-special-heading-tag .heading-char{\nfont-size:25px;\n}\n.av-special-heading.av-lume3368-5bd0ff29f2edf7b213d3a30c00f200ae .av-subheading{\nfont-size:15px;\n}\n<\/style>\n<div  class='av-special-heading av-lume3368-5bd0ff29f2edf7b213d3a30c00f200ae av-special-heading-h2 blockquote modern-quote  avia-builder-el-23  el_before_av_textblock  avia-builder-el-first '><h2 class='av-special-heading-tag '  itemprop=\"headline\"  >24. Oktober | Fragen <span class='special_amp'>&amp;<\/span> Antworten<\/h2><div class=\"special-heading-border\"><div class=\"special-heading-inner-border\"><\/div><\/div><\/div>\n<section  class='av_textblock_section av-lume3ocu-e849e5bbbaa056aad4007e2b6261e402 '   itemscope=\"itemscope\" itemtype=\"https:\/\/schema.org\/BlogPosting\" itemprop=\"blogPost\" ><div class='avia_textblock av_inherit_color'  itemprop=\"text\" ><table>\n<tbody>\n<tr>\n<td width=\"42\">4.1<\/td>\n<td width=\"498\"><em>Diskussion und Erfahrungsaustausch<\/em><\/p>\n<p>Welche Fragen haben sich ergeben, welche Informationen werden noch ben\u00f6tigt? Die Fachleute geben Antworten.<\/td>\n<td width=\"84\"><span style=\"font-family: inherit\">10.00-11.00 Uhr<\/span><\/td>\n<\/tr>\n<\/tbody>\n<\/table>\n<\/div><\/section>\n<\/div><\/div><\/div><!-- close content main div --><\/div><\/div><div id='av_section_7'  class='avia-section av-2dosgz-093cf2f7c2e608df8c2cd9927084a9e3 main_color avia-section-default avia-no-border-styling  avia-builder-el-25  el_after_av_section  el_before_av_section  avia-bg-style-scroll container_wrap fullsize'  ><div class='container av-section-cont-open' ><div class='template-page content  av-content-full alpha units'><div class='post-entry post-entry-type-page post-entry-4003'><div class='entry-content-wrapper clearfix'>\n<section  class='av_textblock_section av-lyy55m3n-818bcc3b66cabf7ea21d7ba946673361 '   itemscope=\"itemscope\" itemtype=\"https:\/\/schema.org\/BlogPosting\" itemprop=\"blogPost\" ><div class='avia_textblock av_inherit_color'  itemprop=\"text\" ><h2>Zus\u00e4tzlich erhalten Sie:<\/h2>\n<ul>\n<li>Teilnahmebest\u00e4tigung<\/li>\n<li>Praxisleitfaden EU-Entwaldungsverordnung<\/li>\n<\/ul>\n<\/div><\/section>\n<\/p>\n<\/div><\/div><\/div><!-- close content main div --><\/div><\/div><div id='av_section_8'  class='avia-section av-aw1ni-dad583943b589042cd8c26cad79afc34 main_color avia-section-default avia-no-border-styling  avia-builder-el-27  el_after_av_section  el_before_av_section  avia-bg-style-scroll container_wrap fullsize'  ><div class='container av-section-cont-open' ><div class='template-page content  av-content-full alpha units'><div class='post-entry post-entry-type-page post-entry-4003'><div class='entry-content-wrapper clearfix'>\n\n<style type=\"text\/css\" data-created_by=\"avia_inline_auto\" id=\"style-css-av-2ed6p1-16b6c7c014229a5d824b6c5e4f5e5a6d\">\n#top .av-special-heading.av-2ed6p1-16b6c7c014229a5d824b6c5e4f5e5a6d{\npadding-bottom:10px;\n}\nbody .av-special-heading.av-2ed6p1-16b6c7c014229a5d824b6c5e4f5e5a6d .av-special-heading-tag .heading-char{\nfont-size:25px;\n}\n.av-special-heading.av-2ed6p1-16b6c7c014229a5d824b6c5e4f5e5a6d .av-subheading{\nfont-size:15px;\n}\n<\/style>\n<div  class='av-special-heading av-2ed6p1-16b6c7c014229a5d824b6c5e4f5e5a6d av-special-heading-h2 blockquote modern-quote  avia-builder-el-28  el_before_av_one_full  avia-builder-el-first '><h2 class='av-special-heading-tag '  itemprop=\"headline\"  >Dozierende<\/h2><div class=\"special-heading-border\"><div class=\"special-heading-inner-border\"><\/div><\/div><\/div>\n<div  class='flex_column av-33izwy-9f8e347d4e2093f6f702d37806310c18 av_one_full  avia-builder-el-29  el_after_av_heading  el_before_av_one_third  first flex_column_div  '     ><\/div><div  class='flex_column av-345gwl-b7d1048e65be4323cd91af7be9163cad av_one_third  avia-builder-el-30  el_after_av_one_full  el_before_av_one_third  first flex_column_div  column-top-margin'     ><p>\n<style type=\"text\/css\" data-created_by=\"avia_inline_auto\" id=\"style-css-av-lhiwxvfm-338bac8c4d746d09a2cacdd4a6c99f90\">\n#top #wrap_all .avia-team-member.av-lhiwxvfm-338bac8c4d746d09a2cacdd4a6c99f90 .team-member-name{\ncolor:#55b464;\n}\n.avia-team-member.av-lhiwxvfm-338bac8c4d746d09a2cacdd4a6c99f90 .team-member-job-title{\ncolor:#55b464;\n}\n<\/style>\n<section  class='avia-team-member av-lhiwxvfm-338bac8c4d746d09a2cacdd4a6c99f90  avia-builder-el-31  el_before_av_toggle_container  avia-builder-el-first '  itemscope=\"itemscope\" itemtype=\"https:\/\/schema.org\/Person\" ><div class=\"team-img-container\"><img decoding=\"async\" fetchpriority=\"high\" class='wp-image-4005 avia-img-lazy-loading-not-4005 avia_image avia_image_team' src=\"https:\/\/dfvcg-events.de\/green-works\/wp-content\/uploads\/sites\/47\/2024\/07\/lioba-schwarzer-oroverde-eb-web.jpg\" alt='Lioba Schwarzer'  itemprop=\"image\"   height=\"800\" width=\"600\" srcset=\"https:\/\/dfvcg-events.de\/green-works\/wp-content\/uploads\/sites\/47\/2024\/07\/lioba-schwarzer-oroverde-eb-web.jpg 600w, https:\/\/dfvcg-events.de\/green-works\/wp-content\/uploads\/sites\/47\/2024\/07\/lioba-schwarzer-oroverde-eb-web-529x705.jpg 529w\" sizes=\"(max-width: 600px) 100vw, 600px\" \/><\/div><h3 class='team-member-name '  itemprop=\"name\" >Lioba Schwarzer<\/h3><div class='team-member-job-title av_opacity_variation'  itemprop=\"jobTitle\" >politische Referentin, Tropenwaldstiftung OroVerde<\/div><span class='hidden team-member-affiliation'  itemprop=\"affiliation\" >GREEN.WORKS Academy<\/span><\/section><br \/>\n<div  class='togglecontainer av-lhiwzl61-9e4440c647344f941ac658dda3041ba9  avia-builder-el-32  el_after_av_team_member  avia-builder-el-last  toggle_close_all' >\n<section class='av_toggle_section av-lhiwzfl8-ba60df027c0bd492845a3ee4db6b7380'  itemscope=\"itemscope\" itemtype=\"https:\/\/schema.org\/BlogPosting\" itemprop=\"blogPost\" ><div role=\"tablist\" class=\"single_toggle\" data-tags=\"{Alle} \"  ><p id='toggle-toggle-id-1' data-fake-id='#toggle-id-1' class='toggler  av-title-above '  itemprop=\"headline\"  role='tab' tabindex='0' aria-controls='toggle-id-1' data-slide-speed=\"200\" data-title=\"Info\" data-title-open=\"\" data-aria_collapsed=\"Click to expand: Info\" data-aria_expanded=\"Click to collapse: Info\">Info<span class=\"toggle_icon\"><span class=\"vert_icon\"><\/span><span class=\"hor_icon\"><\/span><\/span><\/p><div id='toggle-id-1' aria-labelledby='toggle-toggle-id-1' role='region' class='toggle_wrap  av-title-above'  ><div class='toggle_content invers-color '  itemprop=\"text\" ><p>Lioba Schwarzer ist politische Referentin bei der Tropenwaldstiftung OroVerde, wo sie seit 2021 arbeitet. Bis 2023 hat sie im ELAN-Projekt gearbeitet, das Unternehmen bei der Gestaltung von entwaldungsfreien Lieferketten unterst\u00fctzt. Vor ihrer Zeit bei OroVerde war sie bereits f\u00fcr verschiedene internationale Nichtregierungsorganisationen t\u00e4tig und nahm zudem als Nachhaltigkeitsanalystin die CSR-Aktivit\u00e4ten von Unternehmen aller Branchen f\u00fcr einen ethisch-\u00f6kologischen Fondsanbieter streng unter die Lupe.<\/p>\n<\/div><\/div><\/div><\/section>\n<\/div><\/p><\/div><div  class='flex_column av-2p12dg-b66af128b39b1b6041f8b64be88ad2e8 av_one_third  avia-builder-el-33  el_after_av_one_third  avia-builder-el-last  flex_column_div  column-top-margin'     ><p>\n<style type=\"text\/css\" data-created_by=\"avia_inline_auto\" id=\"style-css-av-lje0q8in-1d1f0e85bfeef335f7a4365fa951898e\">\n#top #wrap_all .avia-team-member.av-lje0q8in-1d1f0e85bfeef335f7a4365fa951898e .team-member-name{\ncolor:#55b464;\n}\n.avia-team-member.av-lje0q8in-1d1f0e85bfeef335f7a4365fa951898e .team-member-job-title{\ncolor:#55b464;\n}\n<\/style>\n<section  class='avia-team-member av-lje0q8in-1d1f0e85bfeef335f7a4365fa951898e  avia-builder-el-34  el_before_av_toggle_container  avia-builder-el-first '  itemscope=\"itemscope\" itemtype=\"https:\/\/schema.org\/Person\" ><div class=\"team-img-container\"><img decoding=\"async\" fetchpriority=\"high\" class='wp-image-4006 avia-img-lazy-loading-not-4006 avia_image avia_image_team' src=\"https:\/\/dfvcg-events.de\/green-works\/wp-content\/uploads\/sites\/47\/2024\/07\/nathalie-schynawa-oroverde-sl-web.jpg\" alt='Nathalie Schynawa'  itemprop=\"image\"   height=\"800\" width=\"600\" srcset=\"https:\/\/dfvcg-events.de\/green-works\/wp-content\/uploads\/sites\/47\/2024\/07\/nathalie-schynawa-oroverde-sl-web.jpg 600w, https:\/\/dfvcg-events.de\/green-works\/wp-content\/uploads\/sites\/47\/2024\/07\/nathalie-schynawa-oroverde-sl-web-529x705.jpg 529w\" sizes=\"(max-width: 600px) 100vw, 600px\" \/><\/div><h3 class='team-member-name '  itemprop=\"name\" >Nathalie Schynawa<\/h3><div class='team-member-job-title av_opacity_variation'  itemprop=\"jobTitle\" >Referentin f\u00fcr Tropenwaldschutz, OroVerde<\/div><span class='hidden team-member-affiliation'  itemprop=\"affiliation\" >GREEN.WORKS Academy<\/span><\/section><br \/>\n<div  class='togglecontainer av-lje0qxw3-00bbbf28ed9d3fa99e4ea42c5e366144  avia-builder-el-35  el_after_av_team_member  avia-builder-el-last  toggle_close_all' >\n<section class='av_toggle_section av-lje0qww4-8702d8e001fb412bbc9ee1991c213721'  itemscope=\"itemscope\" itemtype=\"https:\/\/schema.org\/BlogPosting\" itemprop=\"blogPost\" ><div role=\"tablist\" class=\"single_toggle\" data-tags=\"{Alle} \"  ><p id='toggle-toggle-id-2' data-fake-id='#toggle-id-2' class='toggler  av-title-above '  itemprop=\"headline\"  role='tab' tabindex='0' aria-controls='toggle-id-2' data-slide-speed=\"200\" data-title=\"Info\" data-title-open=\"\" data-aria_collapsed=\"Click to expand: Info\" data-aria_expanded=\"Click to collapse: Info\">Info<span class=\"toggle_icon\"><span class=\"vert_icon\"><\/span><span class=\"hor_icon\"><\/span><\/span><\/p><div id='toggle-id-2' aria-labelledby='toggle-toggle-id-2' role='region' class='toggle_wrap  av-title-above'  ><div class='toggle_content invers-color '  itemprop=\"text\" ><p>Nathalie Schynawa ist sei 2023 Referentin f\u00fcr Tropenwaldschutz bei OroVerde und arbeitet im ELAN-Projekt, das sich intensiv mit der Unterst\u00fctzung von Unternehmen bei der Umsetzung entwaldungsfreier Lieferketten befasst. Mit einem Master in Intercultural Communication and European Studies hat sie in ihrer Masterarbeit zur EU-Holzhandelsverordnung geforscht, auf der die EU-Verordnung \u00fcber entwaldungsfreie Produkte aufbaut.<\/p>\n<\/div><\/div><\/div><\/section>\n<\/div><\/p><\/div>\n\n<\/div><\/div><\/div><!-- close content main div --><\/div><\/div><div id='anmelden'  class='avia-section av-lcpaks45-e0d0b1274aff4068ab622da52516c8e9 main_color avia-section-default avia-no-shadow  avia-builder-el-36  el_after_av_section  avia-builder-el-last  avia-bg-style-scroll container_wrap fullsize'  ><div class='container av-section-cont-open' ><div class='template-page content  av-content-full alpha units'><div class='post-entry post-entry-type-page post-entry-4003'><div class='entry-content-wrapper clearfix'>\n\n<style type=\"text\/css\" data-created_by=\"avia_inline_auto\" id=\"style-css-av-lcpal8j3-c3a3727cf8548263e6315657b6228104\">\n#top .av-special-heading.av-lcpal8j3-c3a3727cf8548263e6315657b6228104{\npadding-bottom:10px;\n}\nbody .av-special-heading.av-lcpal8j3-c3a3727cf8548263e6315657b6228104 .av-special-heading-tag .heading-char{\nfont-size:25px;\n}\n.av-special-heading.av-lcpal8j3-c3a3727cf8548263e6315657b6228104 .av-subheading{\nfont-size:15px;\n}\n<\/style>\n<div  class='av-special-heading av-lcpal8j3-c3a3727cf8548263e6315657b6228104 av-special-heading-h3 blockquote modern-quote  avia-builder-el-37  el_before_av_codeblock  avia-builder-el-first '><h3 class='av-special-heading-tag '  itemprop=\"headline\"  >Jetzt anmelden<\/h3><div class='av-subheading av-subheading_below'><p>Limitierte Teilnehmerzahl: Maximal 20 Pl\u00e4tze.<\/p>\n<\/div><div class=\"special-heading-border\"><div class=\"special-heading-inner-border\"><\/div><\/div><\/div>\n\n\n","protected":false},"excerpt":{"rendered":"<p>Start: 7. Oktober 2024<\/p>\n","protected":false},"author":10,"featured_media":4004,"comment_status":"closed","ping_status":"closed","sticky":false,"template":"","format":"standard","meta":{"footnotes":""},"categories":[53],"tags":[],"class_list":["post-4003","post","type-post","status-publish","format-standard","has-post-thumbnail","hentry","category-archiv"],"yoast_head":"<!-- This site is optimized with the Yoast SEO plugin v27.4 - https:\/\/yoast.com\/product\/yoast-seo-wordpress\/ -->\n<title>Digitales Coaching | EUDR kompakt: Meistern Sie die EU-Entwaldungsverordnung | GREEN.WORKS Academy<\/title>\n<meta name=\"description\" content=\"GREEN.WORKS Academy | Aussteller &amp; Sponsoren: Digitales Coaching | EUDR kompakt: Meistern Sie die EU-Entwaldungsverordnung\" \/>\n<meta name=\"robots\" content=\"index, follow, max-snippet:-1, max-image-preview:large, max-video-preview:-1\" \/>\n<link rel=\"canonical\" href=\"https:\/\/dfvcg-events.de\/green-works\/digitales-coaching-eudr-kompakt-meistern-sie-die-eu-entwaldungsrichtlinie\/\" \/>\n<meta property=\"og:locale\" content=\"de_DE\" \/>\n<meta property=\"og:type\" content=\"article\" \/>\n<meta property=\"og:title\" content=\"Digitales Coaching | EUDR kompakt: Meistern Sie die EU-Entwaldungsverordnung | GREEN.WORKS Academy\" \/>\n<meta property=\"og:description\" content=\"GREEN.WORKS Academy | Aussteller &amp; Sponsoren: Digitales Coaching | EUDR kompakt: Meistern Sie die EU-Entwaldungsverordnung\" \/>\n<meta property=\"og:url\" content=\"https:\/\/dfvcg-events.de\/green-works\/digitales-coaching-eudr-kompakt-meistern-sie-die-eu-entwaldungsrichtlinie\/\" \/>\n<meta property=\"og:site_name\" content=\"GREEN.WORKS Academy\" \/>\n<meta property=\"article:publisher\" content=\"https:\/\/www.facebook.com\/dfvcg.de\/\" \/>\n<meta property=\"article:published_time\" content=\"2024-07-25T07:40:15+00:00\" \/>\n<meta property=\"article:modified_time\" content=\"2024-10-09T07:33:24+00:00\" \/>\n<meta property=\"og:image\" content=\"https:\/\/dfvcg-events.de\/green-works\/wp-content\/uploads\/sites\/47\/2024\/07\/EUDR-Entwaldungs-Richtlinie-Fortbildung-Kurs-Coaching.png\" \/>\n\t<meta property=\"og:image:width\" content=\"1200\" \/>\n\t<meta property=\"og:image:height\" content=\"1200\" \/>\n\t<meta property=\"og:image:type\" content=\"image\/png\" \/>\n<meta name=\"author\" content=\"hartmann\" \/>\n<meta name=\"twitter:card\" content=\"summary_large_image\" \/>\n<meta name=\"twitter:creator\" content=\"@dfvcg_\" \/>\n<meta name=\"twitter:site\" content=\"@dfvcg_\" \/>\n<meta name=\"twitter:label1\" content=\"Geschrieben von\" \/>\n\t<meta name=\"twitter:data1\" content=\"hartmann\" \/>\n\t<meta name=\"twitter:label2\" content=\"Gesch\u00e4tzte Lesezeit\" \/>\n\t<meta name=\"twitter:data2\" content=\"5\u00a0Minuten\" \/>\n<script type=\"application\/ld+json\" class=\"yoast-schema-graph\">{\"@context\":\"https:\\\/\\\/schema.org\",\"@graph\":[{\"@type\":\"Article\",\"@id\":\"https:\\\/\\\/dfvcg-events.de\\\/green-works\\\/digitales-coaching-eudr-kompakt-meistern-sie-die-eu-entwaldungsrichtlinie\\\/#article\",\"isPartOf\":{\"@id\":\"https:\\\/\\\/dfvcg-events.de\\\/green-works\\\/digitales-coaching-eudr-kompakt-meistern-sie-die-eu-entwaldungsrichtlinie\\\/\"},\"author\":{\"name\":\"hartmann\",\"@id\":\"https:\\\/\\\/dfvcg-events.de\\\/green-works\\\/#\\\/schema\\\/person\\\/8a98e40ed96e61aa53aa06c70418cc9f\"},\"headline\":\"Digitales Coaching | EUDR kompakt: Meistern Sie die EU-Entwaldungsverordnung\",\"datePublished\":\"2024-07-25T07:40:15+00:00\",\"dateModified\":\"2024-10-09T07:33:24+00:00\",\"mainEntityOfPage\":{\"@id\":\"https:\\\/\\\/dfvcg-events.de\\\/green-works\\\/digitales-coaching-eudr-kompakt-meistern-sie-die-eu-entwaldungsrichtlinie\\\/\"},\"wordCount\":7492,\"publisher\":{\"@id\":\"https:\\\/\\\/dfvcg-events.de\\\/green-works\\\/#organization\"},\"image\":{\"@id\":\"https:\\\/\\\/dfvcg-events.de\\\/green-works\\\/digitales-coaching-eudr-kompakt-meistern-sie-die-eu-entwaldungsrichtlinie\\\/#primaryimage\"},\"thumbnailUrl\":\"https:\\\/\\\/dfvcg-events.de\\\/green-works\\\/wp-content\\\/uploads\\\/sites\\\/47\\\/2024\\\/07\\\/EUDR-Entwaldungs-Richtlinie-Fortbildung-Kurs-Coaching.png\",\"articleSection\":[\"Archiv\"],\"inLanguage\":\"de\"},{\"@type\":\"WebPage\",\"@id\":\"https:\\\/\\\/dfvcg-events.de\\\/green-works\\\/digitales-coaching-eudr-kompakt-meistern-sie-die-eu-entwaldungsrichtlinie\\\/\",\"url\":\"https:\\\/\\\/dfvcg-events.de\\\/green-works\\\/digitales-coaching-eudr-kompakt-meistern-sie-die-eu-entwaldungsrichtlinie\\\/\",\"name\":\"Digitales Coaching | EUDR kompakt: Meistern Sie die EU-Entwaldungsverordnung | GREEN.WORKS Academy\",\"isPartOf\":{\"@id\":\"https:\\\/\\\/dfvcg-events.de\\\/green-works\\\/#website\"},\"primaryImageOfPage\":{\"@id\":\"https:\\\/\\\/dfvcg-events.de\\\/green-works\\\/digitales-coaching-eudr-kompakt-meistern-sie-die-eu-entwaldungsrichtlinie\\\/#primaryimage\"},\"image\":{\"@id\":\"https:\\\/\\\/dfvcg-events.de\\\/green-works\\\/digitales-coaching-eudr-kompakt-meistern-sie-die-eu-entwaldungsrichtlinie\\\/#primaryimage\"},\"thumbnailUrl\":\"https:\\\/\\\/dfvcg-events.de\\\/green-works\\\/wp-content\\\/uploads\\\/sites\\\/47\\\/2024\\\/07\\\/EUDR-Entwaldungs-Richtlinie-Fortbildung-Kurs-Coaching.png\",\"datePublished\":\"2024-07-25T07:40:15+00:00\",\"dateModified\":\"2024-10-09T07:33:24+00:00\",\"description\":\"GREEN.WORKS Academy | Aussteller & Sponsoren: Digitales Coaching | EUDR kompakt: Meistern Sie die EU-Entwaldungsverordnung\",\"breadcrumb\":{\"@id\":\"https:\\\/\\\/dfvcg-events.de\\\/green-works\\\/digitales-coaching-eudr-kompakt-meistern-sie-die-eu-entwaldungsrichtlinie\\\/#breadcrumb\"},\"inLanguage\":\"de\",\"potentialAction\":[{\"@type\":\"ReadAction\",\"target\":[\"https:\\\/\\\/dfvcg-events.de\\\/green-works\\\/digitales-coaching-eudr-kompakt-meistern-sie-die-eu-entwaldungsrichtlinie\\\/\"]}]},{\"@type\":\"ImageObject\",\"inLanguage\":\"de\",\"@id\":\"https:\\\/\\\/dfvcg-events.de\\\/green-works\\\/digitales-coaching-eudr-kompakt-meistern-sie-die-eu-entwaldungsrichtlinie\\\/#primaryimage\",\"url\":\"https:\\\/\\\/dfvcg-events.de\\\/green-works\\\/wp-content\\\/uploads\\\/sites\\\/47\\\/2024\\\/07\\\/EUDR-Entwaldungs-Richtlinie-Fortbildung-Kurs-Coaching.png\",\"contentUrl\":\"https:\\\/\\\/dfvcg-events.de\\\/green-works\\\/wp-content\\\/uploads\\\/sites\\\/47\\\/2024\\\/07\\\/EUDR-Entwaldungs-Richtlinie-Fortbildung-Kurs-Coaching.png\",\"width\":1200,\"height\":1200},{\"@type\":\"BreadcrumbList\",\"@id\":\"https:\\\/\\\/dfvcg-events.de\\\/green-works\\\/digitales-coaching-eudr-kompakt-meistern-sie-die-eu-entwaldungsrichtlinie\\\/#breadcrumb\",\"itemListElement\":[{\"@type\":\"ListItem\",\"position\":1,\"name\":\"Startseite\",\"item\":\"https:\\\/\\\/dfvcg-events.de\\\/green-works\\\/\"},{\"@type\":\"ListItem\",\"position\":2,\"name\":\"Digitales Coaching | EUDR kompakt: Meistern Sie die EU-Entwaldungsverordnung\"}]},{\"@type\":\"WebSite\",\"@id\":\"https:\\\/\\\/dfvcg-events.de\\\/green-works\\\/#website\",\"url\":\"https:\\\/\\\/dfvcg-events.de\\\/green-works\\\/\",\"name\":\"GREEN.WORKS Academy\",\"description\":\"dfv Conference Group\",\"publisher\":{\"@id\":\"https:\\\/\\\/dfvcg-events.de\\\/green-works\\\/#organization\"},\"alternateName\":\"Green Works Academy\",\"potentialAction\":[{\"@type\":\"SearchAction\",\"target\":{\"@type\":\"EntryPoint\",\"urlTemplate\":\"https:\\\/\\\/dfvcg-events.de\\\/green-works\\\/?s={search_term_string}\"},\"query-input\":{\"@type\":\"PropertyValueSpecification\",\"valueRequired\":true,\"valueName\":\"search_term_string\"}}],\"inLanguage\":\"de\"},{\"@type\":\"Organization\",\"@id\":\"https:\\\/\\\/dfvcg-events.de\\\/green-works\\\/#organization\",\"name\":\"GREEN.WORKS Academy\",\"url\":\"https:\\\/\\\/dfvcg-events.de\\\/green-works\\\/\",\"logo\":{\"@type\":\"ImageObject\",\"inLanguage\":\"de\",\"@id\":\"https:\\\/\\\/dfvcg-events.de\\\/green-works\\\/#\\\/schema\\\/logo\\\/image\\\/\",\"url\":\"https:\\\/\\\/dfvcg-events.de\\\/green-works\\\/wp-content\\\/uploads\\\/sites\\\/47\\\/2023\\\/01\\\/GWAcademy_Logo_RGB_RZ.png\",\"contentUrl\":\"https:\\\/\\\/dfvcg-events.de\\\/green-works\\\/wp-content\\\/uploads\\\/sites\\\/47\\\/2023\\\/01\\\/GWAcademy_Logo_RGB_RZ.png\",\"width\":500,\"height\":143,\"caption\":\"GREEN.WORKS Academy\"},\"image\":{\"@id\":\"https:\\\/\\\/dfvcg-events.de\\\/green-works\\\/#\\\/schema\\\/logo\\\/image\\\/\"},\"sameAs\":[\"https:\\\/\\\/www.facebook.com\\\/dfvcg.de\\\/\",\"https:\\\/\\\/x.com\\\/dfvcg_\"]},{\"@type\":\"Person\",\"@id\":\"https:\\\/\\\/dfvcg-events.de\\\/green-works\\\/#\\\/schema\\\/person\\\/8a98e40ed96e61aa53aa06c70418cc9f\",\"name\":\"hartmann\",\"url\":\"https:\\\/\\\/dfvcg-events.de\\\/green-works\\\/author\\\/hartmann\\\/\"}]}<\/script>\n<!-- \/ Yoast SEO plugin. -->","yoast_head_json":{"title":"Digitales Coaching | EUDR kompakt: Meistern Sie die EU-Entwaldungsverordnung | GREEN.WORKS Academy","description":"GREEN.WORKS Academy | Aussteller & Sponsoren: Digitales Coaching | EUDR kompakt: Meistern Sie die EU-Entwaldungsverordnung","robots":{"index":"index","follow":"follow","max-snippet":"max-snippet:-1","max-image-preview":"max-image-preview:large","max-video-preview":"max-video-preview:-1"},"canonical":"https:\/\/dfvcg-events.de\/green-works\/digitales-coaching-eudr-kompakt-meistern-sie-die-eu-entwaldungsrichtlinie\/","og_locale":"de_DE","og_type":"article","og_title":"Digitales Coaching | EUDR kompakt: Meistern Sie die EU-Entwaldungsverordnung | GREEN.WORKS Academy","og_description":"GREEN.WORKS Academy | Aussteller & Sponsoren: Digitales Coaching | EUDR kompakt: Meistern Sie die EU-Entwaldungsverordnung","og_url":"https:\/\/dfvcg-events.de\/green-works\/digitales-coaching-eudr-kompakt-meistern-sie-die-eu-entwaldungsrichtlinie\/","og_site_name":"GREEN.WORKS Academy","article_publisher":"https:\/\/www.facebook.com\/dfvcg.de\/","article_published_time":"2024-07-25T07:40:15+00:00","article_modified_time":"2024-10-09T07:33:24+00:00","og_image":[{"width":1200,"height":1200,"url":"https:\/\/dfvcg-events.de\/green-works\/wp-content\/uploads\/sites\/47\/2024\/07\/EUDR-Entwaldungs-Richtlinie-Fortbildung-Kurs-Coaching.png","type":"image\/png"}],"author":"hartmann","twitter_card":"summary_large_image","twitter_creator":"@dfvcg_","twitter_site":"@dfvcg_","twitter_misc":{"Geschrieben von":"hartmann","Gesch\u00e4tzte Lesezeit":"5\u00a0Minuten"},"schema":{"@context":"https:\/\/schema.org","@graph":[{"@type":"Article","@id":"https:\/\/dfvcg-events.de\/green-works\/digitales-coaching-eudr-kompakt-meistern-sie-die-eu-entwaldungsrichtlinie\/#article","isPartOf":{"@id":"https:\/\/dfvcg-events.de\/green-works\/digitales-coaching-eudr-kompakt-meistern-sie-die-eu-entwaldungsrichtlinie\/"},"author":{"name":"hartmann","@id":"https:\/\/dfvcg-events.de\/green-works\/#\/schema\/person\/8a98e40ed96e61aa53aa06c70418cc9f"},"headline":"Digitales Coaching | EUDR kompakt: Meistern Sie die EU-Entwaldungsverordnung","datePublished":"2024-07-25T07:40:15+00:00","dateModified":"2024-10-09T07:33:24+00:00","mainEntityOfPage":{"@id":"https:\/\/dfvcg-events.de\/green-works\/digitales-coaching-eudr-kompakt-meistern-sie-die-eu-entwaldungsrichtlinie\/"},"wordCount":7492,"publisher":{"@id":"https:\/\/dfvcg-events.de\/green-works\/#organization"},"image":{"@id":"https:\/\/dfvcg-events.de\/green-works\/digitales-coaching-eudr-kompakt-meistern-sie-die-eu-entwaldungsrichtlinie\/#primaryimage"},"thumbnailUrl":"https:\/\/dfvcg-events.de\/green-works\/wp-content\/uploads\/sites\/47\/2024\/07\/EUDR-Entwaldungs-Richtlinie-Fortbildung-Kurs-Coaching.png","articleSection":["Archiv"],"inLanguage":"de"},{"@type":"WebPage","@id":"https:\/\/dfvcg-events.de\/green-works\/digitales-coaching-eudr-kompakt-meistern-sie-die-eu-entwaldungsrichtlinie\/","url":"https:\/\/dfvcg-events.de\/green-works\/digitales-coaching-eudr-kompakt-meistern-sie-die-eu-entwaldungsrichtlinie\/","name":"Digitales Coaching | EUDR kompakt: Meistern Sie die EU-Entwaldungsverordnung | GREEN.WORKS Academy","isPartOf":{"@id":"https:\/\/dfvcg-events.de\/green-works\/#website"},"primaryImageOfPage":{"@id":"https:\/\/dfvcg-events.de\/green-works\/digitales-coaching-eudr-kompakt-meistern-sie-die-eu-entwaldungsrichtlinie\/#primaryimage"},"image":{"@id":"https:\/\/dfvcg-events.de\/green-works\/digitales-coaching-eudr-kompakt-meistern-sie-die-eu-entwaldungsrichtlinie\/#primaryimage"},"thumbnailUrl":"https:\/\/dfvcg-events.de\/green-works\/wp-content\/uploads\/sites\/47\/2024\/07\/EUDR-Entwaldungs-Richtlinie-Fortbildung-Kurs-Coaching.png","datePublished":"2024-07-25T07:40:15+00:00","dateModified":"2024-10-09T07:33:24+00:00","description":"GREEN.WORKS Academy | Aussteller & Sponsoren: Digitales Coaching | EUDR kompakt: Meistern Sie die EU-Entwaldungsverordnung","breadcrumb":{"@id":"https:\/\/dfvcg-events.de\/green-works\/digitales-coaching-eudr-kompakt-meistern-sie-die-eu-entwaldungsrichtlinie\/#breadcrumb"},"inLanguage":"de","potentialAction":[{"@type":"ReadAction","target":["https:\/\/dfvcg-events.de\/green-works\/digitales-coaching-eudr-kompakt-meistern-sie-die-eu-entwaldungsrichtlinie\/"]}]},{"@type":"ImageObject","inLanguage":"de","@id":"https:\/\/dfvcg-events.de\/green-works\/digitales-coaching-eudr-kompakt-meistern-sie-die-eu-entwaldungsrichtlinie\/#primaryimage","url":"https:\/\/dfvcg-events.de\/green-works\/wp-content\/uploads\/sites\/47\/2024\/07\/EUDR-Entwaldungs-Richtlinie-Fortbildung-Kurs-Coaching.png","contentUrl":"https:\/\/dfvcg-events.de\/green-works\/wp-content\/uploads\/sites\/47\/2024\/07\/EUDR-Entwaldungs-Richtlinie-Fortbildung-Kurs-Coaching.png","width":1200,"height":1200},{"@type":"BreadcrumbList","@id":"https:\/\/dfvcg-events.de\/green-works\/digitales-coaching-eudr-kompakt-meistern-sie-die-eu-entwaldungsrichtlinie\/#breadcrumb","itemListElement":[{"@type":"ListItem","position":1,"name":"Startseite","item":"https:\/\/dfvcg-events.de\/green-works\/"},{"@type":"ListItem","position":2,"name":"Digitales Coaching | EUDR kompakt: Meistern Sie die EU-Entwaldungsverordnung"}]},{"@type":"WebSite","@id":"https:\/\/dfvcg-events.de\/green-works\/#website","url":"https:\/\/dfvcg-events.de\/green-works\/","name":"GREEN.WORKS Academy","description":"dfv Conference Group","publisher":{"@id":"https:\/\/dfvcg-events.de\/green-works\/#organization"},"alternateName":"Green Works Academy","potentialAction":[{"@type":"SearchAction","target":{"@type":"EntryPoint","urlTemplate":"https:\/\/dfvcg-events.de\/green-works\/?s={search_term_string}"},"query-input":{"@type":"PropertyValueSpecification","valueRequired":true,"valueName":"search_term_string"}}],"inLanguage":"de"},{"@type":"Organization","@id":"https:\/\/dfvcg-events.de\/green-works\/#organization","name":"GREEN.WORKS Academy","url":"https:\/\/dfvcg-events.de\/green-works\/","logo":{"@type":"ImageObject","inLanguage":"de","@id":"https:\/\/dfvcg-events.de\/green-works\/#\/schema\/logo\/image\/","url":"https:\/\/dfvcg-events.de\/green-works\/wp-content\/uploads\/sites\/47\/2023\/01\/GWAcademy_Logo_RGB_RZ.png","contentUrl":"https:\/\/dfvcg-events.de\/green-works\/wp-content\/uploads\/sites\/47\/2023\/01\/GWAcademy_Logo_RGB_RZ.png","width":500,"height":143,"caption":"GREEN.WORKS Academy"},"image":{"@id":"https:\/\/dfvcg-events.de\/green-works\/#\/schema\/logo\/image\/"},"sameAs":["https:\/\/www.facebook.com\/dfvcg.de\/","https:\/\/x.com\/dfvcg_"]},{"@type":"Person","@id":"https:\/\/dfvcg-events.de\/green-works\/#\/schema\/person\/8a98e40ed96e61aa53aa06c70418cc9f","name":"hartmann","url":"https:\/\/dfvcg-events.de\/green-works\/author\/hartmann\/"}]}},"_links":{"self":[{"href":"https:\/\/dfvcg-events.de\/green-works\/wp-json\/wp\/v2\/posts\/4003","targetHints":{"allow":["GET"]}}],"collection":[{"href":"https:\/\/dfvcg-events.de\/green-works\/wp-json\/wp\/v2\/posts"}],"about":[{"href":"https:\/\/dfvcg-events.de\/green-works\/wp-json\/wp\/v2\/types\/post"}],"author":[{"embeddable":true,"href":"https:\/\/dfvcg-events.de\/green-works\/wp-json\/wp\/v2\/users\/10"}],"replies":[{"embeddable":true,"href":"https:\/\/dfvcg-events.de\/green-works\/wp-json\/wp\/v2\/comments?post=4003"}],"version-history":[{"count":3,"href":"https:\/\/dfvcg-events.de\/green-works\/wp-json\/wp\/v2\/posts\/4003\/revisions"}],"predecessor-version":[{"id":4102,"href":"https:\/\/dfvcg-events.de\/green-works\/wp-json\/wp\/v2\/posts\/4003\/revisions\/4102"}],"wp:featuredmedia":[{"embeddable":true,"href":"https:\/\/dfvcg-events.de\/green-works\/wp-json\/wp\/v2\/media\/4004"}],"wp:attachment":[{"href":"https:\/\/dfvcg-events.de\/green-works\/wp-json\/wp\/v2\/media?parent=4003"}],"wp:term":[{"taxonomy":"category","embeddable":true,"href":"https:\/\/dfvcg-events.de\/green-works\/wp-json\/wp\/v2\/categories?post=4003"},{"taxonomy":"post_tag","embeddable":true,"href":"https:\/\/dfvcg-events.de\/green-works\/wp-json\/wp\/v2\/tags?post=4003"}],"curies":[{"name":"wp","href":"https:\/\/api.w.org\/{rel}","templated":true}]}}