{"id":3730,"date":"2024-04-05T12:14:52","date_gmt":"2024-04-05T10:14:52","guid":{"rendered":"https:\/\/dfvcg-events.de\/green-works\/?p=3730"},"modified":"2024-06-05T10:09:54","modified_gmt":"2024-06-05T08:09:54","slug":"digitales-coaching-csrd-esrs-kompakt-top-fachleute-begleiten-sie-beim-einstieg","status":"publish","type":"post","link":"https:\/\/dfvcg-events.de\/green-works\/digitales-coaching-csrd-esrs-kompakt-top-fachleute-begleiten-sie-beim-einstieg\/","title":{"rendered":"Digitales Coaching | CSRD &amp; ESRS kompakt: Top-Fachleute begleiten Sie beim Einstieg"},"content":{"rendered":"<div id='av_section_1'  class='avia-section av-k7yuhjt1-f8125af67fe7e5e3f681af141884b592 main_color avia-section-default avia-no-border-styling  avia-builder-el-0  el_before_av_section  avia-builder-el-first  header-farbe avia-bg-style-scroll container_wrap fullsize'  ><div class='container av-section-cont-open' ><main  role=\"main\" itemprop=\"mainContentOfPage\"  class='template-page content  av-content-full alpha units'><div class='post-entry post-entry-type-page post-entry-3730'><div class='entry-content-wrapper clearfix'>\n\n<style type=\"text\/css\" data-created_by=\"avia_inline_auto\" id=\"style-css-av-kav2wagy-53b31f96abcfc71a5593a1c130258425\">\n#top .av-special-heading.av-kav2wagy-53b31f96abcfc71a5593a1c130258425{\npadding-bottom:0;\n}\nbody .av-special-heading.av-kav2wagy-53b31f96abcfc71a5593a1c130258425 .av-special-heading-tag .heading-char{\nfont-size:25px;\n}\n.av-special-heading.av-kav2wagy-53b31f96abcfc71a5593a1c130258425 .av-subheading{\nfont-size:15px;\n}\n<\/style>\n<div  class='av-special-heading av-kav2wagy-53b31f96abcfc71a5593a1c130258425 av-special-heading-h1 blockquote modern-quote  avia-builder-el-1  avia-builder-el-no-sibling '><div class='av-subheading av-subheading_above'><p>GREEN.WORKS Academy<\/p>\n<\/div><h1 class='av-special-heading-tag '  itemprop=\"headline\"  >Veranstaltung<\/h1><div class=\"special-heading-border\"><div class=\"special-heading-inner-border\"><\/div><\/div><\/div>\n\n<\/div><\/div><\/main><!-- close content main element --><\/div><\/div><div id='av_section_2'  class='avia-section av-22hcxg-d8123392254f516fc6bf2e2a3a1068b1 main_color avia-section-default avia-no-border-styling  avia-builder-el-2  el_after_av_section  el_before_av_section  avia-bg-style-scroll container_wrap fullsize'  ><div class='container av-section-cont-open' ><div class='template-page content  av-content-full alpha units'><div class='post-entry post-entry-type-page post-entry-3730'><div class='entry-content-wrapper clearfix'>\n<div class='flex_column_table av-gjtzd-e4bd8c42f090c7e041762bae8c79e747 sc-av_two_third av-equal-height-column-flextable'>\n<style type=\"text\/css\" data-created_by=\"avia_inline_auto\" id=\"style-css-av-gjtzd-e4bd8c42f090c7e041762bae8c79e747\">\n.flex_column.av-gjtzd-e4bd8c42f090c7e041762bae8c79e747{\nborder-radius:0px 0px 0px 0px;\npadding:0px 0px 0px 0px;\n}\n<\/style>\n<div  class='flex_column av-gjtzd-e4bd8c42f090c7e041762bae8c79e747 av_two_third  avia-builder-el-3  el_before_av_one_third  avia-builder-el-first  first flex_column_table_cell av-equal-height-column av-align-middle av-zero-column-padding  '     ><p>\n<style type=\"text\/css\" data-created_by=\"avia_inline_auto\" id=\"style-css-av-kas66l5u-164fcf088a6c0fdf359b72fd0d9d20d1\">\n#top .av-special-heading.av-kas66l5u-164fcf088a6c0fdf359b72fd0d9d20d1{\npadding-bottom:10px;\n}\nbody .av-special-heading.av-kas66l5u-164fcf088a6c0fdf359b72fd0d9d20d1 .av-special-heading-tag .heading-char{\nfont-size:25px;\n}\n.av-special-heading.av-kas66l5u-164fcf088a6c0fdf359b72fd0d9d20d1 .av-subheading{\nfont-size:15px;\n}\n<\/style>\n<div  class='av-special-heading av-kas66l5u-164fcf088a6c0fdf359b72fd0d9d20d1 av-special-heading-h2 blockquote modern-quote  avia-builder-el-4  el_before_av_button  avia-builder-el-first '><h2 class='av-special-heading-tag '  itemprop=\"headline\"  >Digitales Coaching | CSRD <span class='special_amp'>&amp;<\/span> ESRS kompakt: Top-Fachleute begleiten Sie beim Einstieg<\/h2><div class='av-subheading av-subheading_below'><p>Start 27. Mai 2024<\/p>\n<\/div><div class=\"special-heading-border\"><div class=\"special-heading-inner-border\"><\/div><\/div><\/div><br \/>\n<div  class='avia-button-wrap av-ld04dvz7-1e25c86d08f9c165ba0947dfdc174924-wrap avia-button-left  avia-builder-el-5  el_after_av_heading  avia-builder-el-last '><a href='#anmelden'  class='avia-button av-ld04dvz7-1e25c86d08f9c165ba0947dfdc174924 av-link-btn avia-icon_select-no avia-size-large avia-position-left avia-color-theme-color'   aria-label=\"Jetzt anmelden\"><span class='avia_iconbox_title' >Jetzt anmelden<\/span><\/a><\/div><\/p><\/div><div class='av-flex-placeholder'><\/div>\n<style type=\"text\/css\" data-created_by=\"avia_inline_auto\" id=\"style-css-av-7pv81-b49a1e36663b2e8cca8dbc6d7f19f7c7\">\n.flex_column.av-7pv81-b49a1e36663b2e8cca8dbc6d7f19f7c7{\nborder-radius:0px 0px 0px 0px;\npadding:0px 0px 0px 0px;\n}\n<\/style>\n<div  class='flex_column av-7pv81-b49a1e36663b2e8cca8dbc6d7f19f7c7 av_one_third  avia-builder-el-6  el_after_av_two_third  avia-builder-el-last  flex_column_table_cell av-equal-height-column av-align-middle av-zero-column-padding  '     ><style type=\"text\/css\" data-created_by=\"avia_inline_auto\" id=\"style-css-av-k7zan5qj-45d619b40442a99e22a79ab02a2bff9b\">\n.avia-image-container.av-k7zan5qj-45d619b40442a99e22a79ab02a2bff9b img.avia_image{\nbox-shadow:none;\n}\n.avia-image-container.av-k7zan5qj-45d619b40442a99e22a79ab02a2bff9b .av-image-caption-overlay-center{\ncolor:#ffffff;\n}\n<\/style>\n<div  class='avia-image-container av-k7zan5qj-45d619b40442a99e22a79ab02a2bff9b av-styling- avia-align-center  avia-builder-el-7  avia-builder-el-no-sibling '   itemprop=\"image\" itemscope=\"itemscope\" itemtype=\"https:\/\/schema.org\/ImageObject\" ><div class=\"avia-image-container-inner\"><div class=\"avia-image-overlay-wrap\"><img decoding=\"async\" fetchpriority=\"high\" class='wp-image-3731 avia-img-lazy-loading-not-3731 avia_image ' src=\"https:\/\/dfvcg-events.de\/green-works\/wp-content\/uploads\/sites\/47\/2024\/04\/CSRD-ESRS-umsetzen-Seminar-Coaching-Fortbildung.png\" alt='' title='CSRD-ESRS-umsetzen-Seminar-Coaching-Fortbildung'  height=\"1200\" width=\"1200\"  itemprop=\"thumbnailUrl\" srcset=\"https:\/\/dfvcg-events.de\/green-works\/wp-content\/uploads\/sites\/47\/2024\/04\/CSRD-ESRS-umsetzen-Seminar-Coaching-Fortbildung.png 1200w, https:\/\/dfvcg-events.de\/green-works\/wp-content\/uploads\/sites\/47\/2024\/04\/CSRD-ESRS-umsetzen-Seminar-Coaching-Fortbildung-705x705.png 705w\" sizes=\"(max-width: 1200px) 100vw, 1200px\" \/><\/div><\/div><\/div><\/div><\/div><!--close column table wrapper. Autoclose: 1 --><\/div><\/div><\/div><!-- close content main div --><\/div><\/div>\n<style type=\"text\/css\" data-created_by=\"avia_inline_auto\" id=\"style-css-av-lv3wimpt-d9ce506d13be9e2bcff78959f2c29705\">\n.avia-section.av-lv3wimpt-d9ce506d13be9e2bcff78959f2c29705{\nbackground-color:#eeeff1;\nbackground-image:unset;\n}\n<\/style>\n<div id='av_section_3'  class='avia-section av-lv3wimpt-d9ce506d13be9e2bcff78959f2c29705 main_color avia-section-default avia-no-border-styling  avia-builder-el-8  el_after_av_section  el_before_av_one_full  avia-bg-style-scroll container_wrap fullsize'  ><div class='container av-section-cont-open' ><div class='template-page content  av-content-full alpha units'><div class='post-entry post-entry-type-page post-entry-3730'><div class='entry-content-wrapper clearfix'>\n\n<style type=\"text\/css\" data-created_by=\"avia_inline_auto\" id=\"style-css-av-lv4zhnrs-b6cc5aebc76fb5911d74ccc6d16eadbe\">\n#top .av-special-heading.av-lv4zhnrs-b6cc5aebc76fb5911d74ccc6d16eadbe{\npadding-bottom:10px;\n}\nbody .av-special-heading.av-lv4zhnrs-b6cc5aebc76fb5911d74ccc6d16eadbe .av-special-heading-tag .heading-char{\nfont-size:25px;\n}\n.av-special-heading.av-lv4zhnrs-b6cc5aebc76fb5911d74ccc6d16eadbe .av-subheading{\nfont-size:15px;\n}\n<\/style>\n<div  class='av-special-heading av-lv4zhnrs-b6cc5aebc76fb5911d74ccc6d16eadbe av-special-heading-h3 blockquote modern-quote  avia-builder-el-9  el_before_av_two_third  avia-builder-el-first '><h3 class='av-special-heading-tag '  itemprop=\"headline\"  >Auf einen Blick:<\/h3><div class=\"special-heading-border\"><div class=\"special-heading-inner-border\"><\/div><\/div><\/div>\n<div  class='flex_column av-4mgnwi-66d2f300e077f320926a755dda3365f9 av_two_third  avia-builder-el-10  el_after_av_heading  el_before_av_one_third  first flex_column_div  '     ><section  class='av_textblock_section av-lv3wjryn-7737311187c1c52274951e87ceffccfe '   itemscope=\"itemscope\" itemtype=\"https:\/\/schema.org\/BlogPosting\" itemprop=\"blogPost\" ><div class='avia_textblock'  itemprop=\"text\" ><ul>\n<li>Digitale Fortbildung, lernen Sie bequem von Ihrem Arbeitsplatz aus<\/li>\n<li>Coaching in kleiner Gruppe f\u00fcr viel Interaktion<\/li>\n<li>Praktische Anleitung und \u00dcbungen zur Umsetzung der CSRD &amp; ESRS<\/li>\n<li>M\u00f6glichkeit zur Reflektion und Anwendung des Gelernten in der Praxis<\/li>\n<li>Diskussion von Erfahrungen und Fragen in den Sessions + 1 Nachbetreuung<\/li>\n<li>Lernen von unabh\u00e4ngigen Fachleuten<\/li>\n<\/ul>\n<\/div><\/section><\/div><div  class='flex_column av-35fsrm-03711c8da744854e3b457439a9bb2cff av_one_third  avia-builder-el-12  el_after_av_two_third  avia-builder-el-last  flex_column_div  '     ><section  class='av_textblock_section av-lvex7tt3-7a57d307a5aecc43a1d2ec897463d31c '   itemscope=\"itemscope\" itemtype=\"https:\/\/schema.org\/BlogPosting\" itemprop=\"blogPost\" ><div class='avia_textblock'  itemprop=\"text\" ><p><strong>Dieses Coaching richtet sich an alle, die bereits Erfahrung in dem Bereich gemacht haben, aber auch an Teilnehmende, die noch ganz neu im Thema sind.<\/strong><\/p>\n<\/div><\/section><\/div>\n<\/div><\/div><\/div><!-- close content main div --><\/div><\/div><div id='after_section_3'  class='main_color av_default_container_wrap container_wrap fullsize'  ><div class='container av-section-cont-open' ><div class='template-page content  av-content-full alpha units'><div class='post-entry post-entry-type-page post-entry-3730'><div class='entry-content-wrapper clearfix'><\/p>\n<div  class='flex_column av-3tt1lg-47af71a3013eebc47588517c592f8945 av_one_full  avia-builder-el-14  el_after_av_section  el_before_av_section  avia-builder-el-no-sibling  first flex_column_div  '     ><section  class='av_textblock_section av-k7zalzjs-dc760954bf3f02b3badd0e6d2cd18c56 '   itemscope=\"itemscope\" itemtype=\"https:\/\/schema.org\/BlogPosting\" itemprop=\"blogPost\" ><div class='avia_textblock'  itemprop=\"text\" ><p>F\u00fcr das <strong>Nachhaltigkeitsreporting von Unternehmen<\/strong> werden die European Sustainability Reporting Standards (ESRS) zum neuen Ma\u00dfstab. Sie legen fest, wie Unternehmen ihre Nachhaltigkeitsthemen ermitteln, wie sie Ma\u00dfnahmen ableiten und wie sie dar\u00fcber berichten sollen.<\/p>\n<p>Die ESRS gelten f\u00fcr alle Unternehmen, die von der Corporate Sustainability Reporting Directive (CSRD) erfasst werden. Das sind Organisationen, die zwei der drei nachfolgenden Kriterien erf\u00fcllen: mehr als 250 Besch\u00e4ftigte, mehr als 25 Millionen Euro Bilanzsumme oder mehr als 50 Millionen Euro Umsatz.<\/p>\n<p><strong>W\u00e4hrend gro\u00dfe Unternehmen direkt betroffen sind, sind kleine indirekt betroffen:<\/strong> F\u00fcr sie gilt zwar die Berichtspflicht nicht, aber ihre Firmenkunden und Banken verlangen zunehmend Nachhaltigkeitsdaten, um Angaben zur Wertsch\u00f6pfungskette machen zu k\u00f6nnen. Der vereinfachte Standard VSME soll hier weiterhelfen.<\/p>\n<p>Ein Teil der Unternehmen muss nun den \u00dcbergang vom bisherigen Nachhaltigkeitsreporting schaffen, der andere steht vor der Herausforderung, erstmalig ein Nachhaltigkeitsreporting aufzubauen.<\/p>\n<p><strong>Dieses digitale Coaching nimmt Sie bei dieser Herausforderung an die Hand.<\/strong> Es behandelt das Regelwerk von den konzeptionellen Grundlagen \u00fcber die ben\u00f6tigten Methoden bis zur Pr\u00fcfung von Nachhaltigkeitsberichten.<\/p>\n<p>Von <strong>unabh\u00e4ngigen Fachleuten<\/strong> lernen Sie in vier halbt\u00e4gigen Sessions Schritt f\u00fcr Schritt, worauf es bei der Umsetzung der ESRS ankommt. Die praktischen Erkl\u00e4rungen der ESRS durch unsere Fachleute werden erg\u00e4nzt durch <strong>\u00dcbungen, Erfahrungsaustausch und Beispiele<\/strong>. Die doppelte Wesentlichkeitsanalyse, die viele umtreibt, ist ein Kernthema des Coachings.<\/p>\n<p>Zwischen den Sessions haben Sie Zeit, das Gelernte in der Praxis anzuwenden und Ihre <strong>Erfahrungen und Fragen in der n\u00e4chsten Session zu diskutieren<\/strong>. Einen Monat nach den ersten Sessions treffen Sie die Fachleute erneut, um Fragen zu besprechen, die in der Zwischenzeit aufgekommen sind. Denn viele kennen es: Im Nachgang zu Fortbildungen entsteht oft nochmal Antwortbedarf.<\/p>\n<p>Geleitet wird das Coaching von Prof. Dr. Katharina Hombach, Professorin f\u00fcr Financial Accounting an der Goethe Universit\u00e4t Frankfurt und Victor Wagner, Experte f\u00fcr Nachhaltigkeitsreporting an der Ludwig-Maximilians-Universit\u00e4t M\u00fcnchen. Beide sind Teil des <a href=\"https:\/\/sustainabilityreportingnavigator.com\/\">Sustainability Reporting Navigators<\/a>, einer Webplattform f\u00fcr Nachhaltigkeitsdaten.<\/p>\n<p><strong>Steigen Sie kompakt, z\u00fcgig und gut betreut in CSRD &amp; ESRS ein.<\/strong><\/p>\n<\/div><\/section><\/div>\n<\/div><\/div><\/div><!-- close content main div --><\/div><\/div><div id='av_section_4'  class='avia-section av-4xybvm-c224dee5bda0cc42f76c4081c51ba68e main_color avia-section-default avia-no-border-styling  avia-builder-el-16  el_after_av_one_full  el_before_av_section  avia-bg-style-scroll container_wrap fullsize'  ><div class='container av-section-cont-open' ><div class='template-page content  av-content-full alpha units'><div class='post-entry post-entry-type-page post-entry-3730'><div class='entry-content-wrapper clearfix'>\n\n<style type=\"text\/css\" data-created_by=\"avia_inline_auto\" id=\"style-css-av-lcpa6ug8-c1d7612655026a6745262e8eca9a3630\">\n#top .av-special-heading.av-lcpa6ug8-c1d7612655026a6745262e8eca9a3630{\npadding-bottom:10px;\n}\nbody .av-special-heading.av-lcpa6ug8-c1d7612655026a6745262e8eca9a3630 .av-special-heading-tag .heading-char{\nfont-size:25px;\n}\n.av-special-heading.av-lcpa6ug8-c1d7612655026a6745262e8eca9a3630 .av-subheading{\nfont-size:15px;\n}\n<\/style>\n<div  class='av-special-heading av-lcpa6ug8-c1d7612655026a6745262e8eca9a3630 av-special-heading-h2 blockquote modern-quote  avia-builder-el-17  el_before_av_textblock  avia-builder-el-first '><h2 class='av-special-heading-tag '  itemprop=\"headline\"  >27. Mai | Konzeptioneller Hintergrund und Wesentlichkeitsanalyse (ESRS 1, ESRS 2)<\/h2><div class=\"special-heading-border\"><div class=\"special-heading-inner-border\"><\/div><\/div><\/div>\n<section  class='av_textblock_section av-lumdvt4g-d7f6d4227c77ee651ed83e48aee6d708 '   itemscope=\"itemscope\" itemtype=\"https:\/\/schema.org\/BlogPosting\" itemprop=\"blogPost\" ><div class='avia_textblock av_inherit_color'  itemprop=\"text\" ><table>\n<tbody>\n<tr>\n<td width=\"42\">1.1<\/td>\n<td width=\"498\"><em>Inhalte<\/em><\/p>\n<p>\u00b7\u00a0\u00a0\u00a0\u00a0\u00a0\u00a0 Hintergrund, Entwicklung und Institutionen der Nachhaltigkeitsberichterstattung<\/p>\n<p>\u00b7\u00a0\u00a0\u00a0\u00a0\u00a0\u00a0 Aktueller Rechtlicher Rahmen (CSRD, ESRS, SFDR, CS3D, EU-Taxonomie, GRI und DNK)<\/p>\n<p>\u00b7\u00a0\u00a0\u00a0\u00a0\u00a0\u00a0 Standards f\u00fcr KMU und sektorspezifische Standards<\/p>\n<p>\u00b7\u00a0\u00a0\u00a0\u00a0\u00a0\u00a0 XBRL-tagging von Berichten<\/td>\n<td width=\"84\">12.30 &#8211; 14.00 Uhr<\/td>\n<\/tr>\n<tr>\n<td width=\"42\">1.2<\/td>\n<td width=\"498\"><em>Inhalte<\/em><\/p>\n<p>\u00b7\u00a0\u00a0\u00a0\u00a0\u00a0\u00a0 Konzepte und Begriffe<\/p>\n<p>\u00b7\u00a0\u00a0\u00a0\u00a0\u00a0\u00a0 Wesentlichkeitsanalyse<\/td>\n<td width=\"84\">14.30 &#8211; 15.30 Uhr<\/td>\n<\/tr>\n<tr>\n<td width=\"42\">1.3<\/td>\n<td width=\"498\"><em>\u00dcbung und Beispiel<\/em><\/p>\n<p>Wesentlichkeitsanalyse<\/td>\n<td width=\"84\">15.30 &#8211; 16.30 Uhr<\/td>\n<\/tr>\n<\/tbody>\n<\/table>\n<\/div><\/section>\n\n<\/div><\/div><\/div><!-- close content main div --><\/div><\/div><div id='av_section_5'  class='avia-section av-26bv82-3e794025717c3f3f7f5c8f6afdcbcc3f main_color avia-section-default avia-no-border-styling  avia-builder-el-19  el_after_av_section  el_before_av_section  avia-bg-style-scroll container_wrap fullsize'  ><div class='container av-section-cont-open' ><div class='template-page content  av-content-full alpha units'><div class='post-entry post-entry-type-page post-entry-3730'><div class='entry-content-wrapper clearfix'>\n\n<style type=\"text\/css\" data-created_by=\"avia_inline_auto\" id=\"style-css-av-lumdye7o-8a757053dd5ea31bed7f9399dc4cd5ad\">\n#top .av-special-heading.av-lumdye7o-8a757053dd5ea31bed7f9399dc4cd5ad{\npadding-bottom:10px;\n}\nbody .av-special-heading.av-lumdye7o-8a757053dd5ea31bed7f9399dc4cd5ad .av-special-heading-tag .heading-char{\nfont-size:25px;\n}\n.av-special-heading.av-lumdye7o-8a757053dd5ea31bed7f9399dc4cd5ad .av-subheading{\nfont-size:15px;\n}\n<\/style>\n<div  class='av-special-heading av-lumdye7o-8a757053dd5ea31bed7f9399dc4cd5ad av-special-heading-h2 blockquote modern-quote  avia-builder-el-20  el_before_av_textblock  avia-builder-el-first '><h2 class='av-special-heading-tag '  itemprop=\"headline\"  >3. Juni | Klimaberichterstattung (ESRS E1)<\/h2><div class=\"special-heading-border\"><div class=\"special-heading-inner-border\"><\/div><\/div><\/div>\n<section  class='av_textblock_section av-lumdz7g4-8d6718dda8525035b126bf642ccded64 '   itemscope=\"itemscope\" itemtype=\"https:\/\/schema.org\/BlogPosting\" itemprop=\"blogPost\" ><div class='avia_textblock av_inherit_color'  itemprop=\"text\" ><table>\n<tbody>\n<tr>\n<td width=\"42\">2.1<\/td>\n<td width=\"498\"><em>Diskussion &amp; Erfahrungsaustausch<\/em><\/p>\n<p>Wesentlichkeitsanalyse<\/td>\n<td width=\"84\">12.30 &#8211; 13.00 Uhr<\/td>\n<\/tr>\n<tr>\n<td width=\"42\">2.2<\/td>\n<td width=\"498\"><em>Inhalte<\/em><\/p>\n<p>\u00b7\u00a0\u00a0\u00a0\u00a0\u00a0\u00a0 Konzepte und Herausforderung<\/p>\n<p>\u00b7\u00a0\u00a0\u00a0\u00a0\u00a0\u00a0 Emissionen (E1-6) und Offsets (E1-7)<\/p>\n<p>\u00b7\u00a0\u00a0\u00a0\u00a0\u00a0\u00a0 Net-Zero- und andere Klimaziele (E1-4)<\/td>\n<td width=\"84\">13.00 &#8211; 14.00 Uhr<\/td>\n<\/tr>\n<tr>\n<td width=\"42\">2.3<\/td>\n<td width=\"498\"><em>Inhalte<\/em><\/p>\n<p>Transitionsplan (E1-1)<\/td>\n<td width=\"84\">14.30 &#8211; 15.00 Uhr<\/td>\n<\/tr>\n<tr>\n<td width=\"42\">2.4<\/td>\n<td width=\"498\"><em>\u00dcbung und Beispiel<\/em><\/p>\n<p>\u00b7\u00a0\u00a0\u00a0\u00a0\u00a0\u00a0 Transitionsplan erstellen<\/p>\n<p>\u00b7\u00a0\u00a0\u00a0\u00a0\u00a0\u00a0 Klimaziele definieren<\/td>\n<td width=\"84\">15.00 &#8211; 16.00 Uhr<\/td>\n<\/tr>\n<tr>\n<td width=\"42\">2.5<\/td>\n<td width=\"498\"><em>Inhalte<\/em><\/p>\n<p>Ausblick: weitere Umweltthemen (ESRS E2-E5)<\/td>\n<td width=\"84\">16:00 &#8211; 16.30 Uhr<\/td>\n<\/tr>\n<\/tbody>\n<\/table>\n<\/div><\/section>\n\n<\/div><\/div><\/div><!-- close content main div --><\/div><\/div><div id='av_section_6'  class='avia-section av-r035u-d00dfb641ebac1d34ca783a6d11d2ff6 main_color avia-section-default avia-no-border-styling  avia-builder-el-22  el_after_av_section  el_before_av_section  avia-bg-style-scroll container_wrap fullsize'  ><div class='container av-section-cont-open' ><div class='template-page content  av-content-full alpha units'><div class='post-entry post-entry-type-page post-entry-3730'><div class='entry-content-wrapper clearfix'>\n\n<style type=\"text\/css\" data-created_by=\"avia_inline_auto\" id=\"style-css-av-lume3368-a927d5d004b2d3965cb3073627b99963\">\n#top .av-special-heading.av-lume3368-a927d5d004b2d3965cb3073627b99963{\npadding-bottom:10px;\n}\nbody .av-special-heading.av-lume3368-a927d5d004b2d3965cb3073627b99963 .av-special-heading-tag .heading-char{\nfont-size:25px;\n}\n.av-special-heading.av-lume3368-a927d5d004b2d3965cb3073627b99963 .av-subheading{\nfont-size:15px;\n}\n<\/style>\n<div  class='av-special-heading av-lume3368-a927d5d004b2d3965cb3073627b99963 av-special-heading-h2 blockquote modern-quote  avia-builder-el-23  el_before_av_textblock  avia-builder-el-first '><h2 class='av-special-heading-tag '  itemprop=\"headline\"  >7. Juni | Sozialberichterstattung (ESRS S1-S4)<\/h2><div class=\"special-heading-border\"><div class=\"special-heading-inner-border\"><\/div><\/div><\/div>\n<section  class='av_textblock_section av-lume3ocu-e849e5bbbaa056aad4007e2b6261e402 '   itemscope=\"itemscope\" itemtype=\"https:\/\/schema.org\/BlogPosting\" itemprop=\"blogPost\" ><div class='avia_textblock av_inherit_color'  itemprop=\"text\" ><table>\n<tbody>\n<tr>\n<td width=\"42\">3.1<\/td>\n<td width=\"498\"><em>Diskussion und Erfahrungsaustausch<\/em><\/p>\n<p>Transitionspl\u00e4ne und Klimaziele<\/td>\n<td width=\"84\">12.30 &#8211; 13.00 Uhr<\/td>\n<\/tr>\n<tr>\n<td width=\"42\">3.2<\/td>\n<td width=\"498\"><em>Inhalte<\/em><\/p>\n<p>\u00b7\u00a0\u00a0\u00a0\u00a0\u00a0\u00a0 Konzepte und Herausforderungen<\/p>\n<p>\u00b7\u00a0\u00a0\u00a0\u00a0\u00a0\u00a0 Charakteristika der Besch\u00e4ftigten und Diversit\u00e4t (S1-6, S1-7, S1-12 und S1-13)<\/p>\n<p>\u00b7\u00a0\u00a0\u00a0\u00a0\u00a0\u00a0 Bezahlung (S1-10, S1-11 und S1-16)<\/p>\n<p>\u00b7\u00a0\u00a0\u00a0\u00a0\u00a0\u00a0 Arbeitssicherheit (S1-14 und S1-17)<\/p>\n<p>\u00b7\u00a0\u00a0\u00a0\u00a0\u00a0\u00a0 Ausblick: weitere Sozialthemen (ESRS S3-S4)<\/td>\n<td width=\"84\">13.00 &#8211; 14.00 Uhr<\/td>\n<\/tr>\n<tr>\n<td width=\"42\">3.3<\/td>\n<td width=\"498\"><em>Diskussion und Erfahrungsaustausch<\/em><\/p>\n<p>Diversit\u00e4t und Bezahlung eigener Besch\u00e4ftigten<\/td>\n<td width=\"84\">14.30 &#8211; 15.30 Uhr<\/td>\n<\/tr>\n<tr>\n<td width=\"42\">3.4<\/td>\n<td width=\"498\"><em>Ausblick und Erfahrungsaustausch<\/em><\/p>\n<p>Arbeiter in der Wertsch\u00f6pfungskette (ESRS S2 und LkSG)<\/td>\n<td width=\"84\">15.30 &#8211; 16.30 Uhr<\/td>\n<\/tr>\n<\/tbody>\n<\/table>\n<\/div><\/section>\n\n<\/div><\/div><\/div><!-- close content main div --><\/div><\/div><div id='av_section_7'  class='avia-section av-65kjnm-874b28f965e774831d2c761c9dc3e944 main_color avia-section-default avia-no-border-styling  avia-builder-el-25  el_after_av_section  el_before_av_section  avia-bg-style-scroll container_wrap fullsize'  ><div class='container av-section-cont-open' ><div class='template-page content  av-content-full alpha units'><div class='post-entry post-entry-type-page post-entry-3730'><div class='entry-content-wrapper clearfix'>\n\n<style type=\"text\/css\" data-created_by=\"avia_inline_auto\" id=\"style-css-av-lume40qn-6634f335d0901de4dd8b8b92c5b43a8a\">\n#top .av-special-heading.av-lume40qn-6634f335d0901de4dd8b8b92c5b43a8a{\npadding-bottom:10px;\n}\nbody .av-special-heading.av-lume40qn-6634f335d0901de4dd8b8b92c5b43a8a .av-special-heading-tag .heading-char{\nfont-size:25px;\n}\n.av-special-heading.av-lume40qn-6634f335d0901de4dd8b8b92c5b43a8a .av-subheading{\nfont-size:15px;\n}\n<\/style>\n<div  class='av-special-heading av-lume40qn-6634f335d0901de4dd8b8b92c5b43a8a av-special-heading-h2 blockquote modern-quote  avia-builder-el-26  el_before_av_textblock  avia-builder-el-first '><h2 class='av-special-heading-tag '  itemprop=\"headline\"  >10. Juni | Generelle Angaben (ESRS 2), Governance-Berichterstattung (ESRS G1), Datenmanagement und Pr\u00fcfung<\/h2><div class=\"special-heading-border\"><div class=\"special-heading-inner-border\"><\/div><\/div><\/div>\n<section  class='av_textblock_section av-lume4t4a-54db1dc4c47c6520ccbd1c4e666e840a '   itemscope=\"itemscope\" itemtype=\"https:\/\/schema.org\/BlogPosting\" itemprop=\"blogPost\" ><div class='avia_textblock av_inherit_color'  itemprop=\"text\" ><table>\n<tbody>\n<tr>\n<td width=\"42\">4.1<\/td>\n<td width=\"498\"><em>Diskussion und Erfahrungsaustausch<\/em><\/p>\n<p>Diversit\u00e4t, Bezahlung und Arbeiter in der Wertsch\u00f6pfungskette<\/td>\n<td width=\"84\">12.30 &#8211; 13.00 Uhr<\/td>\n<\/tr>\n<tr>\n<td width=\"42\">4.2<\/td>\n<td width=\"498\"><em>Inhalte<\/em><\/p>\n<p>\u00b7\u00a0\u00a0\u00a0\u00a0\u00a0\u00a0 Grundlagen der Erstellung und Qualitative Kriterien<\/p>\n<p>\u00b7\u00a0\u00a0\u00a0\u00a0\u00a0\u00a0 Governance, Strategie und Gesch\u00e4ftsmodell<\/p>\n<p>\u00b7\u00a0\u00a0\u00a0\u00a0\u00a0\u00a0 Policies und Ma\u00dfnahmen<\/p>\n<p>\u00b7\u00a0\u00a0\u00a0\u00a0\u00a0\u00a0 Unternehmenspraktiken (G1-4, G1-5 und G1-6)<\/td>\n<td width=\"84\">13.00 &#8211; 14.00 Uhr<\/td>\n<\/tr>\n<tr>\n<td width=\"42\">4.3<\/td>\n<td width=\"498\"><em>Inhalte und Erfahrungsaustausch<\/em><\/p>\n<p>Pr\u00fcfung von Nachhaltigkeitsberichten<\/td>\n<td width=\"84\">14.30 &#8211; 15.15 Uhr<\/td>\n<\/tr>\n<tr>\n<td width=\"42\">4.4<\/td>\n<td width=\"498\"><em>Diskussion und Erfahrungsaustausch<\/em><\/p>\n<p>Gap-Analyse, Datenpunkte, -erfassung und -management<\/td>\n<td width=\"84\">15.15 &#8211; 16.00 Uhr<\/td>\n<\/tr>\n<tr>\n<td width=\"42\">4.5<\/td>\n<td width=\"498\"><em>Abschluss<\/em><\/td>\n<td width=\"84\">16.00 &#8211; 16.30 Uhr<\/td>\n<\/tr>\n<\/tbody>\n<\/table>\n<\/div><\/section>\n\n<\/div><\/div><\/div><!-- close content main div --><\/div><\/div><div id='av_section_8'  class='avia-section av-3s3k1u-fdc1d72655beb36a813e3c1f721eb169 main_color avia-section-default avia-no-border-styling  avia-builder-el-28  el_after_av_section  el_before_av_one_full  avia-bg-style-scroll container_wrap fullsize'  ><div class='container av-section-cont-open' ><div class='template-page content  av-content-full alpha units'><div class='post-entry post-entry-type-page post-entry-3730'><div class='entry-content-wrapper clearfix'>\n\n<style type=\"text\/css\" data-created_by=\"avia_inline_auto\" id=\"style-css-av-lume54ou-ff7d9bc2551a597400ccff339d2b77ac\">\n#top .av-special-heading.av-lume54ou-ff7d9bc2551a597400ccff339d2b77ac{\npadding-bottom:10px;\n}\nbody .av-special-heading.av-lume54ou-ff7d9bc2551a597400ccff339d2b77ac .av-special-heading-tag .heading-char{\nfont-size:25px;\n}\n.av-special-heading.av-lume54ou-ff7d9bc2551a597400ccff339d2b77ac .av-subheading{\nfont-size:15px;\n}\n<\/style>\n<div  class='av-special-heading av-lume54ou-ff7d9bc2551a597400ccff339d2b77ac av-special-heading-h2 blockquote modern-quote  avia-builder-el-29  el_before_av_textblock  avia-builder-el-first '><h2 class='av-special-heading-tag '  itemprop=\"headline\"  >8. Juli | Fragen <span class='special_amp'>&amp;<\/span> Antworten<\/h2><div class=\"special-heading-border\"><div class=\"special-heading-inner-border\"><\/div><\/div><\/div>\n<section  class='av_textblock_section av-lume5o8j-a66d840cd944a005fca41a2d2a42c7db '   itemscope=\"itemscope\" itemtype=\"https:\/\/schema.org\/BlogPosting\" itemprop=\"blogPost\" ><div class='avia_textblock av_inherit_color'  itemprop=\"text\" ><table>\n<tbody>\n<tr>\n<td width=\"42\">4.1<\/td>\n<td width=\"498\"><em>Diskussion und Erfahrungsaustausch<\/em><\/p>\n<p>Welche Fragen haben sich ergeben, welche Informationen werden noch ben\u00f6tigt? Die Fachleute geben Antworten.<\/td>\n<td width=\"84\">12.30 &#8211; 14.30 Uhr<\/td>\n<\/tr>\n<\/tbody>\n<\/table>\n<\/div><\/section>\n<\/div><\/div><\/div><!-- close content main div --><\/div><\/div><div id='after_section_8'  class='main_color av_default_container_wrap container_wrap fullsize'  ><div class='container av-section-cont-open' ><div class='template-page content  av-content-full alpha units'><div class='post-entry post-entry-type-page post-entry-3730'><div class='entry-content-wrapper clearfix'>\n<div  class='flex_column av-3a4wqa-56a66f857b13ab2c29e9964240c87792 av_one_full  avia-builder-el-31  el_after_av_section  el_before_av_section  avia-builder-el-no-sibling  first flex_column_div  '     ><p>\n<style type=\"text\/css\" data-created_by=\"avia_inline_auto\" id=\"style-css-av-lumeh2wn-ca8e8fb822c81f2fac8175512cc37384\">\n#top .av-special-heading.av-lumeh2wn-ca8e8fb822c81f2fac8175512cc37384{\npadding-bottom:10px;\n}\nbody .av-special-heading.av-lumeh2wn-ca8e8fb822c81f2fac8175512cc37384 .av-special-heading-tag .heading-char{\nfont-size:25px;\n}\n.av-special-heading.av-lumeh2wn-ca8e8fb822c81f2fac8175512cc37384 .av-subheading{\nfont-size:15px;\n}\n<\/style>\n<div  class='av-special-heading av-lumeh2wn-ca8e8fb822c81f2fac8175512cc37384 av-special-heading-h3 blockquote modern-quote  avia-builder-el-32  el_before_av_textblock  avia-builder-el-first '><h3 class='av-special-heading-tag '  itemprop=\"headline\"  >Diese Veranstaltung richtet sich an:<\/h3><div class=\"special-heading-border\"><div class=\"special-heading-inner-border\"><\/div><\/div><\/div><br \/>\n<section  class='av_textblock_section av-lumefvdr-0ed671f8fbd1ab0e0c330cc14c6fd3a8 '   itemscope=\"itemscope\" itemtype=\"https:\/\/schema.org\/BlogPosting\" itemprop=\"blogPost\" ><div class='avia_textblock'  itemprop=\"text\" ><p>Mitglieder der Gesch\u00e4ftsf\u00fchrung<br \/>\nNachhaltigkeitsbeauftragte<br \/>\nFinanzchefs<br \/>\nControlling<\/p>\n<\/div><\/section><\/p><\/div>\n<\/div><\/div><\/div><!-- close content main div --><\/div><\/div><div id='av_section_9'  class='avia-section av-aw1ni-dad583943b589042cd8c26cad79afc34 main_color avia-section-default avia-no-border-styling  avia-builder-el-34  el_after_av_one_full  el_before_av_section  avia-bg-style-scroll container_wrap fullsize'  ><div class='container av-section-cont-open' ><div class='template-page content  av-content-full alpha units'><div class='post-entry post-entry-type-page post-entry-3730'><div class='entry-content-wrapper clearfix'>\n\n<style type=\"text\/css\" data-created_by=\"avia_inline_auto\" id=\"style-css-av-2ed6p1-913927eef692a558a4dbfcddbb1cb828\">\n#top .av-special-heading.av-2ed6p1-913927eef692a558a4dbfcddbb1cb828{\npadding-bottom:10px;\n}\nbody .av-special-heading.av-2ed6p1-913927eef692a558a4dbfcddbb1cb828 .av-special-heading-tag .heading-char{\nfont-size:25px;\n}\n.av-special-heading.av-2ed6p1-913927eef692a558a4dbfcddbb1cb828 .av-subheading{\nfont-size:15px;\n}\n<\/style>\n<div  class='av-special-heading av-2ed6p1-913927eef692a558a4dbfcddbb1cb828 av-special-heading-h3 blockquote modern-quote  avia-builder-el-35  el_before_av_one_full  avia-builder-el-first '><h3 class='av-special-heading-tag '  itemprop=\"headline\"  >Coaches:<\/h3><div class=\"special-heading-border\"><div class=\"special-heading-inner-border\"><\/div><\/div><\/div>\n<div  class='flex_column av-33izwy-9f8e347d4e2093f6f702d37806310c18 av_one_full  avia-builder-el-36  el_after_av_heading  el_before_av_one_third  first flex_column_div  '     ><\/div><div  class='flex_column av-2p12dg-6c9bbf5a4a8b763cbae40bad15c07b47 av_one_third  avia-builder-el-37  el_after_av_one_full  el_before_av_one_third  first flex_column_div  column-top-margin'     ><p>\n<style type=\"text\/css\" data-created_by=\"avia_inline_auto\" id=\"style-css-av-lje0q8in-a374ff3aa8baaae076b4159df2f6ab10\">\n#top #wrap_all .avia-team-member.av-lje0q8in-a374ff3aa8baaae076b4159df2f6ab10 .team-member-name{\ncolor:#55b464;\n}\n.avia-team-member.av-lje0q8in-a374ff3aa8baaae076b4159df2f6ab10 .team-member-job-title{\ncolor:#55b464;\n}\n<\/style>\n<section  class='avia-team-member av-lje0q8in-a374ff3aa8baaae076b4159df2f6ab10  avia-builder-el-38  el_before_av_toggle_container  avia-builder-el-first '  itemscope=\"itemscope\" itemtype=\"https:\/\/schema.org\/Person\" ><div class=\"team-img-container\"><img decoding=\"async\" fetchpriority=\"high\" class='wp-image-3738 avia-img-lazy-loading-not-3738 avia_image avia_image_team' src=\"https:\/\/dfvcg-events.de\/green-works\/wp-content\/uploads\/sites\/47\/2024\/04\/Hombach-Katharina-web.jpg\" alt='Prof. Dr. Katharina Hombach'  itemprop=\"image\"   height=\"800\" width=\"600\" srcset=\"https:\/\/dfvcg-events.de\/green-works\/wp-content\/uploads\/sites\/47\/2024\/04\/Hombach-Katharina-web.jpg 600w, https:\/\/dfvcg-events.de\/green-works\/wp-content\/uploads\/sites\/47\/2024\/04\/Hombach-Katharina-web-529x705.jpg 529w\" sizes=\"(max-width: 600px) 100vw, 600px\" \/><\/div><h3 class='team-member-name '  itemprop=\"name\" >Prof. Dr. Katharina Hombach<\/h3><div class='team-member-job-title av_opacity_variation'  itemprop=\"jobTitle\" >Inhaberin der Professur f\u00fcr Financial Accounting, Goethe Universit\u00e4t Frankfurt<\/div><span class='hidden team-member-affiliation'  itemprop=\"affiliation\" >GREEN.WORKS Academy<\/span><\/section><br \/>\n<div  class='togglecontainer av-lje0qxw3-00bbbf28ed9d3fa99e4ea42c5e366144  avia-builder-el-39  el_after_av_team_member  avia-builder-el-last  toggle_close_all' >\n<section class='av_toggle_section av-lje0qww4-8702d8e001fb412bbc9ee1991c213721'  itemscope=\"itemscope\" itemtype=\"https:\/\/schema.org\/BlogPosting\" itemprop=\"blogPost\" ><div role=\"tablist\" class=\"single_toggle\" data-tags=\"{Alle} \"  ><p id='toggle-toggle-id-1' data-fake-id='#toggle-id-1' class='toggler  av-title-above '  itemprop=\"headline\"  role='tab' tabindex='0' aria-controls='toggle-id-1' data-slide-speed=\"200\" data-title=\"Info\" data-title-open=\"\" data-aria_collapsed=\"Click to expand: Info\" data-aria_expanded=\"Click to collapse: Info\">Info<span class=\"toggle_icon\"><span class=\"vert_icon\"><\/span><span class=\"hor_icon\"><\/span><\/span><\/p><div id='toggle-id-1' aria-labelledby='toggle-toggle-id-1' role='region' class='toggle_wrap  av-title-above'  ><div class='toggle_content invers-color '  itemprop=\"text\" ><p>Prof. Dr. Katharina Hombach ist seit 2022 Inhaberin der Professur f\u00fcr Financial Accounting an der Goethe Universit\u00e4t Frankfurt. Ihre Forschungsinteressen liegen im Bereich der Determinanten und Konsequenzen von Transparenz und Transparenzregulierung. Sie ist Mitgr\u00fcnderin des Sustainability Reporting Navigators.<\/p>\n<\/div><\/div><\/div><\/section>\n<\/div><\/p><\/div><div  class='flex_column av-345gwl-8f911eb6de009b3b06b55fbcb7e79ed1 av_one_third  avia-builder-el-40  el_after_av_one_third  avia-builder-el-last  flex_column_div  column-top-margin'     ><p>\n<style type=\"text\/css\" data-created_by=\"avia_inline_auto\" id=\"style-css-av-lhiwxvfm-6e1c3f043e6c2b7911bc20157344d001\">\n#top #wrap_all .avia-team-member.av-lhiwxvfm-6e1c3f043e6c2b7911bc20157344d001 .team-member-name{\ncolor:#55b464;\n}\n.avia-team-member.av-lhiwxvfm-6e1c3f043e6c2b7911bc20157344d001 .team-member-job-title{\ncolor:#55b464;\n}\n<\/style>\n<section  class='avia-team-member av-lhiwxvfm-6e1c3f043e6c2b7911bc20157344d001  avia-builder-el-41  el_before_av_toggle_container  avia-builder-el-first '  itemscope=\"itemscope\" itemtype=\"https:\/\/schema.org\/Person\" ><div class=\"team-img-container\"><img decoding=\"async\" fetchpriority=\"high\" class='wp-image-3737 avia-img-lazy-loading-not-3737 avia_image avia_image_team' src=\"https:\/\/dfvcg-events.de\/green-works\/wp-content\/uploads\/sites\/47\/2024\/04\/Wagner-Victor-web.jpg\" alt='Victor Wagner'  itemprop=\"image\"   height=\"800\" width=\"600\" srcset=\"https:\/\/dfvcg-events.de\/green-works\/wp-content\/uploads\/sites\/47\/2024\/04\/Wagner-Victor-web.jpg 600w, https:\/\/dfvcg-events.de\/green-works\/wp-content\/uploads\/sites\/47\/2024\/04\/Wagner-Victor-web-529x705.jpg 529w\" sizes=\"(max-width: 600px) 100vw, 600px\" \/><\/div><h3 class='team-member-name '  itemprop=\"name\" >Victor Wagner<\/h3><div class='team-member-job-title av_opacity_variation'  itemprop=\"jobTitle\" >wissenschaftlicher Mitarbeiter, Institut f\u00fcr Rechnungswesen und Wirtschaftspr\u00fcfung, Ludwig-Maximilians-Universit\u00e4t M\u00fcnchen<\/div><span class='hidden team-member-affiliation'  itemprop=\"affiliation\" >GREEN.WORKS Academy<\/span><\/section><br \/>\n<div  class='togglecontainer av-lhiwzl61-9e4440c647344f941ac658dda3041ba9  avia-builder-el-42  el_after_av_team_member  avia-builder-el-last  toggle_close_all' >\n<section class='av_toggle_section av-lhiwzfl8-ba60df027c0bd492845a3ee4db6b7380'  itemscope=\"itemscope\" itemtype=\"https:\/\/schema.org\/BlogPosting\" itemprop=\"blogPost\" ><div role=\"tablist\" class=\"single_toggle\" data-tags=\"{Alle} \"  ><p id='toggle-toggle-id-2' data-fake-id='#toggle-id-2' class='toggler  av-title-above '  itemprop=\"headline\"  role='tab' tabindex='0' aria-controls='toggle-id-2' data-slide-speed=\"200\" data-title=\"Info\" data-title-open=\"\" data-aria_collapsed=\"Click to expand: Info\" data-aria_expanded=\"Click to collapse: Info\">Info<span class=\"toggle_icon\"><span class=\"vert_icon\"><\/span><span class=\"hor_icon\"><\/span><\/span><\/p><div id='toggle-id-2' aria-labelledby='toggle-toggle-id-2' role='region' class='toggle_wrap  av-title-above'  ><div class='toggle_content invers-color '  itemprop=\"text\" ><p>Victor Wagner, MBR, ist seit 2020 wissenschaftlicher Mitarbeiter am Institut f\u00fcr Rechnungswesen und Wirtschaftspr\u00fcfung an der Ludwig-Maximilians-Universit\u00e4t M\u00fcnchen. In seiner Forschung widmet er sich der Berichterstattungspraxis von Unternehmen. Er ist Mitgr\u00fcnder des Sustainability Reporting Navigators.<\/p>\n<\/div><\/div><\/div><\/section>\n<\/div><\/p><\/div>\n\n<\/div><\/div><\/div><!-- close content main div --><\/div><\/div><div id='anmelden'  class='avia-section av-lcpaks45-e0d0b1274aff4068ab622da52516c8e9 main_color avia-section-default avia-no-shadow  avia-builder-el-43  el_after_av_section  avia-builder-el-last  avia-bg-style-scroll container_wrap fullsize'  ><div class='container av-section-cont-open' ><div class='template-page content  av-content-full alpha units'><div class='post-entry post-entry-type-page post-entry-3730'><div class='entry-content-wrapper clearfix'>\n\n<style type=\"text\/css\" data-created_by=\"avia_inline_auto\" id=\"style-css-av-lcpal8j3-c3a3727cf8548263e6315657b6228104\">\n#top .av-special-heading.av-lcpal8j3-c3a3727cf8548263e6315657b6228104{\npadding-bottom:10px;\n}\nbody .av-special-heading.av-lcpal8j3-c3a3727cf8548263e6315657b6228104 .av-special-heading-tag .heading-char{\nfont-size:25px;\n}\n.av-special-heading.av-lcpal8j3-c3a3727cf8548263e6315657b6228104 .av-subheading{\nfont-size:15px;\n}\n<\/style>\n<div  class='av-special-heading av-lcpal8j3-c3a3727cf8548263e6315657b6228104 av-special-heading-h3 blockquote modern-quote  avia-builder-el-44  el_before_av_codeblock  avia-builder-el-first '><h3 class='av-special-heading-tag '  itemprop=\"headline\"  >Jetzt anmelden<\/h3><div class=\"special-heading-border\"><div class=\"special-heading-inner-border\"><\/div><\/div><\/div>\n\n\n","protected":false},"excerpt":{"rendered":"<p>Start 27. Mai 2024<\/p>\n","protected":false},"author":10,"featured_media":3731,"comment_status":"closed","ping_status":"closed","sticky":false,"template":"","format":"standard","meta":{"footnotes":""},"categories":[53],"tags":[],"class_list":["post-3730","post","type-post","status-publish","format-standard","has-post-thumbnail","hentry","category-archiv"],"yoast_head":"<!-- This site is optimized with the Yoast SEO plugin v27.4 - https:\/\/yoast.com\/product\/yoast-seo-wordpress\/ -->\n<title>Digitales Coaching | CSRD &amp; ESRS kompakt: Top-Fachleute begleiten Sie beim Einstieg | GREEN.WORKS Academy<\/title>\n<meta name=\"description\" content=\"GREEN.WORKS Academy | Aussteller &amp; Sponsoren: Digitales Coaching | CSRD &amp; ESRS kompakt: Top-Fachleute begleiten Sie beim Einstieg\" \/>\n<meta name=\"robots\" content=\"index, follow, max-snippet:-1, max-image-preview:large, max-video-preview:-1\" \/>\n<link rel=\"canonical\" href=\"https:\/\/dfvcg-events.de\/green-works\/digitales-coaching-csrd-esrs-kompakt-top-fachleute-begleiten-sie-beim-einstieg\/\" \/>\n<meta property=\"og:locale\" content=\"de_DE\" \/>\n<meta property=\"og:type\" content=\"article\" \/>\n<meta property=\"og:title\" content=\"Digitales Coaching | CSRD &amp; ESRS kompakt: Top-Fachleute begleiten Sie beim Einstieg | GREEN.WORKS Academy\" \/>\n<meta property=\"og:description\" content=\"GREEN.WORKS Academy | Aussteller &amp; Sponsoren: Digitales Coaching | CSRD &amp; ESRS kompakt: Top-Fachleute begleiten Sie beim Einstieg\" \/>\n<meta property=\"og:url\" content=\"https:\/\/dfvcg-events.de\/green-works\/digitales-coaching-csrd-esrs-kompakt-top-fachleute-begleiten-sie-beim-einstieg\/\" \/>\n<meta property=\"og:site_name\" content=\"GREEN.WORKS Academy\" \/>\n<meta property=\"article:publisher\" content=\"https:\/\/www.facebook.com\/dfvcg.de\/\" \/>\n<meta property=\"article:published_time\" content=\"2024-04-05T10:14:52+00:00\" \/>\n<meta property=\"article:modified_time\" content=\"2024-06-05T08:09:54+00:00\" \/>\n<meta property=\"og:image\" content=\"https:\/\/dfvcg-events.de\/green-works\/wp-content\/uploads\/sites\/47\/2024\/04\/CSRD-ESRS-umsetzen-Seminar-Coaching-Fortbildung.png\" \/>\n\t<meta property=\"og:image:width\" content=\"1200\" \/>\n\t<meta property=\"og:image:height\" content=\"1200\" \/>\n\t<meta property=\"og:image:type\" content=\"image\/png\" \/>\n<meta name=\"author\" content=\"hartmann\" \/>\n<meta name=\"twitter:card\" content=\"summary_large_image\" \/>\n<meta name=\"twitter:creator\" content=\"@dfvcg_\" \/>\n<meta name=\"twitter:site\" content=\"@dfvcg_\" \/>\n<meta name=\"twitter:label1\" content=\"Geschrieben von\" \/>\n\t<meta name=\"twitter:data1\" content=\"hartmann\" \/>\n\t<meta name=\"twitter:label2\" content=\"Gesch\u00e4tzte Lesezeit\" \/>\n\t<meta name=\"twitter:data2\" content=\"6\u00a0Minuten\" \/>\n<script type=\"application\/ld+json\" class=\"yoast-schema-graph\">{\"@context\":\"https:\\\/\\\/schema.org\",\"@graph\":[{\"@type\":\"Article\",\"@id\":\"https:\\\/\\\/dfvcg-events.de\\\/green-works\\\/digitales-coaching-csrd-esrs-kompakt-top-fachleute-begleiten-sie-beim-einstieg\\\/#article\",\"isPartOf\":{\"@id\":\"https:\\\/\\\/dfvcg-events.de\\\/green-works\\\/digitales-coaching-csrd-esrs-kompakt-top-fachleute-begleiten-sie-beim-einstieg\\\/\"},\"author\":{\"name\":\"hartmann\",\"@id\":\"https:\\\/\\\/dfvcg-events.de\\\/green-works\\\/#\\\/schema\\\/person\\\/8a98e40ed96e61aa53aa06c70418cc9f\"},\"headline\":\"Digitales Coaching | CSRD &amp; ESRS kompakt: Top-Fachleute begleiten Sie beim Einstieg\",\"datePublished\":\"2024-04-05T10:14:52+00:00\",\"dateModified\":\"2024-06-05T08:09:54+00:00\",\"mainEntityOfPage\":{\"@id\":\"https:\\\/\\\/dfvcg-events.de\\\/green-works\\\/digitales-coaching-csrd-esrs-kompakt-top-fachleute-begleiten-sie-beim-einstieg\\\/\"},\"wordCount\":8718,\"publisher\":{\"@id\":\"https:\\\/\\\/dfvcg-events.de\\\/green-works\\\/#organization\"},\"image\":{\"@id\":\"https:\\\/\\\/dfvcg-events.de\\\/green-works\\\/digitales-coaching-csrd-esrs-kompakt-top-fachleute-begleiten-sie-beim-einstieg\\\/#primaryimage\"},\"thumbnailUrl\":\"https:\\\/\\\/dfvcg-events.de\\\/green-works\\\/wp-content\\\/uploads\\\/sites\\\/47\\\/2024\\\/04\\\/CSRD-ESRS-umsetzen-Seminar-Coaching-Fortbildung.png\",\"articleSection\":[\"Archiv\"],\"inLanguage\":\"de\"},{\"@type\":\"WebPage\",\"@id\":\"https:\\\/\\\/dfvcg-events.de\\\/green-works\\\/digitales-coaching-csrd-esrs-kompakt-top-fachleute-begleiten-sie-beim-einstieg\\\/\",\"url\":\"https:\\\/\\\/dfvcg-events.de\\\/green-works\\\/digitales-coaching-csrd-esrs-kompakt-top-fachleute-begleiten-sie-beim-einstieg\\\/\",\"name\":\"Digitales Coaching | CSRD &amp; ESRS kompakt: Top-Fachleute begleiten Sie beim Einstieg | GREEN.WORKS Academy\",\"isPartOf\":{\"@id\":\"https:\\\/\\\/dfvcg-events.de\\\/green-works\\\/#website\"},\"primaryImageOfPage\":{\"@id\":\"https:\\\/\\\/dfvcg-events.de\\\/green-works\\\/digitales-coaching-csrd-esrs-kompakt-top-fachleute-begleiten-sie-beim-einstieg\\\/#primaryimage\"},\"image\":{\"@id\":\"https:\\\/\\\/dfvcg-events.de\\\/green-works\\\/digitales-coaching-csrd-esrs-kompakt-top-fachleute-begleiten-sie-beim-einstieg\\\/#primaryimage\"},\"thumbnailUrl\":\"https:\\\/\\\/dfvcg-events.de\\\/green-works\\\/wp-content\\\/uploads\\\/sites\\\/47\\\/2024\\\/04\\\/CSRD-ESRS-umsetzen-Seminar-Coaching-Fortbildung.png\",\"datePublished\":\"2024-04-05T10:14:52+00:00\",\"dateModified\":\"2024-06-05T08:09:54+00:00\",\"description\":\"GREEN.WORKS Academy | Aussteller & Sponsoren: Digitales Coaching | CSRD &amp; ESRS kompakt: Top-Fachleute begleiten Sie beim Einstieg\",\"breadcrumb\":{\"@id\":\"https:\\\/\\\/dfvcg-events.de\\\/green-works\\\/digitales-coaching-csrd-esrs-kompakt-top-fachleute-begleiten-sie-beim-einstieg\\\/#breadcrumb\"},\"inLanguage\":\"de\",\"potentialAction\":[{\"@type\":\"ReadAction\",\"target\":[\"https:\\\/\\\/dfvcg-events.de\\\/green-works\\\/digitales-coaching-csrd-esrs-kompakt-top-fachleute-begleiten-sie-beim-einstieg\\\/\"]}]},{\"@type\":\"ImageObject\",\"inLanguage\":\"de\",\"@id\":\"https:\\\/\\\/dfvcg-events.de\\\/green-works\\\/digitales-coaching-csrd-esrs-kompakt-top-fachleute-begleiten-sie-beim-einstieg\\\/#primaryimage\",\"url\":\"https:\\\/\\\/dfvcg-events.de\\\/green-works\\\/wp-content\\\/uploads\\\/sites\\\/47\\\/2024\\\/04\\\/CSRD-ESRS-umsetzen-Seminar-Coaching-Fortbildung.png\",\"contentUrl\":\"https:\\\/\\\/dfvcg-events.de\\\/green-works\\\/wp-content\\\/uploads\\\/sites\\\/47\\\/2024\\\/04\\\/CSRD-ESRS-umsetzen-Seminar-Coaching-Fortbildung.png\",\"width\":1200,\"height\":1200},{\"@type\":\"BreadcrumbList\",\"@id\":\"https:\\\/\\\/dfvcg-events.de\\\/green-works\\\/digitales-coaching-csrd-esrs-kompakt-top-fachleute-begleiten-sie-beim-einstieg\\\/#breadcrumb\",\"itemListElement\":[{\"@type\":\"ListItem\",\"position\":1,\"name\":\"Startseite\",\"item\":\"https:\\\/\\\/dfvcg-events.de\\\/green-works\\\/\"},{\"@type\":\"ListItem\",\"position\":2,\"name\":\"Digitales Coaching | CSRD &amp; ESRS kompakt: Top-Fachleute begleiten Sie beim Einstieg\"}]},{\"@type\":\"WebSite\",\"@id\":\"https:\\\/\\\/dfvcg-events.de\\\/green-works\\\/#website\",\"url\":\"https:\\\/\\\/dfvcg-events.de\\\/green-works\\\/\",\"name\":\"GREEN.WORKS Academy\",\"description\":\"dfv Conference Group\",\"publisher\":{\"@id\":\"https:\\\/\\\/dfvcg-events.de\\\/green-works\\\/#organization\"},\"alternateName\":\"Green Works Academy\",\"potentialAction\":[{\"@type\":\"SearchAction\",\"target\":{\"@type\":\"EntryPoint\",\"urlTemplate\":\"https:\\\/\\\/dfvcg-events.de\\\/green-works\\\/?s={search_term_string}\"},\"query-input\":{\"@type\":\"PropertyValueSpecification\",\"valueRequired\":true,\"valueName\":\"search_term_string\"}}],\"inLanguage\":\"de\"},{\"@type\":\"Organization\",\"@id\":\"https:\\\/\\\/dfvcg-events.de\\\/green-works\\\/#organization\",\"name\":\"GREEN.WORKS Academy\",\"url\":\"https:\\\/\\\/dfvcg-events.de\\\/green-works\\\/\",\"logo\":{\"@type\":\"ImageObject\",\"inLanguage\":\"de\",\"@id\":\"https:\\\/\\\/dfvcg-events.de\\\/green-works\\\/#\\\/schema\\\/logo\\\/image\\\/\",\"url\":\"https:\\\/\\\/dfvcg-events.de\\\/green-works\\\/wp-content\\\/uploads\\\/sites\\\/47\\\/2023\\\/01\\\/GWAcademy_Logo_RGB_RZ.png\",\"contentUrl\":\"https:\\\/\\\/dfvcg-events.de\\\/green-works\\\/wp-content\\\/uploads\\\/sites\\\/47\\\/2023\\\/01\\\/GWAcademy_Logo_RGB_RZ.png\",\"width\":500,\"height\":143,\"caption\":\"GREEN.WORKS Academy\"},\"image\":{\"@id\":\"https:\\\/\\\/dfvcg-events.de\\\/green-works\\\/#\\\/schema\\\/logo\\\/image\\\/\"},\"sameAs\":[\"https:\\\/\\\/www.facebook.com\\\/dfvcg.de\\\/\",\"https:\\\/\\\/x.com\\\/dfvcg_\"]},{\"@type\":\"Person\",\"@id\":\"https:\\\/\\\/dfvcg-events.de\\\/green-works\\\/#\\\/schema\\\/person\\\/8a98e40ed96e61aa53aa06c70418cc9f\",\"name\":\"hartmann\",\"url\":\"https:\\\/\\\/dfvcg-events.de\\\/green-works\\\/author\\\/hartmann\\\/\"}]}<\/script>\n<!-- \/ Yoast SEO plugin. -->","yoast_head_json":{"title":"Digitales Coaching | CSRD &amp; ESRS kompakt: Top-Fachleute begleiten Sie beim Einstieg | GREEN.WORKS Academy","description":"GREEN.WORKS Academy | Aussteller & Sponsoren: Digitales Coaching | CSRD &amp; ESRS kompakt: Top-Fachleute begleiten Sie beim Einstieg","robots":{"index":"index","follow":"follow","max-snippet":"max-snippet:-1","max-image-preview":"max-image-preview:large","max-video-preview":"max-video-preview:-1"},"canonical":"https:\/\/dfvcg-events.de\/green-works\/digitales-coaching-csrd-esrs-kompakt-top-fachleute-begleiten-sie-beim-einstieg\/","og_locale":"de_DE","og_type":"article","og_title":"Digitales Coaching | CSRD &amp; ESRS kompakt: Top-Fachleute begleiten Sie beim Einstieg | GREEN.WORKS Academy","og_description":"GREEN.WORKS Academy | Aussteller & Sponsoren: Digitales Coaching | CSRD &amp; ESRS kompakt: Top-Fachleute begleiten Sie beim Einstieg","og_url":"https:\/\/dfvcg-events.de\/green-works\/digitales-coaching-csrd-esrs-kompakt-top-fachleute-begleiten-sie-beim-einstieg\/","og_site_name":"GREEN.WORKS Academy","article_publisher":"https:\/\/www.facebook.com\/dfvcg.de\/","article_published_time":"2024-04-05T10:14:52+00:00","article_modified_time":"2024-06-05T08:09:54+00:00","og_image":[{"width":1200,"height":1200,"url":"https:\/\/dfvcg-events.de\/green-works\/wp-content\/uploads\/sites\/47\/2024\/04\/CSRD-ESRS-umsetzen-Seminar-Coaching-Fortbildung.png","type":"image\/png"}],"author":"hartmann","twitter_card":"summary_large_image","twitter_creator":"@dfvcg_","twitter_site":"@dfvcg_","twitter_misc":{"Geschrieben von":"hartmann","Gesch\u00e4tzte Lesezeit":"6\u00a0Minuten"},"schema":{"@context":"https:\/\/schema.org","@graph":[{"@type":"Article","@id":"https:\/\/dfvcg-events.de\/green-works\/digitales-coaching-csrd-esrs-kompakt-top-fachleute-begleiten-sie-beim-einstieg\/#article","isPartOf":{"@id":"https:\/\/dfvcg-events.de\/green-works\/digitales-coaching-csrd-esrs-kompakt-top-fachleute-begleiten-sie-beim-einstieg\/"},"author":{"name":"hartmann","@id":"https:\/\/dfvcg-events.de\/green-works\/#\/schema\/person\/8a98e40ed96e61aa53aa06c70418cc9f"},"headline":"Digitales Coaching | CSRD &amp; ESRS kompakt: Top-Fachleute begleiten Sie beim Einstieg","datePublished":"2024-04-05T10:14:52+00:00","dateModified":"2024-06-05T08:09:54+00:00","mainEntityOfPage":{"@id":"https:\/\/dfvcg-events.de\/green-works\/digitales-coaching-csrd-esrs-kompakt-top-fachleute-begleiten-sie-beim-einstieg\/"},"wordCount":8718,"publisher":{"@id":"https:\/\/dfvcg-events.de\/green-works\/#organization"},"image":{"@id":"https:\/\/dfvcg-events.de\/green-works\/digitales-coaching-csrd-esrs-kompakt-top-fachleute-begleiten-sie-beim-einstieg\/#primaryimage"},"thumbnailUrl":"https:\/\/dfvcg-events.de\/green-works\/wp-content\/uploads\/sites\/47\/2024\/04\/CSRD-ESRS-umsetzen-Seminar-Coaching-Fortbildung.png","articleSection":["Archiv"],"inLanguage":"de"},{"@type":"WebPage","@id":"https:\/\/dfvcg-events.de\/green-works\/digitales-coaching-csrd-esrs-kompakt-top-fachleute-begleiten-sie-beim-einstieg\/","url":"https:\/\/dfvcg-events.de\/green-works\/digitales-coaching-csrd-esrs-kompakt-top-fachleute-begleiten-sie-beim-einstieg\/","name":"Digitales Coaching | CSRD &amp; ESRS kompakt: Top-Fachleute begleiten Sie beim Einstieg | GREEN.WORKS Academy","isPartOf":{"@id":"https:\/\/dfvcg-events.de\/green-works\/#website"},"primaryImageOfPage":{"@id":"https:\/\/dfvcg-events.de\/green-works\/digitales-coaching-csrd-esrs-kompakt-top-fachleute-begleiten-sie-beim-einstieg\/#primaryimage"},"image":{"@id":"https:\/\/dfvcg-events.de\/green-works\/digitales-coaching-csrd-esrs-kompakt-top-fachleute-begleiten-sie-beim-einstieg\/#primaryimage"},"thumbnailUrl":"https:\/\/dfvcg-events.de\/green-works\/wp-content\/uploads\/sites\/47\/2024\/04\/CSRD-ESRS-umsetzen-Seminar-Coaching-Fortbildung.png","datePublished":"2024-04-05T10:14:52+00:00","dateModified":"2024-06-05T08:09:54+00:00","description":"GREEN.WORKS Academy | Aussteller & Sponsoren: Digitales Coaching | CSRD &amp; ESRS kompakt: Top-Fachleute begleiten Sie beim Einstieg","breadcrumb":{"@id":"https:\/\/dfvcg-events.de\/green-works\/digitales-coaching-csrd-esrs-kompakt-top-fachleute-begleiten-sie-beim-einstieg\/#breadcrumb"},"inLanguage":"de","potentialAction":[{"@type":"ReadAction","target":["https:\/\/dfvcg-events.de\/green-works\/digitales-coaching-csrd-esrs-kompakt-top-fachleute-begleiten-sie-beim-einstieg\/"]}]},{"@type":"ImageObject","inLanguage":"de","@id":"https:\/\/dfvcg-events.de\/green-works\/digitales-coaching-csrd-esrs-kompakt-top-fachleute-begleiten-sie-beim-einstieg\/#primaryimage","url":"https:\/\/dfvcg-events.de\/green-works\/wp-content\/uploads\/sites\/47\/2024\/04\/CSRD-ESRS-umsetzen-Seminar-Coaching-Fortbildung.png","contentUrl":"https:\/\/dfvcg-events.de\/green-works\/wp-content\/uploads\/sites\/47\/2024\/04\/CSRD-ESRS-umsetzen-Seminar-Coaching-Fortbildung.png","width":1200,"height":1200},{"@type":"BreadcrumbList","@id":"https:\/\/dfvcg-events.de\/green-works\/digitales-coaching-csrd-esrs-kompakt-top-fachleute-begleiten-sie-beim-einstieg\/#breadcrumb","itemListElement":[{"@type":"ListItem","position":1,"name":"Startseite","item":"https:\/\/dfvcg-events.de\/green-works\/"},{"@type":"ListItem","position":2,"name":"Digitales Coaching | CSRD &amp; ESRS kompakt: Top-Fachleute begleiten Sie beim Einstieg"}]},{"@type":"WebSite","@id":"https:\/\/dfvcg-events.de\/green-works\/#website","url":"https:\/\/dfvcg-events.de\/green-works\/","name":"GREEN.WORKS Academy","description":"dfv Conference Group","publisher":{"@id":"https:\/\/dfvcg-events.de\/green-works\/#organization"},"alternateName":"Green Works Academy","potentialAction":[{"@type":"SearchAction","target":{"@type":"EntryPoint","urlTemplate":"https:\/\/dfvcg-events.de\/green-works\/?s={search_term_string}"},"query-input":{"@type":"PropertyValueSpecification","valueRequired":true,"valueName":"search_term_string"}}],"inLanguage":"de"},{"@type":"Organization","@id":"https:\/\/dfvcg-events.de\/green-works\/#organization","name":"GREEN.WORKS Academy","url":"https:\/\/dfvcg-events.de\/green-works\/","logo":{"@type":"ImageObject","inLanguage":"de","@id":"https:\/\/dfvcg-events.de\/green-works\/#\/schema\/logo\/image\/","url":"https:\/\/dfvcg-events.de\/green-works\/wp-content\/uploads\/sites\/47\/2023\/01\/GWAcademy_Logo_RGB_RZ.png","contentUrl":"https:\/\/dfvcg-events.de\/green-works\/wp-content\/uploads\/sites\/47\/2023\/01\/GWAcademy_Logo_RGB_RZ.png","width":500,"height":143,"caption":"GREEN.WORKS Academy"},"image":{"@id":"https:\/\/dfvcg-events.de\/green-works\/#\/schema\/logo\/image\/"},"sameAs":["https:\/\/www.facebook.com\/dfvcg.de\/","https:\/\/x.com\/dfvcg_"]},{"@type":"Person","@id":"https:\/\/dfvcg-events.de\/green-works\/#\/schema\/person\/8a98e40ed96e61aa53aa06c70418cc9f","name":"hartmann","url":"https:\/\/dfvcg-events.de\/green-works\/author\/hartmann\/"}]}},"_links":{"self":[{"href":"https:\/\/dfvcg-events.de\/green-works\/wp-json\/wp\/v2\/posts\/3730","targetHints":{"allow":["GET"]}}],"collection":[{"href":"https:\/\/dfvcg-events.de\/green-works\/wp-json\/wp\/v2\/posts"}],"about":[{"href":"https:\/\/dfvcg-events.de\/green-works\/wp-json\/wp\/v2\/types\/post"}],"author":[{"embeddable":true,"href":"https:\/\/dfvcg-events.de\/green-works\/wp-json\/wp\/v2\/users\/10"}],"replies":[{"embeddable":true,"href":"https:\/\/dfvcg-events.de\/green-works\/wp-json\/wp\/v2\/comments?post=3730"}],"version-history":[{"count":1,"href":"https:\/\/dfvcg-events.de\/green-works\/wp-json\/wp\/v2\/posts\/3730\/revisions"}],"predecessor-version":[{"id":3996,"href":"https:\/\/dfvcg-events.de\/green-works\/wp-json\/wp\/v2\/posts\/3730\/revisions\/3996"}],"wp:featuredmedia":[{"embeddable":true,"href":"https:\/\/dfvcg-events.de\/green-works\/wp-json\/wp\/v2\/media\/3731"}],"wp:attachment":[{"href":"https:\/\/dfvcg-events.de\/green-works\/wp-json\/wp\/v2\/media?parent=3730"}],"wp:term":[{"taxonomy":"category","embeddable":true,"href":"https:\/\/dfvcg-events.de\/green-works\/wp-json\/wp\/v2\/categories?post=3730"},{"taxonomy":"post_tag","embeddable":true,"href":"https:\/\/dfvcg-events.de\/green-works\/wp-json\/wp\/v2\/tags?post=3730"}],"curies":[{"name":"wp","href":"https:\/\/api.w.org\/{rel}","templated":true}]}}