{"id":3675,"date":"2024-03-19T16:36:32","date_gmt":"2024-03-19T15:36:32","guid":{"rendered":"https:\/\/dfvcg-events.de\/green-works\/?p=3675"},"modified":"2024-03-20T11:27:35","modified_gmt":"2024-03-20T10:27:35","slug":"heute-fuer-morgen-managen-im-weltweit-ersten-sustainable-mba-tief-eintauchen","status":"publish","type":"post","link":"https:\/\/dfvcg-events.de\/green-works\/heute-fuer-morgen-managen-im-weltweit-ersten-sustainable-mba-tief-eintauchen\/","title":{"rendered":"Heute f\u00fcr morgen managen: Im weltweit ersten \u201cSustainable MBA\u201c tief eintauchen"},"content":{"rendered":"<div id='av_section_1'  class='avia-section av-k7yuhjt1-f8125af67fe7e5e3f681af141884b592 main_color avia-section-default avia-no-border-styling  avia-builder-el-0  el_before_av_section  avia-builder-el-first  header-farbe avia-bg-style-scroll container_wrap fullsize'  ><div class='container av-section-cont-open' ><main  role=\"main\" itemprop=\"mainContentOfPage\"  class='template-page content  av-content-full alpha units'><div class='post-entry post-entry-type-page post-entry-3675'><div class='entry-content-wrapper clearfix'>\n\n<style type=\"text\/css\" data-created_by=\"avia_inline_auto\" id=\"style-css-av-kav2wagy-53b31f96abcfc71a5593a1c130258425\">\n#top .av-special-heading.av-kav2wagy-53b31f96abcfc71a5593a1c130258425{\npadding-bottom:0;\n}\nbody .av-special-heading.av-kav2wagy-53b31f96abcfc71a5593a1c130258425 .av-special-heading-tag .heading-char{\nfont-size:25px;\n}\n.av-special-heading.av-kav2wagy-53b31f96abcfc71a5593a1c130258425 .av-subheading{\nfont-size:15px;\n}\n<\/style>\n<div  class='av-special-heading av-kav2wagy-53b31f96abcfc71a5593a1c130258425 av-special-heading-h1 blockquote modern-quote  avia-builder-el-1  avia-builder-el-no-sibling '><div class='av-subheading av-subheading_above'><p>GREEN.WORKS Academy<\/p>\n<\/div><h1 class='av-special-heading-tag '  itemprop=\"headline\"  >Veranstaltung<\/h1><div class=\"special-heading-border\"><div class=\"special-heading-inner-border\"><\/div><\/div><\/div>\n\n<\/div><\/div><\/main><!-- close content main element --><\/div><\/div><div id='av_section_2'  class='avia-section av-22hcxg-d8123392254f516fc6bf2e2a3a1068b1 main_color avia-section-default avia-no-border-styling  avia-builder-el-2  el_after_av_section  el_before_av_textblock  avia-bg-style-scroll container_wrap fullsize'  ><div class='container av-section-cont-open' ><div class='template-page content  av-content-full alpha units'><div class='post-entry post-entry-type-page post-entry-3675'><div class='entry-content-wrapper clearfix'>\n<div class='flex_column_table av-gjtzd-e4bd8c42f090c7e041762bae8c79e747 sc-av_two_third av-equal-height-column-flextable'>\n<style type=\"text\/css\" data-created_by=\"avia_inline_auto\" id=\"style-css-av-gjtzd-e4bd8c42f090c7e041762bae8c79e747\">\n.flex_column.av-gjtzd-e4bd8c42f090c7e041762bae8c79e747{\nborder-radius:0px 0px 0px 0px;\npadding:0px 0px 0px 0px;\n}\n<\/style>\n<div  class='flex_column av-gjtzd-e4bd8c42f090c7e041762bae8c79e747 av_two_third  avia-builder-el-3  el_before_av_one_third  avia-builder-el-first  first flex_column_table_cell av-equal-height-column av-align-middle av-zero-column-padding  '     ><p>\n<style type=\"text\/css\" data-created_by=\"avia_inline_auto\" id=\"style-css-av-kas66l5u-5a526ad6abfed030f13e336e908771e4\">\n#top .av-special-heading.av-kas66l5u-5a526ad6abfed030f13e336e908771e4{\npadding-bottom:10px;\n}\nbody .av-special-heading.av-kas66l5u-5a526ad6abfed030f13e336e908771e4 .av-special-heading-tag .heading-char{\nfont-size:25px;\n}\n.av-special-heading.av-kas66l5u-5a526ad6abfed030f13e336e908771e4 .av-subheading{\nfont-size:15px;\n}\n<\/style>\n<div  class='av-special-heading av-kas66l5u-5a526ad6abfed030f13e336e908771e4 av-special-heading-h2 blockquote modern-quote  avia-builder-el-4  el_before_av_button  avia-builder-el-first '><h2 class='av-special-heading-tag '  itemprop=\"headline\"  >MBA Studium Sustainability Management | Heute f\u00fcr morgen managen: Im weltweit ersten <span class='special_amp'>\u201c<\/span>Sustainable MBA<span class='special_amp'>\u201c<\/span> tief eintauchen<\/h2><div class='av-subheading av-subheading_below'><p>Start j\u00e4hrlich im Fr\u00fchjahr<\/p>\n<\/div><div class=\"special-heading-border\"><div class=\"special-heading-inner-border\"><\/div><\/div><\/div><br \/>\n<div  class='avia-button-wrap av-ld04dvz7-a10de59d9386546b72b7ab79964d84cb-wrap avia-button-left  avia-builder-el-5  el_after_av_heading  el_before_av_textblock '><a href='https:\/\/www.leuphana.de\/professional-school\/berufsbegleitende-master-mba\/studium-nachhaltigkeitsmanagement.html?utm_source=green+academy&amp;utm_medium=referral&amp;utm_campaign=mba-sustainability+management-0124&amp;utm_content=kachel'  class='avia-button av-ld04dvz7-a10de59d9386546b72b7ab79964d84cb av-link-btn avia-icon_select-no avia-size-small avia-position-left avia-color-theme-color'  target=\"_blank\"  rel=\"noopener noreferrer\"  aria-label=\"Jetzt Change Agent werden\"><span class='avia_iconbox_title' >Jetzt Change Agent werden<\/span><\/a><\/div><br \/>\n<section  class='av_textblock_section av-ldbqrlhv-73c5895a7cb87182b623ed8c108cf498 '   itemscope=\"itemscope\" itemtype=\"https:\/\/schema.org\/BlogPosting\" itemprop=\"blogPost\" ><div class='avia_textblock'  itemprop=\"text\" ><\/div><\/section><\/p><\/div><div class='av-flex-placeholder'><\/div>\n<style type=\"text\/css\" data-created_by=\"avia_inline_auto\" id=\"style-css-av-7pv81-b49a1e36663b2e8cca8dbc6d7f19f7c7\">\n.flex_column.av-7pv81-b49a1e36663b2e8cca8dbc6d7f19f7c7{\nborder-radius:0px 0px 0px 0px;\npadding:0px 0px 0px 0px;\n}\n<\/style>\n<div  class='flex_column av-7pv81-b49a1e36663b2e8cca8dbc6d7f19f7c7 av_one_third  avia-builder-el-7  el_after_av_two_third  avia-builder-el-last  flex_column_table_cell av-equal-height-column av-align-middle av-zero-column-padding  '     ><style type=\"text\/css\" data-created_by=\"avia_inline_auto\" id=\"style-css-av-k7zan5qj-59dcf01d9a2b0e16a43f9e6d9b278612\">\n.avia-image-container.av-k7zan5qj-59dcf01d9a2b0e16a43f9e6d9b278612 img.avia_image{\nbox-shadow:none;\n}\n.avia-image-container.av-k7zan5qj-59dcf01d9a2b0e16a43f9e6d9b278612 .av-image-caption-overlay-center{\ncolor:#ffffff;\n}\n<\/style>\n<div  class='avia-image-container av-k7zan5qj-59dcf01d9a2b0e16a43f9e6d9b278612 av-styling- avia-align-center  avia-builder-el-8  avia-builder-el-no-sibling '   itemprop=\"image\" itemscope=\"itemscope\" itemtype=\"https:\/\/schema.org\/ImageObject\" ><div class=\"avia-image-container-inner\"><div class=\"avia-image-overlay-wrap\"><img decoding=\"async\" fetchpriority=\"high\" class='wp-image-3676 avia-img-lazy-loading-not-3676 avia_image ' src=\"https:\/\/dfvcg-events.de\/green-works\/wp-content\/uploads\/sites\/47\/2024\/03\/MBA.png\" alt='' title='MBA'  height=\"1200\" width=\"1200\"  itemprop=\"thumbnailUrl\" srcset=\"https:\/\/dfvcg-events.de\/green-works\/wp-content\/uploads\/sites\/47\/2024\/03\/MBA.png 1200w, https:\/\/dfvcg-events.de\/green-works\/wp-content\/uploads\/sites\/47\/2024\/03\/MBA-705x705.png 705w\" sizes=\"(max-width: 1200px) 100vw, 1200px\" \/><\/div><\/div><\/div><\/div><\/div><!--close column table wrapper. Autoclose: 1 --><\/div><\/div><\/div><!-- close content main div --><\/div><\/div><div id='after_section_2'  class='main_color av_default_container_wrap container_wrap fullsize'  ><div class='container av-section-cont-open' ><div class='template-page content  av-content-full alpha units'><div class='post-entry post-entry-type-page post-entry-3675'><div class='entry-content-wrapper clearfix'><section  class='av_textblock_section av-k7zalzjs-dc760954bf3f02b3badd0e6d2cd18c56 '   itemscope=\"itemscope\" itemtype=\"https:\/\/schema.org\/BlogPosting\" itemprop=\"blogPost\" ><div class='avia_textblock'  itemprop=\"text\" ><p>Als \u201eChange Agent for Sustainability\u201c die Transformation vorantreiben: Der berufsbegleitende MBA Sustainability Management der Leuphana Universit\u00e4t L\u00fcneburg qualifiziert mit Wissen, Werkzeugen und einem gro\u00dfen Netzwerk f\u00fcr das unternehmerische Nachhaltigkeitsmanagement.<\/p>\n<p>Der weltweit erste \u201eSustainable MBA\u201c wurde 2003 von Prof. Dr. Stefan Schaltegger gegr\u00fcndet, einem der renommiertesten Experten f\u00fcr Nachhaltigkeitsmanagement und unter den Top 2-Prozent der meistzitierten Managementforschenden weltweit.<\/p>\n<p>Der Studiengang am Centre for Sustainability Management (CSM) der Leuphana verbindet akademisch fundiertes Fachwissen \u2013 zu Nachhaltigkeitsmanagement, Lieferkettenmanagement, Nachhaltigkeitsberichterstattung und weiteren Themen \u2013 mit Managementkompetenzen und Soft Skills.<\/p>\n<p>Mit einem breiten Netzwerk von mehr als 900 Studierenden, Alumni und Praxispartnern erm\u00f6glicht der MBA einen intensiven Austausch auf Augenh\u00f6he unter Nachhaltigkeitsmanagement-Profis.<\/p>\n<p>Absolvent*innen erhalten den akkreditierten Titel &#8222;Master of Business Administration&#8220;, der Wege in F\u00fchrungspositionen und neue Karriereoptionen er\u00f6ffnet. Als berufsbegleitendes Blended-Learning-Studium kombiniert das Programm die Vorteile von digitalen E-Learning-Angeboten und Wochenend-Pr\u00e4senzveranstaltungen, die Raum f\u00fcr Austausch geben. Der modulare Aufbau des Studiums erlaubt einen individuellen Studienverlauf.<\/p>\n<p>Lernziele:<\/p>\n<ul>\n<li>Sie erlangen fundiertes Know-how f\u00fcr die Umsetzung einer nachhaltigen Unternehmensentwicklung<\/li>\n<li>Sie lernen, Gesch\u00e4ftsmodelle, Produkte und Prozesse strategisch nachhaltig zu entwickeln und die Transformation von Unternehmen wirksam voranzutreiben<\/li>\n<li>Sie entwickeln Ihre Managementqualit\u00e4ten und sozialen Kompetenzen weiter<\/li>\n<li>Sie wenden ihr erworbenes Fachwissen direkt im beruflichen Kontext an<\/li>\n<li>Sie werden Teil eines gro\u00dfen Netzwerks mit \u00fcber 900 Studierenden, Alumni und Praxispartnern und kn\u00fcpfen wertvolle Kontakte<\/li>\n<li>Sie profitieren von der Verkn\u00fcpfung von Wissenschaft und Praxis \u2013 das Centre for Sustainability Management (CSM) ist ein international ausgerichteter Forschungshub f\u00fcr zukunftsf\u00e4higes Unternehmertum und Kompetenzzentrum f\u00fcr Nachhaltigkeitsmanagement und bietet den MBA im Rahmen des Weiterbildungsmodells der Leuphana Professional School an<\/li>\n<\/ul>\n<p>Der MBA Sustainability Management richtet sich an:<\/p>\n<ul>\n<li>F\u00fchrungskr\u00e4fte aller Branchen, die die Nachhaltigkeitstransformation aktiv mitgestalten wollen<\/li>\n<li>Fachkr\u00e4fte an Schaltstellen von Strategie, Einkauf, Controlling, Produktion, Marketing, Logistik bis Innovation, die nachhaltige Entwicklung vorantreiben m\u00f6chten<\/li>\n<li>Manager*innen, Gesch\u00e4ftsf\u00fchrende und Strategieverantwortliche mit dem Ziel, Vorreiter*innen nachhaltiger Unternehmensf\u00fchrung zu werden<\/li>\n<li>Nachhaltigkeitsverantwortliche, die Ihre Expertise erweitern und das Konzept der nachhaltigen Entwicklung in ihrem Unternehmen ausbauen m\u00f6chten<\/li>\n<li>Ver\u00e4nderungshungrige Pers\u00f6nlichkeiten mit einem ersten Studienabschluss, die in Wirtschaft und Gesellschaft Nachhaltigkeit vorantreiben m\u00f6chten und einen Karrieresprung anstreben<\/li>\n<\/ul>\n<\/div><\/section><\/p>\n<\/div><\/div><\/div><!-- close content main div --><\/div><\/div><div id='anmelden'  class='avia-section av-lcpaks45-dc8a103b8f1fd290a14817fb5d59db11 main_color avia-section-default avia-no-shadow  avia-builder-el-10  el_after_av_textblock  el_before_av_section  avia-bg-style-scroll container_wrap fullsize'  ><div class='container av-section-cont-open' ><div class='template-page content  av-content-full alpha units'><div class='post-entry post-entry-type-page post-entry-3675'><div class='entry-content-wrapper clearfix'>\n<div  class='avia-button-wrap av-a40hb-a9bf0cc29e2edd0348235f53f1b7aa4a-wrap avia-button-left  avia-builder-el-11  avia-builder-el-no-sibling '><a href='https:\/\/www.leuphana.de\/professional-school\/berufsbegleitende-master-mba\/studium-nachhaltigkeitsmanagement.html?utm_source=green+academy&amp;utm_medium=referral&amp;utm_campaign=mba-sustainability+management-0124&amp;utm_content=kachel'  class='avia-button av-a40hb-a9bf0cc29e2edd0348235f53f1b7aa4a av-link-btn avia-icon_select-no avia-size-small avia-position-left avia-color-theme-color'  target=\"_blank\"  rel=\"noopener noreferrer\"  aria-label=\"Jetzt Change Agent werden\"><span class='avia_iconbox_title' >Jetzt Change Agent werden<\/span><\/a><\/div>\n\n<\/div><\/div><\/div><!-- close content main div --><\/div><\/div><div id='anmelden'  class='avia-section av-5am7nn-c7c04d25aaa03f6b1376afc4a205f0f3 main_color avia-section-default avia-no-shadow  avia-builder-el-12  el_after_av_section  avia-builder-el-last  avia-bg-style-scroll container_wrap fullsize'  ><div class='container av-section-cont-open' ><div class='template-page content  av-content-full alpha units'><div class='post-entry post-entry-type-page post-entry-3675'><div class='entry-content-wrapper clearfix'>\n<div  class='flex_column av-328h9v-8b1b4c472f00a72fdc2d6606d2276d63 av_one_fourth  avia-builder-el-13  el_before_av_one_third  avia-builder-el-first  first flex_column_div  '     ><style type=\"text\/css\" data-created_by=\"avia_inline_auto\" id=\"style-css-av-lpcgm4gr-2c2ae965e6cef6335dc501aad948d697\">\n#top .av-special-heading.av-lpcgm4gr-2c2ae965e6cef6335dc501aad948d697{\npadding-bottom:10px;\n}\nbody .av-special-heading.av-lpcgm4gr-2c2ae965e6cef6335dc501aad948d697 .av-special-heading-tag .heading-char{\nfont-size:25px;\n}\n.av-special-heading.av-lpcgm4gr-2c2ae965e6cef6335dc501aad948d697 .av-subheading{\nfont-size:15px;\n}\n<\/style>\n<div  class='av-special-heading av-lpcgm4gr-2c2ae965e6cef6335dc501aad948d697 av-special-heading-h3 blockquote modern-quote  avia-builder-el-14  avia-builder-el-no-sibling '><h3 class='av-special-heading-tag '  itemprop=\"headline\"  >performed by <\/h3><div class=\"special-heading-border\"><div class=\"special-heading-inner-border\"><\/div><\/div><\/div><\/div><div  class='flex_column av-2aveb7-ba16a8cd80f0cd3c86a57180e372ae05 av_one_third  avia-builder-el-15  el_after_av_one_fourth  avia-builder-el-last  flex_column_div  '     ><style type=\"text\/css\" data-created_by=\"avia_inline_auto\" id=\"style-css-av-lpcgnmev-c98d47df2933d9d8f6ace0450697aa23\">\n.avia-image-container.av-lpcgnmev-c98d47df2933d9d8f6ace0450697aa23 img.avia_image{\nbox-shadow:none;\n}\n.avia-image-container.av-lpcgnmev-c98d47df2933d9d8f6ace0450697aa23 .av-image-caption-overlay-center{\ncolor:#ffffff;\n}\n<\/style>\n<div  class='avia-image-container av-lpcgnmev-c98d47df2933d9d8f6ace0450697aa23 av-styling- av-img-linked avia-align-center  avia-builder-el-16  avia-builder-el-no-sibling '   itemprop=\"image\" itemscope=\"itemscope\" itemtype=\"https:\/\/schema.org\/ImageObject\" ><div class=\"avia-image-container-inner\"><div class=\"avia-image-overlay-wrap\"><a href=\"https:\/\/www.leuphana.de\/\" class='avia_image '  target=\"_blank\"  rel=\"noopener noreferrer\" aria-label='dfvcg-partner-Leuphana'><img decoding=\"async\" fetchpriority=\"high\" class='wp-image-3300 avia-img-lazy-loading-not-3300 avia_image ' src=\"https:\/\/dfvcg-events.de\/green-works\/wp-content\/uploads\/sites\/47\/2023\/11\/dfvcg-partner-Leuphana.png\" alt='' title='dfvcg-partner-Leuphana'  height=\"600\" width=\"800\"  itemprop=\"thumbnailUrl\"  \/><\/a><\/div><\/div><\/div><\/div>\n\n","protected":false},"excerpt":{"rendered":"<p>Start j\u00e4hrlich im Fr\u00fchjahr<\/p>\n","protected":false},"author":10,"featured_media":3676,"comment_status":"closed","ping_status":"closed","sticky":false,"template":"","format":"standard","meta":{"footnotes":""},"categories":[51,52],"tags":[],"class_list":["post-3675","post","type-post","status-publish","format-standard","has-post-thumbnail","hentry","category-veranstaltung-2023","category-veranstaltung-feature-2023"],"yoast_head":"<!-- This site is optimized with the Yoast SEO plugin v27.4 - https:\/\/yoast.com\/product\/yoast-seo-wordpress\/ -->\n<title>Heute f\u00fcr morgen managen: Im weltweit ersten \u201cSustainable MBA\u201c tief eintauchen | GREEN.WORKS Academy<\/title>\n<meta name=\"description\" content=\"GREEN.WORKS Academy | Aussteller &amp; Sponsoren: Heute f\u00fcr morgen managen: Im weltweit ersten \u201cSustainable MBA\u201c tief eintauchen\" \/>\n<meta name=\"robots\" content=\"index, follow, max-snippet:-1, max-image-preview:large, max-video-preview:-1\" \/>\n<link rel=\"canonical\" href=\"https:\/\/dfvcg-events.de\/green-works\/heute-fuer-morgen-managen-im-weltweit-ersten-sustainable-mba-tief-eintauchen\/\" \/>\n<meta property=\"og:locale\" content=\"de_DE\" \/>\n<meta property=\"og:type\" content=\"article\" \/>\n<meta property=\"og:title\" content=\"Heute f\u00fcr morgen managen: Im weltweit ersten \u201cSustainable MBA\u201c tief eintauchen | GREEN.WORKS Academy\" \/>\n<meta property=\"og:description\" content=\"GREEN.WORKS Academy | Aussteller &amp; Sponsoren: Heute f\u00fcr morgen managen: Im weltweit ersten \u201cSustainable MBA\u201c tief eintauchen\" \/>\n<meta property=\"og:url\" content=\"https:\/\/dfvcg-events.de\/green-works\/heute-fuer-morgen-managen-im-weltweit-ersten-sustainable-mba-tief-eintauchen\/\" \/>\n<meta property=\"og:site_name\" content=\"GREEN.WORKS Academy\" \/>\n<meta property=\"article:publisher\" content=\"https:\/\/www.facebook.com\/dfvcg.de\/\" \/>\n<meta property=\"article:published_time\" content=\"2024-03-19T15:36:32+00:00\" \/>\n<meta property=\"article:modified_time\" content=\"2024-03-20T10:27:35+00:00\" \/>\n<meta property=\"og:image\" content=\"https:\/\/dfvcg-events.de\/green-works\/wp-content\/uploads\/sites\/47\/2024\/03\/MBA.png\" \/>\n\t<meta property=\"og:image:width\" content=\"1200\" \/>\n\t<meta property=\"og:image:height\" content=\"1200\" \/>\n\t<meta property=\"og:image:type\" content=\"image\/png\" \/>\n<meta name=\"author\" content=\"hartmann\" \/>\n<meta name=\"twitter:card\" content=\"summary_large_image\" \/>\n<meta name=\"twitter:creator\" content=\"@dfvcg_\" \/>\n<meta name=\"twitter:site\" content=\"@dfvcg_\" \/>\n<meta name=\"twitter:label1\" content=\"Geschrieben von\" \/>\n\t<meta name=\"twitter:data1\" content=\"hartmann\" \/>\n\t<meta name=\"twitter:label2\" content=\"Gesch\u00e4tzte Lesezeit\" \/>\n\t<meta name=\"twitter:data2\" content=\"3\u00a0Minuten\" \/>\n<script type=\"application\/ld+json\" class=\"yoast-schema-graph\">{\"@context\":\"https:\\\/\\\/schema.org\",\"@graph\":[{\"@type\":\"Article\",\"@id\":\"https:\\\/\\\/dfvcg-events.de\\\/green-works\\\/heute-fuer-morgen-managen-im-weltweit-ersten-sustainable-mba-tief-eintauchen\\\/#article\",\"isPartOf\":{\"@id\":\"https:\\\/\\\/dfvcg-events.de\\\/green-works\\\/heute-fuer-morgen-managen-im-weltweit-ersten-sustainable-mba-tief-eintauchen\\\/\"},\"author\":{\"name\":\"hartmann\",\"@id\":\"https:\\\/\\\/dfvcg-events.de\\\/green-works\\\/#\\\/schema\\\/person\\\/8a98e40ed96e61aa53aa06c70418cc9f\"},\"headline\":\"Heute f\u00fcr morgen managen: Im weltweit ersten \u201cSustainable MBA\u201c tief eintauchen\",\"datePublished\":\"2024-03-19T15:36:32+00:00\",\"dateModified\":\"2024-03-20T10:27:35+00:00\",\"mainEntityOfPage\":{\"@id\":\"https:\\\/\\\/dfvcg-events.de\\\/green-works\\\/heute-fuer-morgen-managen-im-weltweit-ersten-sustainable-mba-tief-eintauchen\\\/\"},\"wordCount\":3794,\"publisher\":{\"@id\":\"https:\\\/\\\/dfvcg-events.de\\\/green-works\\\/#organization\"},\"image\":{\"@id\":\"https:\\\/\\\/dfvcg-events.de\\\/green-works\\\/heute-fuer-morgen-managen-im-weltweit-ersten-sustainable-mba-tief-eintauchen\\\/#primaryimage\"},\"thumbnailUrl\":\"https:\\\/\\\/dfvcg-events.de\\\/green-works\\\/wp-content\\\/uploads\\\/sites\\\/47\\\/2024\\\/03\\\/MBA.png\",\"articleSection\":[\"Veranstaltung 2023\",\"Veranstaltung Feature 2023\"],\"inLanguage\":\"de\"},{\"@type\":\"WebPage\",\"@id\":\"https:\\\/\\\/dfvcg-events.de\\\/green-works\\\/heute-fuer-morgen-managen-im-weltweit-ersten-sustainable-mba-tief-eintauchen\\\/\",\"url\":\"https:\\\/\\\/dfvcg-events.de\\\/green-works\\\/heute-fuer-morgen-managen-im-weltweit-ersten-sustainable-mba-tief-eintauchen\\\/\",\"name\":\"Heute f\u00fcr morgen managen: Im weltweit ersten \u201cSustainable MBA\u201c tief eintauchen | GREEN.WORKS Academy\",\"isPartOf\":{\"@id\":\"https:\\\/\\\/dfvcg-events.de\\\/green-works\\\/#website\"},\"primaryImageOfPage\":{\"@id\":\"https:\\\/\\\/dfvcg-events.de\\\/green-works\\\/heute-fuer-morgen-managen-im-weltweit-ersten-sustainable-mba-tief-eintauchen\\\/#primaryimage\"},\"image\":{\"@id\":\"https:\\\/\\\/dfvcg-events.de\\\/green-works\\\/heute-fuer-morgen-managen-im-weltweit-ersten-sustainable-mba-tief-eintauchen\\\/#primaryimage\"},\"thumbnailUrl\":\"https:\\\/\\\/dfvcg-events.de\\\/green-works\\\/wp-content\\\/uploads\\\/sites\\\/47\\\/2024\\\/03\\\/MBA.png\",\"datePublished\":\"2024-03-19T15:36:32+00:00\",\"dateModified\":\"2024-03-20T10:27:35+00:00\",\"description\":\"GREEN.WORKS Academy | Aussteller & Sponsoren: Heute f\u00fcr morgen managen: Im weltweit ersten \u201cSustainable MBA\u201c tief eintauchen\",\"breadcrumb\":{\"@id\":\"https:\\\/\\\/dfvcg-events.de\\\/green-works\\\/heute-fuer-morgen-managen-im-weltweit-ersten-sustainable-mba-tief-eintauchen\\\/#breadcrumb\"},\"inLanguage\":\"de\",\"potentialAction\":[{\"@type\":\"ReadAction\",\"target\":[\"https:\\\/\\\/dfvcg-events.de\\\/green-works\\\/heute-fuer-morgen-managen-im-weltweit-ersten-sustainable-mba-tief-eintauchen\\\/\"]}]},{\"@type\":\"ImageObject\",\"inLanguage\":\"de\",\"@id\":\"https:\\\/\\\/dfvcg-events.de\\\/green-works\\\/heute-fuer-morgen-managen-im-weltweit-ersten-sustainable-mba-tief-eintauchen\\\/#primaryimage\",\"url\":\"https:\\\/\\\/dfvcg-events.de\\\/green-works\\\/wp-content\\\/uploads\\\/sites\\\/47\\\/2024\\\/03\\\/MBA.png\",\"contentUrl\":\"https:\\\/\\\/dfvcg-events.de\\\/green-works\\\/wp-content\\\/uploads\\\/sites\\\/47\\\/2024\\\/03\\\/MBA.png\",\"width\":1200,\"height\":1200},{\"@type\":\"BreadcrumbList\",\"@id\":\"https:\\\/\\\/dfvcg-events.de\\\/green-works\\\/heute-fuer-morgen-managen-im-weltweit-ersten-sustainable-mba-tief-eintauchen\\\/#breadcrumb\",\"itemListElement\":[{\"@type\":\"ListItem\",\"position\":1,\"name\":\"Startseite\",\"item\":\"https:\\\/\\\/dfvcg-events.de\\\/green-works\\\/\"},{\"@type\":\"ListItem\",\"position\":2,\"name\":\"Heute f\u00fcr morgen managen: Im weltweit ersten \u201cSustainable MBA\u201c tief eintauchen\"}]},{\"@type\":\"WebSite\",\"@id\":\"https:\\\/\\\/dfvcg-events.de\\\/green-works\\\/#website\",\"url\":\"https:\\\/\\\/dfvcg-events.de\\\/green-works\\\/\",\"name\":\"GREEN.WORKS Academy\",\"description\":\"dfv Conference Group\",\"publisher\":{\"@id\":\"https:\\\/\\\/dfvcg-events.de\\\/green-works\\\/#organization\"},\"alternateName\":\"Green Works Academy\",\"potentialAction\":[{\"@type\":\"SearchAction\",\"target\":{\"@type\":\"EntryPoint\",\"urlTemplate\":\"https:\\\/\\\/dfvcg-events.de\\\/green-works\\\/?s={search_term_string}\"},\"query-input\":{\"@type\":\"PropertyValueSpecification\",\"valueRequired\":true,\"valueName\":\"search_term_string\"}}],\"inLanguage\":\"de\"},{\"@type\":\"Organization\",\"@id\":\"https:\\\/\\\/dfvcg-events.de\\\/green-works\\\/#organization\",\"name\":\"GREEN.WORKS Academy\",\"url\":\"https:\\\/\\\/dfvcg-events.de\\\/green-works\\\/\",\"logo\":{\"@type\":\"ImageObject\",\"inLanguage\":\"de\",\"@id\":\"https:\\\/\\\/dfvcg-events.de\\\/green-works\\\/#\\\/schema\\\/logo\\\/image\\\/\",\"url\":\"https:\\\/\\\/dfvcg-events.de\\\/green-works\\\/wp-content\\\/uploads\\\/sites\\\/47\\\/2023\\\/01\\\/GWAcademy_Logo_RGB_RZ.png\",\"contentUrl\":\"https:\\\/\\\/dfvcg-events.de\\\/green-works\\\/wp-content\\\/uploads\\\/sites\\\/47\\\/2023\\\/01\\\/GWAcademy_Logo_RGB_RZ.png\",\"width\":500,\"height\":143,\"caption\":\"GREEN.WORKS Academy\"},\"image\":{\"@id\":\"https:\\\/\\\/dfvcg-events.de\\\/green-works\\\/#\\\/schema\\\/logo\\\/image\\\/\"},\"sameAs\":[\"https:\\\/\\\/www.facebook.com\\\/dfvcg.de\\\/\",\"https:\\\/\\\/x.com\\\/dfvcg_\"]},{\"@type\":\"Person\",\"@id\":\"https:\\\/\\\/dfvcg-events.de\\\/green-works\\\/#\\\/schema\\\/person\\\/8a98e40ed96e61aa53aa06c70418cc9f\",\"name\":\"hartmann\",\"url\":\"https:\\\/\\\/dfvcg-events.de\\\/green-works\\\/author\\\/hartmann\\\/\"}]}<\/script>\n<!-- \/ Yoast SEO plugin. -->","yoast_head_json":{"title":"Heute f\u00fcr morgen managen: Im weltweit ersten \u201cSustainable MBA\u201c tief eintauchen | GREEN.WORKS Academy","description":"GREEN.WORKS Academy | Aussteller & Sponsoren: Heute f\u00fcr morgen managen: Im weltweit ersten \u201cSustainable MBA\u201c tief eintauchen","robots":{"index":"index","follow":"follow","max-snippet":"max-snippet:-1","max-image-preview":"max-image-preview:large","max-video-preview":"max-video-preview:-1"},"canonical":"https:\/\/dfvcg-events.de\/green-works\/heute-fuer-morgen-managen-im-weltweit-ersten-sustainable-mba-tief-eintauchen\/","og_locale":"de_DE","og_type":"article","og_title":"Heute f\u00fcr morgen managen: Im weltweit ersten \u201cSustainable MBA\u201c tief eintauchen | GREEN.WORKS Academy","og_description":"GREEN.WORKS Academy | Aussteller & Sponsoren: Heute f\u00fcr morgen managen: Im weltweit ersten \u201cSustainable MBA\u201c tief eintauchen","og_url":"https:\/\/dfvcg-events.de\/green-works\/heute-fuer-morgen-managen-im-weltweit-ersten-sustainable-mba-tief-eintauchen\/","og_site_name":"GREEN.WORKS Academy","article_publisher":"https:\/\/www.facebook.com\/dfvcg.de\/","article_published_time":"2024-03-19T15:36:32+00:00","article_modified_time":"2024-03-20T10:27:35+00:00","og_image":[{"width":1200,"height":1200,"url":"https:\/\/dfvcg-events.de\/green-works\/wp-content\/uploads\/sites\/47\/2024\/03\/MBA.png","type":"image\/png"}],"author":"hartmann","twitter_card":"summary_large_image","twitter_creator":"@dfvcg_","twitter_site":"@dfvcg_","twitter_misc":{"Geschrieben von":"hartmann","Gesch\u00e4tzte Lesezeit":"3\u00a0Minuten"},"schema":{"@context":"https:\/\/schema.org","@graph":[{"@type":"Article","@id":"https:\/\/dfvcg-events.de\/green-works\/heute-fuer-morgen-managen-im-weltweit-ersten-sustainable-mba-tief-eintauchen\/#article","isPartOf":{"@id":"https:\/\/dfvcg-events.de\/green-works\/heute-fuer-morgen-managen-im-weltweit-ersten-sustainable-mba-tief-eintauchen\/"},"author":{"name":"hartmann","@id":"https:\/\/dfvcg-events.de\/green-works\/#\/schema\/person\/8a98e40ed96e61aa53aa06c70418cc9f"},"headline":"Heute f\u00fcr morgen managen: Im weltweit ersten \u201cSustainable MBA\u201c tief eintauchen","datePublished":"2024-03-19T15:36:32+00:00","dateModified":"2024-03-20T10:27:35+00:00","mainEntityOfPage":{"@id":"https:\/\/dfvcg-events.de\/green-works\/heute-fuer-morgen-managen-im-weltweit-ersten-sustainable-mba-tief-eintauchen\/"},"wordCount":3794,"publisher":{"@id":"https:\/\/dfvcg-events.de\/green-works\/#organization"},"image":{"@id":"https:\/\/dfvcg-events.de\/green-works\/heute-fuer-morgen-managen-im-weltweit-ersten-sustainable-mba-tief-eintauchen\/#primaryimage"},"thumbnailUrl":"https:\/\/dfvcg-events.de\/green-works\/wp-content\/uploads\/sites\/47\/2024\/03\/MBA.png","articleSection":["Veranstaltung 2023","Veranstaltung Feature 2023"],"inLanguage":"de"},{"@type":"WebPage","@id":"https:\/\/dfvcg-events.de\/green-works\/heute-fuer-morgen-managen-im-weltweit-ersten-sustainable-mba-tief-eintauchen\/","url":"https:\/\/dfvcg-events.de\/green-works\/heute-fuer-morgen-managen-im-weltweit-ersten-sustainable-mba-tief-eintauchen\/","name":"Heute f\u00fcr morgen managen: Im weltweit ersten \u201cSustainable MBA\u201c tief eintauchen | GREEN.WORKS Academy","isPartOf":{"@id":"https:\/\/dfvcg-events.de\/green-works\/#website"},"primaryImageOfPage":{"@id":"https:\/\/dfvcg-events.de\/green-works\/heute-fuer-morgen-managen-im-weltweit-ersten-sustainable-mba-tief-eintauchen\/#primaryimage"},"image":{"@id":"https:\/\/dfvcg-events.de\/green-works\/heute-fuer-morgen-managen-im-weltweit-ersten-sustainable-mba-tief-eintauchen\/#primaryimage"},"thumbnailUrl":"https:\/\/dfvcg-events.de\/green-works\/wp-content\/uploads\/sites\/47\/2024\/03\/MBA.png","datePublished":"2024-03-19T15:36:32+00:00","dateModified":"2024-03-20T10:27:35+00:00","description":"GREEN.WORKS Academy | Aussteller & Sponsoren: Heute f\u00fcr morgen managen: Im weltweit ersten \u201cSustainable MBA\u201c tief eintauchen","breadcrumb":{"@id":"https:\/\/dfvcg-events.de\/green-works\/heute-fuer-morgen-managen-im-weltweit-ersten-sustainable-mba-tief-eintauchen\/#breadcrumb"},"inLanguage":"de","potentialAction":[{"@type":"ReadAction","target":["https:\/\/dfvcg-events.de\/green-works\/heute-fuer-morgen-managen-im-weltweit-ersten-sustainable-mba-tief-eintauchen\/"]}]},{"@type":"ImageObject","inLanguage":"de","@id":"https:\/\/dfvcg-events.de\/green-works\/heute-fuer-morgen-managen-im-weltweit-ersten-sustainable-mba-tief-eintauchen\/#primaryimage","url":"https:\/\/dfvcg-events.de\/green-works\/wp-content\/uploads\/sites\/47\/2024\/03\/MBA.png","contentUrl":"https:\/\/dfvcg-events.de\/green-works\/wp-content\/uploads\/sites\/47\/2024\/03\/MBA.png","width":1200,"height":1200},{"@type":"BreadcrumbList","@id":"https:\/\/dfvcg-events.de\/green-works\/heute-fuer-morgen-managen-im-weltweit-ersten-sustainable-mba-tief-eintauchen\/#breadcrumb","itemListElement":[{"@type":"ListItem","position":1,"name":"Startseite","item":"https:\/\/dfvcg-events.de\/green-works\/"},{"@type":"ListItem","position":2,"name":"Heute f\u00fcr morgen managen: Im weltweit ersten \u201cSustainable MBA\u201c tief eintauchen"}]},{"@type":"WebSite","@id":"https:\/\/dfvcg-events.de\/green-works\/#website","url":"https:\/\/dfvcg-events.de\/green-works\/","name":"GREEN.WORKS Academy","description":"dfv Conference Group","publisher":{"@id":"https:\/\/dfvcg-events.de\/green-works\/#organization"},"alternateName":"Green Works Academy","potentialAction":[{"@type":"SearchAction","target":{"@type":"EntryPoint","urlTemplate":"https:\/\/dfvcg-events.de\/green-works\/?s={search_term_string}"},"query-input":{"@type":"PropertyValueSpecification","valueRequired":true,"valueName":"search_term_string"}}],"inLanguage":"de"},{"@type":"Organization","@id":"https:\/\/dfvcg-events.de\/green-works\/#organization","name":"GREEN.WORKS Academy","url":"https:\/\/dfvcg-events.de\/green-works\/","logo":{"@type":"ImageObject","inLanguage":"de","@id":"https:\/\/dfvcg-events.de\/green-works\/#\/schema\/logo\/image\/","url":"https:\/\/dfvcg-events.de\/green-works\/wp-content\/uploads\/sites\/47\/2023\/01\/GWAcademy_Logo_RGB_RZ.png","contentUrl":"https:\/\/dfvcg-events.de\/green-works\/wp-content\/uploads\/sites\/47\/2023\/01\/GWAcademy_Logo_RGB_RZ.png","width":500,"height":143,"caption":"GREEN.WORKS Academy"},"image":{"@id":"https:\/\/dfvcg-events.de\/green-works\/#\/schema\/logo\/image\/"},"sameAs":["https:\/\/www.facebook.com\/dfvcg.de\/","https:\/\/x.com\/dfvcg_"]},{"@type":"Person","@id":"https:\/\/dfvcg-events.de\/green-works\/#\/schema\/person\/8a98e40ed96e61aa53aa06c70418cc9f","name":"hartmann","url":"https:\/\/dfvcg-events.de\/green-works\/author\/hartmann\/"}]}},"_links":{"self":[{"href":"https:\/\/dfvcg-events.de\/green-works\/wp-json\/wp\/v2\/posts\/3675","targetHints":{"allow":["GET"]}}],"collection":[{"href":"https:\/\/dfvcg-events.de\/green-works\/wp-json\/wp\/v2\/posts"}],"about":[{"href":"https:\/\/dfvcg-events.de\/green-works\/wp-json\/wp\/v2\/types\/post"}],"author":[{"embeddable":true,"href":"https:\/\/dfvcg-events.de\/green-works\/wp-json\/wp\/v2\/users\/10"}],"replies":[{"embeddable":true,"href":"https:\/\/dfvcg-events.de\/green-works\/wp-json\/wp\/v2\/comments?post=3675"}],"version-history":[{"count":1,"href":"https:\/\/dfvcg-events.de\/green-works\/wp-json\/wp\/v2\/posts\/3675\/revisions"}],"predecessor-version":[{"id":4473,"href":"https:\/\/dfvcg-events.de\/green-works\/wp-json\/wp\/v2\/posts\/3675\/revisions\/4473"}],"wp:featuredmedia":[{"embeddable":true,"href":"https:\/\/dfvcg-events.de\/green-works\/wp-json\/wp\/v2\/media\/3676"}],"wp:attachment":[{"href":"https:\/\/dfvcg-events.de\/green-works\/wp-json\/wp\/v2\/media?parent=3675"}],"wp:term":[{"taxonomy":"category","embeddable":true,"href":"https:\/\/dfvcg-events.de\/green-works\/wp-json\/wp\/v2\/categories?post=3675"},{"taxonomy":"post_tag","embeddable":true,"href":"https:\/\/dfvcg-events.de\/green-works\/wp-json\/wp\/v2\/tags?post=3675"}],"curies":[{"name":"wp","href":"https:\/\/api.w.org\/{rel}","templated":true}]}}