{"id":3200,"date":"2023-10-24T10:54:41","date_gmt":"2023-10-24T08:54:41","guid":{"rendered":"https:\/\/dfvcg-events.de\/green-works\/?p=3200"},"modified":"2024-03-18T16:04:45","modified_gmt":"2024-03-18T15:04:45","slug":"stakeholder-engagement","status":"publish","type":"post","link":"https:\/\/dfvcg-events.de\/green-works\/stakeholder-engagement\/","title":{"rendered":"Stakeholder-Engagement zwischen Regulierung und Wettbewerbsvorteil"},"content":{"rendered":"<div id='av_section_1'  class='avia-section av-k7yuhjt1-f8125af67fe7e5e3f681af141884b592 main_color avia-section-default avia-no-border-styling  avia-builder-el-0  el_before_av_section  avia-builder-el-first  header-farbe avia-bg-style-scroll container_wrap fullsize'  ><div class='container av-section-cont-open' ><main  role=\"main\" itemprop=\"mainContentOfPage\"  class='template-page content  av-content-full alpha units'><div class='post-entry post-entry-type-page post-entry-3200'><div class='entry-content-wrapper clearfix'>\n\n<style type=\"text\/css\" data-created_by=\"avia_inline_auto\" id=\"style-css-av-kav2wagy-53b31f96abcfc71a5593a1c130258425\">\n#top .av-special-heading.av-kav2wagy-53b31f96abcfc71a5593a1c130258425{\npadding-bottom:0;\n}\nbody .av-special-heading.av-kav2wagy-53b31f96abcfc71a5593a1c130258425 .av-special-heading-tag .heading-char{\nfont-size:25px;\n}\n.av-special-heading.av-kav2wagy-53b31f96abcfc71a5593a1c130258425 .av-subheading{\nfont-size:15px;\n}\n<\/style>\n<div  class='av-special-heading av-kav2wagy-53b31f96abcfc71a5593a1c130258425 av-special-heading-h1 blockquote modern-quote  avia-builder-el-1  avia-builder-el-no-sibling '><div class='av-subheading av-subheading_above'><p>GREEN.WORKS Academy<\/p>\n<\/div><h1 class='av-special-heading-tag '  itemprop=\"headline\"  >Veranstaltung<\/h1><div class=\"special-heading-border\"><div class=\"special-heading-inner-border\"><\/div><\/div><\/div>\n\n<\/div><\/div><\/main><!-- close content main element --><\/div><\/div><div id='av_section_2'  class='avia-section av-2nhyik-02d3cb1a0cc4015a6817c512a73b554f main_color avia-section-default avia-no-border-styling  avia-builder-el-2  el_after_av_section  el_before_av_textblock  avia-bg-style-scroll container_wrap fullsize'  ><div class='container av-section-cont-open' ><div class='template-page content  av-content-full alpha units'><div class='post-entry post-entry-type-page post-entry-3200'><div class='entry-content-wrapper clearfix'>\n<div class='flex_column_table av-gjtzd-e4bd8c42f090c7e041762bae8c79e747 sc-av_two_third av-equal-height-column-flextable'>\n<style type=\"text\/css\" data-created_by=\"avia_inline_auto\" id=\"style-css-av-gjtzd-e4bd8c42f090c7e041762bae8c79e747\">\n.flex_column.av-gjtzd-e4bd8c42f090c7e041762bae8c79e747{\nborder-radius:0px 0px 0px 0px;\npadding:0px 0px 0px 0px;\n}\n<\/style>\n<div  class='flex_column av-gjtzd-e4bd8c42f090c7e041762bae8c79e747 av_two_third  avia-builder-el-3  el_before_av_one_third  avia-builder-el-first  first flex_column_table_cell av-equal-height-column av-align-middle av-zero-column-padding  '     ><p>\n<style type=\"text\/css\" data-created_by=\"avia_inline_auto\" id=\"style-css-av-30cxzg-85179162eee8285ded19f8178644a9e1\">\n#top .av-special-heading.av-30cxzg-85179162eee8285ded19f8178644a9e1{\npadding-bottom:10px;\n}\nbody .av-special-heading.av-30cxzg-85179162eee8285ded19f8178644a9e1 .av-special-heading-tag .heading-char{\nfont-size:25px;\n}\n.av-special-heading.av-30cxzg-85179162eee8285ded19f8178644a9e1 .av-subheading{\nfont-size:15px;\n}\n<\/style>\n<div  class='av-special-heading av-30cxzg-85179162eee8285ded19f8178644a9e1 av-special-heading-h2 blockquote modern-quote  avia-builder-el-4  el_before_av_button  avia-builder-el-first '><h2 class='av-special-heading-tag '  itemprop=\"headline\"  >Masterclass | Stakeholder-Engagement: zwischen Regulierung und Wettbewerbsvorteil \u2013von der K\u00fcr zur Pflicht <\/h2><div class='av-subheading av-subheading_below'><p>14.03.2024 | 11:00 \u2013 12:00 Uhr<\/p>\n<\/div><div class=\"special-heading-border\"><div class=\"special-heading-inner-border\"><\/div><\/div><\/div><br \/>\n<div  class='avia-button-wrap av-ld04dvz7-35d137fc48dd40e75bae760d400414fd-wrap avia-button-left  avia-builder-el-5  el_after_av_heading  el_before_av_textblock '><a href='#anmelden'  class='avia-button av-ld04dvz7-35d137fc48dd40e75bae760d400414fd av-link-btn avia-icon_select-no avia-size-small avia-position-left avia-color-theme-color'   aria-label=\"Jetzt anmelden\"><span class='avia_iconbox_title' >Jetzt anmelden<\/span><\/a><\/div><br \/>\n<section  class='av_textblock_section av-ldbqpjzj-aa2efabdf86f47270f3679051e246d7d '   itemscope=\"itemscope\" itemtype=\"https:\/\/schema.org\/BlogPosting\" itemprop=\"blogPost\" ><div class='avia_textblock'  itemprop=\"text\" ><p>digitale Veranstaltung<\/p>\n<\/div><\/section><\/p><\/div><div class='av-flex-placeholder'><\/div>\n<style type=\"text\/css\" data-created_by=\"avia_inline_auto\" id=\"style-css-av-7pv81-b49a1e36663b2e8cca8dbc6d7f19f7c7\">\n.flex_column.av-7pv81-b49a1e36663b2e8cca8dbc6d7f19f7c7{\nborder-radius:0px 0px 0px 0px;\npadding:0px 0px 0px 0px;\n}\n<\/style>\n<div  class='flex_column av-7pv81-b49a1e36663b2e8cca8dbc6d7f19f7c7 av_one_third  avia-builder-el-7  el_after_av_two_third  avia-builder-el-last  flex_column_table_cell av-equal-height-column av-align-middle av-zero-column-padding  '     ><style type=\"text\/css\" data-created_by=\"avia_inline_auto\" id=\"style-css-av-k7zan5qj-544506136d1732e41bd29d322b6e46ab\">\n.avia-image-container.av-k7zan5qj-544506136d1732e41bd29d322b6e46ab img.avia_image{\nbox-shadow:none;\n}\n.avia-image-container.av-k7zan5qj-544506136d1732e41bd29d322b6e46ab .av-image-caption-overlay-center{\ncolor:#ffffff;\n}\n<\/style>\n<div  class='avia-image-container av-k7zan5qj-544506136d1732e41bd29d322b6e46ab av-styling- avia-align-center  avia-builder-el-8  avia-builder-el-no-sibling '   itemprop=\"image\" itemscope=\"itemscope\" itemtype=\"https:\/\/schema.org\/ImageObject\" ><div class=\"avia-image-container-inner\"><div class=\"avia-image-overlay-wrap\"><img decoding=\"async\" fetchpriority=\"high\" class='wp-image-3202 avia-img-lazy-loading-not-3202 avia_image ' src=\"https:\/\/dfvcg-events.de\/green-works\/wp-content\/uploads\/sites\/47\/2023\/10\/GW_AK_VISUAL_MCs-230925.jpg\" alt='' title='GW_AK_VISUAL_MCs 230925'  height=\"1200\" width=\"1200\"  itemprop=\"thumbnailUrl\"  \/><\/div><\/div><\/div><\/div><\/div><!--close column table wrapper. Autoclose: 1 -->\n<\/div><\/div><\/div><!-- close content main div --><\/div><\/div><div id='after_section_2'  class='main_color av_default_container_wrap container_wrap fullsize'  ><div class='container av-section-cont-open' ><div class='template-page content  av-content-full alpha units'><div class='post-entry post-entry-type-page post-entry-3200'><div class='entry-content-wrapper clearfix'>\n<section  class='av_textblock_section av-k7zalzjs-dc760954bf3f02b3badd0e6d2cd18c56 '   itemscope=\"itemscope\" itemtype=\"https:\/\/schema.org\/BlogPosting\" itemprop=\"blogPost\" ><div class='avia_textblock'  itemprop=\"text\" ><p>Nachhaltigkeit ist ein komplexes Thema. Im Dialog mit seinen Stakeholdern k\u00f6nnen mittelst\u00e4ndische Unternehmen ihre Entscheidungen und ihr Handeln transparent machen, um die Akzeptanz f\u00fcr die eigenen Nachhaltigkeits- und Klimaschutzaktivit\u00e4ten zu erh\u00f6hen und um Greenwashing zu vermeiden. Ziel ist es, unterschiedliche Interessen m\u00f6glichst in Einklang zu bringen, Vertrauen aufzubauen und langfristig zu erhalten.<\/p>\n<p>Mit der Einbeziehung aller Anspruchsgruppen entlang der Wertsch\u00f6pfungskette kann ein Unternehmen sein nachhaltiges Wirtschaften f\u00f6rdern. Die proaktive Zusammenarbeit mit Stakeholdern resultiert in einem besseren Verst\u00e4ndnis f\u00fcr deren Interessen. Dieses kann systematisch genutzt werden, um z.B. Risiken zu identifizieren und zu handhaben.<\/p>\n<p>Das Einbeziehen von Stakeholdern kann auch als Quelle f\u00fcr Innovation und neue Partnerschaften genutzt werden, die die Performance steigern.<\/p>\n<p>Die Referentin Carolin Friedrich, Gesch\u00e4ftsf\u00fchrerin der Stakeholder Reporting GmbH ist Expertin f\u00fcr Nachhaltigkeitskommunikation und beherrscht das ganze Spektrum des Stakeholder-Managements.<\/p>\n<p>In dieser Masterclass lernen Sie, wie Sie in der proaktiven Zusammenarbeit mit den Stakeholdern entlang Ihrer Wertsch\u00f6pfungskette Ihr nachhaltiges Wirtschaften f\u00f6rdern und Wettbewerbsvorteile nutzen k\u00f6nnen.<\/p>\n<p>Stellen Sie in Q&amp;A-Sessions dem Speaker Ihre Fragen.<\/p>\n<ul>\n<li>Sie erhalten einen \u00dcberblick \u00fcber die wesentlichen Begriffe und Methodiken<\/li>\n<li>Sie lernen die Vorteile eines Stakeholder-Engagement f\u00fcr Ihre Klimaschutz- und Nachhaltigkeits-Kommunikation kennen<\/li>\n<li>Sie erfahren, wer Ihre wichtigsten Stakeholder sind (Stakeholder Mapping).<\/li>\n<li>Sie identifizieren die <strong>Erwartungen<\/strong> Ihrer <strong>Stakeholder <\/strong>bez\u00fcglich ihrer Nachhaltigkeitsaktivit\u00e4ten (Wesentlichkeitsanalyse)<\/li>\n<li>Sie kennen die verschiedenen Formate f\u00fcr die Interaktion mit Ihren jeweiligen Stakeholder-Gruppen.<\/li>\n<\/ul>\n<\/div><\/section>\n<\/div><\/div><\/div><!-- close content main div --><\/div><\/div><div id='speaker'  class='avia-section av-aw1ni-272c4fcaf4461384e5bd97d489141639 main_color avia-section-default avia-no-border-styling  avia-builder-el-10  el_after_av_textblock  el_before_av_section  avia-bg-style-scroll container_wrap fullsize'  ><div class='container av-section-cont-open' ><div class='template-page content  av-content-full alpha units'><div class='post-entry post-entry-type-page post-entry-3200'><div class='entry-content-wrapper clearfix'>\n\n<style type=\"text\/css\" data-created_by=\"avia_inline_auto\" id=\"style-css-av-lcpa6ug8-fc10dbe08c2f0226176ba520a45aebf8\">\n#top .av-special-heading.av-lcpa6ug8-fc10dbe08c2f0226176ba520a45aebf8{\npadding-bottom:10px;\n}\nbody .av-special-heading.av-lcpa6ug8-fc10dbe08c2f0226176ba520a45aebf8 .av-special-heading-tag .heading-char{\nfont-size:25px;\n}\n.av-special-heading.av-lcpa6ug8-fc10dbe08c2f0226176ba520a45aebf8 .av-subheading{\nfont-size:15px;\n}\n<\/style>\n<div  class='av-special-heading av-lcpa6ug8-fc10dbe08c2f0226176ba520a45aebf8 av-special-heading-h3 blockquote modern-quote  avia-builder-el-11  el_before_av_one_full  avia-builder-el-first '><h3 class='av-special-heading-tag '  itemprop=\"headline\"  >Speaker:<\/h3><div class=\"special-heading-border\"><div class=\"special-heading-inner-border\"><\/div><\/div><\/div>\n<div  class='flex_column av-26c8ry-a75f361887256d35de2a7cef1c1bd3db av_one_full  avia-builder-el-12  el_after_av_heading  el_before_av_one_third  first flex_column_div  '     ><\/div><div  class='flex_column av-2n0t5a-cdbd045f1b80bd9da28e9583bee563bd av_one_third  avia-builder-el-13  el_after_av_one_full  el_before_av_one_third  first flex_column_div  column-top-margin'     ><p>\n<style type=\"text\/css\" data-created_by=\"avia_inline_auto\" id=\"style-css-av-ld040b4o-f8e46db2b0e07a65d5716d3f3efbdb6a\">\n#top #wrap_all .avia-team-member.av-ld040b4o-f8e46db2b0e07a65d5716d3f3efbdb6a .team-member-name{\ncolor:#55b464;\n}\n.avia-team-member.av-ld040b4o-f8e46db2b0e07a65d5716d3f3efbdb6a .team-member-job-title{\ncolor:#55b464;\n}\n<\/style>\n<section  class='avia-team-member av-ld040b4o-f8e46db2b0e07a65d5716d3f3efbdb6a  avia-builder-el-14  el_before_av_toggle_container  avia-builder-el-first '  itemscope=\"itemscope\" itemtype=\"https:\/\/schema.org\/Person\" ><div class=\"team-img-container\"><img decoding=\"async\" fetchpriority=\"high\" class='wp-image-3208 avia-img-lazy-loading-not-3208 avia_image avia_image_team' src=\"https:\/\/dfvcg-events.de\/green-works\/wp-content\/uploads\/sites\/47\/2023\/10\/Caroline_Friedrich_WEB.jpg\" alt='Carolin Friedrich'  itemprop=\"image\"   height=\"800\" width=\"600\" \/><\/div><h3 class='team-member-name '  itemprop=\"name\" >Carolin Friedrich<\/h3><div class='team-member-job-title av_opacity_variation'  itemprop=\"jobTitle\" >Gesch\u00e4ftsf\u00fchrerin der Stakeholder Reporting GmbH part of Mazars<\/div><span class='hidden team-member-affiliation'  itemprop=\"affiliation\" >GREEN.WORKS Academy<\/span><\/section><br \/>\n<div  class='togglecontainer av-ld4actsg-dd418cabfc80656be3a7051ca48f0b2e  avia-builder-el-15  el_after_av_team_member  avia-builder-el-last  toggle_close_all' >\n<section class='av_toggle_section av-ld4act69-c13a00d05adee642e2f082057eb5e8df'  itemscope=\"itemscope\" itemtype=\"https:\/\/schema.org\/BlogPosting\" itemprop=\"blogPost\" ><div role=\"tablist\" class=\"single_toggle\" data-tags=\"{Alle} \"  ><p id='toggle-toggle-id-1' data-fake-id='#toggle-id-1' class='toggler  av-title-above '  itemprop=\"headline\"  role='tab' tabindex='0' aria-controls='toggle-id-1' data-slide-speed=\"200\" data-title=\"Info\" data-title-open=\"\" data-aria_collapsed=\"Click to expand: Info\" data-aria_expanded=\"Click to collapse: Info\">Info<span class=\"toggle_icon\"><span class=\"vert_icon\"><\/span><span class=\"hor_icon\"><\/span><\/span><\/p><div id='toggle-id-1' aria-labelledby='toggle-toggle-id-1' role='region' class='toggle_wrap  av-title-above'  ><div class='toggle_content invers-color '  itemprop=\"text\" ><p>Carolin Friedrich ist Unternehmensberaterin und Wirtschaftsmediatorin. Sie geh\u00f6rt seit der Gr\u00fcndung von Stakeholder Reporting zum Team und hat die Unternehmensentwicklung mitgepr\u00e4gt. Sie beherrscht das ganze Spektrum an Beratungsleistungen von der Berichterstattung \u00fcber die Strategieberatung bis zum Stakeholder-Dialog. Seit 2021 ist sie Gesch\u00e4ftsf\u00fchrerin bei Stakeholder Reporting, die seit Anfang 2023 Teil der Pr\u00fcfungs- und Beratungsgesellschaft Mazars ist.<\/p>\n<\/div><\/div><\/div><\/section>\n<\/div><\/p><\/div><div  class='flex_column av-47u7ho-bd931291cdbbf7b330d2c44aa0a1108f av_one_third  avia-builder-el-16  el_after_av_one_third  avia-builder-el-last  flex_column_div  column-top-margin'     ><p>\n<style type=\"text\/css\" data-created_by=\"avia_inline_auto\" id=\"style-css-av-8z8vw-37a8422d5aaed29d8ea94f34c93f0bce\">\n#top #wrap_all .avia-team-member.av-8z8vw-37a8422d5aaed29d8ea94f34c93f0bce .team-member-name{\ncolor:#55b464;\n}\n.avia-team-member.av-8z8vw-37a8422d5aaed29d8ea94f34c93f0bce .team-member-job-title{\ncolor:#55b464;\n}\n<\/style>\n<section  class='avia-team-member av-8z8vw-37a8422d5aaed29d8ea94f34c93f0bce  avia-builder-el-17  el_before_av_toggle_container  avia-builder-el-first '  itemscope=\"itemscope\" itemtype=\"https:\/\/schema.org\/Person\" ><div class=\"team-img-container\"><img decoding=\"async\" fetchpriority=\"high\" class='wp-image-2545 avia-img-lazy-loading-not-2545 avia_image avia_image_team' src=\"https:\/\/dfvcg-events.de\/green-works\/wp-content\/uploads\/sites\/47\/2023\/06\/Daniel_Baumann_WEB.jpg\" alt='Daniel Baumann'  itemprop=\"image\"   height=\"799\" width=\"600\" \/><\/div><h3 class='team-member-name '  itemprop=\"name\" >Daniel Baumann<\/h3><div class='team-member-job-title av_opacity_variation'  itemprop=\"jobTitle\" >Editorial Director Green Transformation der dfv Mediengruppe<\/div><span class='hidden team-member-affiliation'  itemprop=\"affiliation\" >GREEN.WORKS Academy<\/span><\/section><br \/>\n<div  class='togglecontainer av-llgj9g2a-bd070074ce0267f6786eaf82f478cc96  avia-builder-el-18  el_after_av_team_member  avia-builder-el-last  toggle_close_all' >\n<section class='av_toggle_section av-llgj9fay-a9c0f26a4d83a8c61af08eadcacabaf5'  itemscope=\"itemscope\" itemtype=\"https:\/\/schema.org\/BlogPosting\" itemprop=\"blogPost\" ><div role=\"tablist\" class=\"single_toggle\" data-tags=\"{Alle} \"  ><p id='toggle-toggle-id-2' data-fake-id='#toggle-id-2' class='toggler  av-title-above '  itemprop=\"headline\"  role='tab' tabindex='0' aria-controls='toggle-id-2' data-slide-speed=\"200\" data-title=\"Info\" data-title-open=\"\" data-aria_collapsed=\"Click to expand: Info\" data-aria_expanded=\"Click to collapse: Info\">Info<span class=\"toggle_icon\"><span class=\"vert_icon\"><\/span><span class=\"hor_icon\"><\/span><\/span><\/p><div id='toggle-id-2' aria-labelledby='toggle-toggle-id-2' role='region' class='toggle_wrap  av-title-above'  ><div class='toggle_content invers-color '  itemprop=\"text\" ><p>Daniel Baumann ist Editorial\u00a0Director\u00a0Green Transformation der\u00a0dfv\u00a0Mediengruppe. F\u00fcr das Medienhaus baut er titel\u00fcbergreifend das Informationsangebot zum unternehmerischen Klimaschutz auf. Zuvor\u00a0war er Wirtschafts- und Innovationschef einer \u00fcberregionalen Tageszeitung und arbeitete als Wirtschaftsautor\u00a0in Berlin.\u00a0Baumann\u00a0ist Autor des Einsteiger-Guides \u201eUnternehmerischen Klimaschutz verstehen &amp; managen\u201c und\u00a0hat den Klimadienstleister-Guide recherchiert, die umfassendste \u00dcbersicht \u00fcber\u00a0die Carbon Management-Branche in Deutschland.<\/p>\n<\/div><\/div><\/div><\/section>\n<\/div><\/p><\/div>\n\n<\/div><\/div><\/div><!-- close content main div --><\/div><\/div><div id='anmelden'  class='avia-section av-lcpaks45-e0d0b1274aff4068ab622da52516c8e9 main_color avia-section-default avia-no-shadow  avia-builder-el-19  el_after_av_section  el_before_av_one_half  avia-bg-style-scroll container_wrap fullsize'  ><div class='container av-section-cont-open' ><div class='template-page content  av-content-full alpha units'><div class='post-entry post-entry-type-page post-entry-3200'><div class='entry-content-wrapper clearfix'>\n\n<style type=\"text\/css\" data-created_by=\"avia_inline_auto\" id=\"style-css-av-lcpal8j3-d9a863ecc4c21812ebbd0826c7647199\">\n#top .av-special-heading.av-lcpal8j3-d9a863ecc4c21812ebbd0826c7647199{\npadding-bottom:10px;\n}\nbody .av-special-heading.av-lcpal8j3-d9a863ecc4c21812ebbd0826c7647199 .av-special-heading-tag .heading-char{\nfont-size:25px;\n}\n.av-special-heading.av-lcpal8j3-d9a863ecc4c21812ebbd0826c7647199 .av-subheading{\nfont-size:15px;\n}\n<\/style>\n<div  class='av-special-heading av-lcpal8j3-d9a863ecc4c21812ebbd0826c7647199 av-special-heading-h3 blockquote modern-quote  avia-builder-el-20  el_before_av_codeblock  avia-builder-el-first '><h3 class='av-special-heading-tag '  itemprop=\"headline\"  >Jetzt anmelden<\/h3><div class=\"special-heading-border\"><div class=\"special-heading-inner-border\"><\/div><\/div><\/div>\n\n<\/div><\/div><\/div><!-- close content main div --><\/div><\/div><div id='after_section_4'  class='main_color av_default_container_wrap container_wrap fullsize'  ><div class='container av-section-cont-open' ><div class='template-page content  av-content-full alpha units'><div class='post-entry post-entry-type-page post-entry-3200'><div class='entry-content-wrapper clearfix'>\n<div  class='flex_column av-4r8jrk-ece52cd9b3a141dc1f94292c210e8d2c av_one_half  avia-builder-el-22  el_after_av_section  el_before_av_one_half  avia-builder-el-first  first flex_column_div  '     ><\/div>\n<div  class='flex_column av-2wii00-30c91e45b362874bbdd53a0c5a5fcd1d av_one_half  avia-builder-el-23  el_after_av_one_half  avia-builder-el-last  flex_column_div  '     ><\/div>\n","protected":false},"excerpt":{"rendered":"<p>14.03.2024 | 11:00 \u2013 12:00 Uhr | Free<\/p>\n","protected":false},"author":10,"featured_media":3202,"comment_status":"closed","ping_status":"closed","sticky":false,"template":"","format":"standard","meta":{"footnotes":""},"categories":[53],"tags":[],"class_list":["post-3200","post","type-post","status-publish","format-standard","has-post-thumbnail","hentry","category-archiv"],"yoast_head":"<!-- This site is optimized with the Yoast SEO plugin v27.4 - https:\/\/yoast.com\/product\/yoast-seo-wordpress\/ -->\n<title>Stakeholder-Engagement zwischen Regulierung und Wettbewerbsvorteil | GREEN.WORKS Academy<\/title>\n<meta name=\"description\" content=\"GREEN.WORKS Academy | Aussteller &amp; Sponsoren: Stakeholder-Engagement zwischen Regulierung und Wettbewerbsvorteil\" \/>\n<meta name=\"robots\" content=\"index, follow, max-snippet:-1, max-image-preview:large, max-video-preview:-1\" \/>\n<link rel=\"canonical\" href=\"https:\/\/dfvcg-events.de\/green-works\/stakeholder-engagement\/\" \/>\n<meta property=\"og:locale\" content=\"de_DE\" \/>\n<meta property=\"og:type\" content=\"article\" \/>\n<meta property=\"og:title\" content=\"Stakeholder-Engagement zwischen Regulierung und Wettbewerbsvorteil | GREEN.WORKS Academy\" \/>\n<meta property=\"og:description\" content=\"GREEN.WORKS Academy | Aussteller &amp; Sponsoren: Stakeholder-Engagement zwischen Regulierung und Wettbewerbsvorteil\" \/>\n<meta property=\"og:url\" content=\"https:\/\/dfvcg-events.de\/green-works\/stakeholder-engagement\/\" \/>\n<meta property=\"og:site_name\" content=\"GREEN.WORKS Academy\" \/>\n<meta property=\"article:publisher\" content=\"https:\/\/www.facebook.com\/dfvcg.de\/\" \/>\n<meta property=\"article:published_time\" content=\"2023-10-24T08:54:41+00:00\" \/>\n<meta property=\"article:modified_time\" content=\"2024-03-18T15:04:45+00:00\" \/>\n<meta property=\"og:image\" content=\"https:\/\/dfvcg-events.de\/green-works\/wp-content\/uploads\/sites\/47\/2023\/10\/GW_AK_VISUAL_MCs-230925.jpg\" \/>\n\t<meta property=\"og:image:width\" content=\"1200\" \/>\n\t<meta property=\"og:image:height\" content=\"1200\" \/>\n\t<meta property=\"og:image:type\" content=\"image\/jpeg\" \/>\n<meta name=\"author\" content=\"hartmann\" \/>\n<meta name=\"twitter:card\" content=\"summary_large_image\" \/>\n<meta name=\"twitter:creator\" content=\"@dfvcg_\" \/>\n<meta name=\"twitter:site\" content=\"@dfvcg_\" \/>\n<meta name=\"twitter:label1\" content=\"Geschrieben von\" \/>\n\t<meta name=\"twitter:data1\" content=\"hartmann\" \/>\n\t<meta name=\"twitter:label2\" content=\"Gesch\u00e4tzte Lesezeit\" \/>\n\t<meta name=\"twitter:data2\" content=\"3\u00a0Minuten\" \/>\n<script type=\"application\/ld+json\" class=\"yoast-schema-graph\">{\"@context\":\"https:\\\/\\\/schema.org\",\"@graph\":[{\"@type\":\"Article\",\"@id\":\"https:\\\/\\\/dfvcg-events.de\\\/green-works\\\/stakeholder-engagement\\\/#article\",\"isPartOf\":{\"@id\":\"https:\\\/\\\/dfvcg-events.de\\\/green-works\\\/stakeholder-engagement\\\/\"},\"author\":{\"name\":\"hartmann\",\"@id\":\"https:\\\/\\\/dfvcg-events.de\\\/green-works\\\/#\\\/schema\\\/person\\\/8a98e40ed96e61aa53aa06c70418cc9f\"},\"headline\":\"Stakeholder-Engagement zwischen Regulierung und Wettbewerbsvorteil\",\"datePublished\":\"2023-10-24T08:54:41+00:00\",\"dateModified\":\"2024-03-18T15:04:45+00:00\",\"mainEntityOfPage\":{\"@id\":\"https:\\\/\\\/dfvcg-events.de\\\/green-works\\\/stakeholder-engagement\\\/\"},\"wordCount\":4349,\"publisher\":{\"@id\":\"https:\\\/\\\/dfvcg-events.de\\\/green-works\\\/#organization\"},\"image\":{\"@id\":\"https:\\\/\\\/dfvcg-events.de\\\/green-works\\\/stakeholder-engagement\\\/#primaryimage\"},\"thumbnailUrl\":\"https:\\\/\\\/dfvcg-events.de\\\/green-works\\\/wp-content\\\/uploads\\\/sites\\\/47\\\/2023\\\/10\\\/GW_AK_VISUAL_MCs-230925.jpg\",\"articleSection\":[\"Archiv\"],\"inLanguage\":\"de\"},{\"@type\":\"WebPage\",\"@id\":\"https:\\\/\\\/dfvcg-events.de\\\/green-works\\\/stakeholder-engagement\\\/\",\"url\":\"https:\\\/\\\/dfvcg-events.de\\\/green-works\\\/stakeholder-engagement\\\/\",\"name\":\"Stakeholder-Engagement zwischen Regulierung und Wettbewerbsvorteil | GREEN.WORKS Academy\",\"isPartOf\":{\"@id\":\"https:\\\/\\\/dfvcg-events.de\\\/green-works\\\/#website\"},\"primaryImageOfPage\":{\"@id\":\"https:\\\/\\\/dfvcg-events.de\\\/green-works\\\/stakeholder-engagement\\\/#primaryimage\"},\"image\":{\"@id\":\"https:\\\/\\\/dfvcg-events.de\\\/green-works\\\/stakeholder-engagement\\\/#primaryimage\"},\"thumbnailUrl\":\"https:\\\/\\\/dfvcg-events.de\\\/green-works\\\/wp-content\\\/uploads\\\/sites\\\/47\\\/2023\\\/10\\\/GW_AK_VISUAL_MCs-230925.jpg\",\"datePublished\":\"2023-10-24T08:54:41+00:00\",\"dateModified\":\"2024-03-18T15:04:45+00:00\",\"description\":\"GREEN.WORKS Academy | Aussteller & Sponsoren: Stakeholder-Engagement zwischen Regulierung und Wettbewerbsvorteil\",\"breadcrumb\":{\"@id\":\"https:\\\/\\\/dfvcg-events.de\\\/green-works\\\/stakeholder-engagement\\\/#breadcrumb\"},\"inLanguage\":\"de\",\"potentialAction\":[{\"@type\":\"ReadAction\",\"target\":[\"https:\\\/\\\/dfvcg-events.de\\\/green-works\\\/stakeholder-engagement\\\/\"]}]},{\"@type\":\"ImageObject\",\"inLanguage\":\"de\",\"@id\":\"https:\\\/\\\/dfvcg-events.de\\\/green-works\\\/stakeholder-engagement\\\/#primaryimage\",\"url\":\"https:\\\/\\\/dfvcg-events.de\\\/green-works\\\/wp-content\\\/uploads\\\/sites\\\/47\\\/2023\\\/10\\\/GW_AK_VISUAL_MCs-230925.jpg\",\"contentUrl\":\"https:\\\/\\\/dfvcg-events.de\\\/green-works\\\/wp-content\\\/uploads\\\/sites\\\/47\\\/2023\\\/10\\\/GW_AK_VISUAL_MCs-230925.jpg\",\"width\":1200,\"height\":1200},{\"@type\":\"BreadcrumbList\",\"@id\":\"https:\\\/\\\/dfvcg-events.de\\\/green-works\\\/stakeholder-engagement\\\/#breadcrumb\",\"itemListElement\":[{\"@type\":\"ListItem\",\"position\":1,\"name\":\"Startseite\",\"item\":\"https:\\\/\\\/dfvcg-events.de\\\/green-works\\\/\"},{\"@type\":\"ListItem\",\"position\":2,\"name\":\"Stakeholder-Engagement zwischen Regulierung und Wettbewerbsvorteil\"}]},{\"@type\":\"WebSite\",\"@id\":\"https:\\\/\\\/dfvcg-events.de\\\/green-works\\\/#website\",\"url\":\"https:\\\/\\\/dfvcg-events.de\\\/green-works\\\/\",\"name\":\"GREEN.WORKS Academy\",\"description\":\"dfv Conference Group\",\"publisher\":{\"@id\":\"https:\\\/\\\/dfvcg-events.de\\\/green-works\\\/#organization\"},\"alternateName\":\"Green Works Academy\",\"potentialAction\":[{\"@type\":\"SearchAction\",\"target\":{\"@type\":\"EntryPoint\",\"urlTemplate\":\"https:\\\/\\\/dfvcg-events.de\\\/green-works\\\/?s={search_term_string}\"},\"query-input\":{\"@type\":\"PropertyValueSpecification\",\"valueRequired\":true,\"valueName\":\"search_term_string\"}}],\"inLanguage\":\"de\"},{\"@type\":\"Organization\",\"@id\":\"https:\\\/\\\/dfvcg-events.de\\\/green-works\\\/#organization\",\"name\":\"GREEN.WORKS Academy\",\"url\":\"https:\\\/\\\/dfvcg-events.de\\\/green-works\\\/\",\"logo\":{\"@type\":\"ImageObject\",\"inLanguage\":\"de\",\"@id\":\"https:\\\/\\\/dfvcg-events.de\\\/green-works\\\/#\\\/schema\\\/logo\\\/image\\\/\",\"url\":\"https:\\\/\\\/dfvcg-events.de\\\/green-works\\\/wp-content\\\/uploads\\\/sites\\\/47\\\/2023\\\/01\\\/GWAcademy_Logo_RGB_RZ.png\",\"contentUrl\":\"https:\\\/\\\/dfvcg-events.de\\\/green-works\\\/wp-content\\\/uploads\\\/sites\\\/47\\\/2023\\\/01\\\/GWAcademy_Logo_RGB_RZ.png\",\"width\":500,\"height\":143,\"caption\":\"GREEN.WORKS Academy\"},\"image\":{\"@id\":\"https:\\\/\\\/dfvcg-events.de\\\/green-works\\\/#\\\/schema\\\/logo\\\/image\\\/\"},\"sameAs\":[\"https:\\\/\\\/www.facebook.com\\\/dfvcg.de\\\/\",\"https:\\\/\\\/x.com\\\/dfvcg_\"]},{\"@type\":\"Person\",\"@id\":\"https:\\\/\\\/dfvcg-events.de\\\/green-works\\\/#\\\/schema\\\/person\\\/8a98e40ed96e61aa53aa06c70418cc9f\",\"name\":\"hartmann\",\"url\":\"https:\\\/\\\/dfvcg-events.de\\\/green-works\\\/author\\\/hartmann\\\/\"}]}<\/script>\n<!-- \/ Yoast SEO plugin. -->","yoast_head_json":{"title":"Stakeholder-Engagement zwischen Regulierung und Wettbewerbsvorteil | GREEN.WORKS Academy","description":"GREEN.WORKS Academy | Aussteller & Sponsoren: Stakeholder-Engagement zwischen Regulierung und Wettbewerbsvorteil","robots":{"index":"index","follow":"follow","max-snippet":"max-snippet:-1","max-image-preview":"max-image-preview:large","max-video-preview":"max-video-preview:-1"},"canonical":"https:\/\/dfvcg-events.de\/green-works\/stakeholder-engagement\/","og_locale":"de_DE","og_type":"article","og_title":"Stakeholder-Engagement zwischen Regulierung und Wettbewerbsvorteil | GREEN.WORKS Academy","og_description":"GREEN.WORKS Academy | Aussteller & Sponsoren: Stakeholder-Engagement zwischen Regulierung und Wettbewerbsvorteil","og_url":"https:\/\/dfvcg-events.de\/green-works\/stakeholder-engagement\/","og_site_name":"GREEN.WORKS Academy","article_publisher":"https:\/\/www.facebook.com\/dfvcg.de\/","article_published_time":"2023-10-24T08:54:41+00:00","article_modified_time":"2024-03-18T15:04:45+00:00","og_image":[{"width":1200,"height":1200,"url":"https:\/\/dfvcg-events.de\/green-works\/wp-content\/uploads\/sites\/47\/2023\/10\/GW_AK_VISUAL_MCs-230925.jpg","type":"image\/jpeg"}],"author":"hartmann","twitter_card":"summary_large_image","twitter_creator":"@dfvcg_","twitter_site":"@dfvcg_","twitter_misc":{"Geschrieben von":"hartmann","Gesch\u00e4tzte Lesezeit":"3\u00a0Minuten"},"schema":{"@context":"https:\/\/schema.org","@graph":[{"@type":"Article","@id":"https:\/\/dfvcg-events.de\/green-works\/stakeholder-engagement\/#article","isPartOf":{"@id":"https:\/\/dfvcg-events.de\/green-works\/stakeholder-engagement\/"},"author":{"name":"hartmann","@id":"https:\/\/dfvcg-events.de\/green-works\/#\/schema\/person\/8a98e40ed96e61aa53aa06c70418cc9f"},"headline":"Stakeholder-Engagement zwischen Regulierung und Wettbewerbsvorteil","datePublished":"2023-10-24T08:54:41+00:00","dateModified":"2024-03-18T15:04:45+00:00","mainEntityOfPage":{"@id":"https:\/\/dfvcg-events.de\/green-works\/stakeholder-engagement\/"},"wordCount":4349,"publisher":{"@id":"https:\/\/dfvcg-events.de\/green-works\/#organization"},"image":{"@id":"https:\/\/dfvcg-events.de\/green-works\/stakeholder-engagement\/#primaryimage"},"thumbnailUrl":"https:\/\/dfvcg-events.de\/green-works\/wp-content\/uploads\/sites\/47\/2023\/10\/GW_AK_VISUAL_MCs-230925.jpg","articleSection":["Archiv"],"inLanguage":"de"},{"@type":"WebPage","@id":"https:\/\/dfvcg-events.de\/green-works\/stakeholder-engagement\/","url":"https:\/\/dfvcg-events.de\/green-works\/stakeholder-engagement\/","name":"Stakeholder-Engagement zwischen Regulierung und Wettbewerbsvorteil | GREEN.WORKS Academy","isPartOf":{"@id":"https:\/\/dfvcg-events.de\/green-works\/#website"},"primaryImageOfPage":{"@id":"https:\/\/dfvcg-events.de\/green-works\/stakeholder-engagement\/#primaryimage"},"image":{"@id":"https:\/\/dfvcg-events.de\/green-works\/stakeholder-engagement\/#primaryimage"},"thumbnailUrl":"https:\/\/dfvcg-events.de\/green-works\/wp-content\/uploads\/sites\/47\/2023\/10\/GW_AK_VISUAL_MCs-230925.jpg","datePublished":"2023-10-24T08:54:41+00:00","dateModified":"2024-03-18T15:04:45+00:00","description":"GREEN.WORKS Academy | Aussteller & Sponsoren: Stakeholder-Engagement zwischen Regulierung und Wettbewerbsvorteil","breadcrumb":{"@id":"https:\/\/dfvcg-events.de\/green-works\/stakeholder-engagement\/#breadcrumb"},"inLanguage":"de","potentialAction":[{"@type":"ReadAction","target":["https:\/\/dfvcg-events.de\/green-works\/stakeholder-engagement\/"]}]},{"@type":"ImageObject","inLanguage":"de","@id":"https:\/\/dfvcg-events.de\/green-works\/stakeholder-engagement\/#primaryimage","url":"https:\/\/dfvcg-events.de\/green-works\/wp-content\/uploads\/sites\/47\/2023\/10\/GW_AK_VISUAL_MCs-230925.jpg","contentUrl":"https:\/\/dfvcg-events.de\/green-works\/wp-content\/uploads\/sites\/47\/2023\/10\/GW_AK_VISUAL_MCs-230925.jpg","width":1200,"height":1200},{"@type":"BreadcrumbList","@id":"https:\/\/dfvcg-events.de\/green-works\/stakeholder-engagement\/#breadcrumb","itemListElement":[{"@type":"ListItem","position":1,"name":"Startseite","item":"https:\/\/dfvcg-events.de\/green-works\/"},{"@type":"ListItem","position":2,"name":"Stakeholder-Engagement zwischen Regulierung und Wettbewerbsvorteil"}]},{"@type":"WebSite","@id":"https:\/\/dfvcg-events.de\/green-works\/#website","url":"https:\/\/dfvcg-events.de\/green-works\/","name":"GREEN.WORKS Academy","description":"dfv Conference Group","publisher":{"@id":"https:\/\/dfvcg-events.de\/green-works\/#organization"},"alternateName":"Green Works Academy","potentialAction":[{"@type":"SearchAction","target":{"@type":"EntryPoint","urlTemplate":"https:\/\/dfvcg-events.de\/green-works\/?s={search_term_string}"},"query-input":{"@type":"PropertyValueSpecification","valueRequired":true,"valueName":"search_term_string"}}],"inLanguage":"de"},{"@type":"Organization","@id":"https:\/\/dfvcg-events.de\/green-works\/#organization","name":"GREEN.WORKS Academy","url":"https:\/\/dfvcg-events.de\/green-works\/","logo":{"@type":"ImageObject","inLanguage":"de","@id":"https:\/\/dfvcg-events.de\/green-works\/#\/schema\/logo\/image\/","url":"https:\/\/dfvcg-events.de\/green-works\/wp-content\/uploads\/sites\/47\/2023\/01\/GWAcademy_Logo_RGB_RZ.png","contentUrl":"https:\/\/dfvcg-events.de\/green-works\/wp-content\/uploads\/sites\/47\/2023\/01\/GWAcademy_Logo_RGB_RZ.png","width":500,"height":143,"caption":"GREEN.WORKS Academy"},"image":{"@id":"https:\/\/dfvcg-events.de\/green-works\/#\/schema\/logo\/image\/"},"sameAs":["https:\/\/www.facebook.com\/dfvcg.de\/","https:\/\/x.com\/dfvcg_"]},{"@type":"Person","@id":"https:\/\/dfvcg-events.de\/green-works\/#\/schema\/person\/8a98e40ed96e61aa53aa06c70418cc9f","name":"hartmann","url":"https:\/\/dfvcg-events.de\/green-works\/author\/hartmann\/"}]}},"_links":{"self":[{"href":"https:\/\/dfvcg-events.de\/green-works\/wp-json\/wp\/v2\/posts\/3200","targetHints":{"allow":["GET"]}}],"collection":[{"href":"https:\/\/dfvcg-events.de\/green-works\/wp-json\/wp\/v2\/posts"}],"about":[{"href":"https:\/\/dfvcg-events.de\/green-works\/wp-json\/wp\/v2\/types\/post"}],"author":[{"embeddable":true,"href":"https:\/\/dfvcg-events.de\/green-works\/wp-json\/wp\/v2\/users\/10"}],"replies":[{"embeddable":true,"href":"https:\/\/dfvcg-events.de\/green-works\/wp-json\/wp\/v2\/comments?post=3200"}],"version-history":[{"count":0,"href":"https:\/\/dfvcg-events.de\/green-works\/wp-json\/wp\/v2\/posts\/3200\/revisions"}],"wp:featuredmedia":[{"embeddable":true,"href":"https:\/\/dfvcg-events.de\/green-works\/wp-json\/wp\/v2\/media\/3202"}],"wp:attachment":[{"href":"https:\/\/dfvcg-events.de\/green-works\/wp-json\/wp\/v2\/media?parent=3200"}],"wp:term":[{"taxonomy":"category","embeddable":true,"href":"https:\/\/dfvcg-events.de\/green-works\/wp-json\/wp\/v2\/categories?post=3200"},{"taxonomy":"post_tag","embeddable":true,"href":"https:\/\/dfvcg-events.de\/green-works\/wp-json\/wp\/v2\/tags?post=3200"}],"curies":[{"name":"wp","href":"https:\/\/api.w.org\/{rel}","templated":true}]}}