{"id":2795,"date":"2023-07-21T15:00:15","date_gmt":"2023-07-21T13:00:15","guid":{"rendered":"https:\/\/dfvcg-events.de\/green-works\/?p=2795"},"modified":"2023-11-16T16:14:14","modified_gmt":"2023-11-16T15:14:14","slug":"nachhaltiges-personal-finden-und-weiterbilden","status":"publish","type":"post","link":"https:\/\/dfvcg-events.de\/green-works\/nachhaltiges-personal-finden-und-weiterbilden\/","title":{"rendered":"Nachhaltiges Personal: Belegschaft qualifizieren, Talente finden"},"content":{"rendered":"<div id='av_section_1'  class='avia-section av-k7yuhjt1-f8125af67fe7e5e3f681af141884b592 main_color avia-section-default avia-no-border-styling  avia-builder-el-0  el_before_av_section  avia-builder-el-first  header-farbe avia-bg-style-scroll container_wrap fullsize'  ><div class='container av-section-cont-open' ><main  role=\"main\" itemprop=\"mainContentOfPage\"  class='template-page content  av-content-full alpha units'><div class='post-entry post-entry-type-page post-entry-2795'><div class='entry-content-wrapper clearfix'>\n\n<style type=\"text\/css\" data-created_by=\"avia_inline_auto\" id=\"style-css-av-kav2wagy-53b31f96abcfc71a5593a1c130258425\">\n#top .av-special-heading.av-kav2wagy-53b31f96abcfc71a5593a1c130258425{\npadding-bottom:0;\n}\nbody .av-special-heading.av-kav2wagy-53b31f96abcfc71a5593a1c130258425 .av-special-heading-tag .heading-char{\nfont-size:25px;\n}\n.av-special-heading.av-kav2wagy-53b31f96abcfc71a5593a1c130258425 .av-subheading{\nfont-size:15px;\n}\n<\/style>\n<div  class='av-special-heading av-kav2wagy-53b31f96abcfc71a5593a1c130258425 av-special-heading-h1 blockquote modern-quote  avia-builder-el-1  avia-builder-el-no-sibling '><div class='av-subheading av-subheading_above'><p>GREEN.WORKS Academy<\/p>\n<\/div><h1 class='av-special-heading-tag '  itemprop=\"headline\"  >Veranstaltung<\/h1><div class=\"special-heading-border\"><div class=\"special-heading-inner-border\"><\/div><\/div><\/div>\n\n<\/div><\/div><\/main><!-- close content main element --><\/div><\/div><div id='av_section_2'  class='avia-section av-22hcxg-d8123392254f516fc6bf2e2a3a1068b1 main_color avia-section-default avia-no-border-styling  avia-builder-el-2  el_after_av_section  el_before_av_textblock  avia-bg-style-scroll container_wrap fullsize'  ><div class='container av-section-cont-open' ><div class='template-page content  av-content-full alpha units'><div class='post-entry post-entry-type-page post-entry-2795'><div class='entry-content-wrapper clearfix'>\n<div class='flex_column_table av-gjtzd-e4bd8c42f090c7e041762bae8c79e747 sc-av_two_third av-equal-height-column-flextable'>\n<style type=\"text\/css\" data-created_by=\"avia_inline_auto\" id=\"style-css-av-gjtzd-e4bd8c42f090c7e041762bae8c79e747\">\n.flex_column.av-gjtzd-e4bd8c42f090c7e041762bae8c79e747{\nborder-radius:0px 0px 0px 0px;\npadding:0px 0px 0px 0px;\n}\n<\/style>\n<div  class='flex_column av-gjtzd-e4bd8c42f090c7e041762bae8c79e747 av_two_third  avia-builder-el-3  el_before_av_one_third  avia-builder-el-first  first flex_column_table_cell av-equal-height-column av-align-middle av-zero-column-padding  '     ><p>\n<style type=\"text\/css\" data-created_by=\"avia_inline_auto\" id=\"style-css-av-kas66l5u-c77604e801b9e7242bdaad43cb00f260\">\n#top .av-special-heading.av-kas66l5u-c77604e801b9e7242bdaad43cb00f260{\npadding-bottom:10px;\n}\nbody .av-special-heading.av-kas66l5u-c77604e801b9e7242bdaad43cb00f260 .av-special-heading-tag .heading-char{\nfont-size:25px;\n}\n.av-special-heading.av-kas66l5u-c77604e801b9e7242bdaad43cb00f260 .av-subheading{\nfont-size:15px;\n}\n<\/style>\n<div  class='av-special-heading av-kas66l5u-c77604e801b9e7242bdaad43cb00f260 av-special-heading-h2 blockquote modern-quote  avia-builder-el-4  el_before_av_button  avia-builder-el-first '><h2 class='av-special-heading-tag '  itemprop=\"headline\"  >Masterclass | Personal f\u00fcr Klimaschutz und Nachhaltigkeit: Belegschaft weiterbilden, Talente finden<\/h2><div class='av-subheading av-subheading_below'><p>26.09.2023 | 10:00 \u2013 11:30 Uhr<\/p>\n<\/div><div class=\"special-heading-border\"><div class=\"special-heading-inner-border\"><\/div><\/div><\/div><br \/>\n<div  class='avia-button-wrap av-ld04dvz7-35d137fc48dd40e75bae760d400414fd-wrap avia-button-left  avia-builder-el-5  el_after_av_heading  el_before_av_textblock '><a href='#anmelden'  class='avia-button av-ld04dvz7-35d137fc48dd40e75bae760d400414fd av-link-btn avia-icon_select-no avia-size-small avia-position-left avia-color-theme-color'   aria-label=\"Jetzt anmelden\"><span class='avia_iconbox_title' >Jetzt anmelden<\/span><\/a><\/div><br \/>\n<section  class='av_textblock_section av-ldbqrlhv-1eb5883741d2e289cde6cd723d3aa6d7 '   itemscope=\"itemscope\" itemtype=\"https:\/\/schema.org\/BlogPosting\" itemprop=\"blogPost\" ><div class='avia_textblock'  itemprop=\"text\" ><p>digitale Veranstaltung<\/p>\n<\/div><\/section><\/p><\/div><div class='av-flex-placeholder'><\/div>\n<style type=\"text\/css\" data-created_by=\"avia_inline_auto\" id=\"style-css-av-7pv81-b49a1e36663b2e8cca8dbc6d7f19f7c7\">\n.flex_column.av-7pv81-b49a1e36663b2e8cca8dbc6d7f19f7c7{\nborder-radius:0px 0px 0px 0px;\npadding:0px 0px 0px 0px;\n}\n<\/style>\n<div  class='flex_column av-7pv81-b49a1e36663b2e8cca8dbc6d7f19f7c7 av_one_third  avia-builder-el-7  el_after_av_two_third  avia-builder-el-last  flex_column_table_cell av-equal-height-column av-align-middle av-zero-column-padding  '     ><style type=\"text\/css\" data-created_by=\"avia_inline_auto\" id=\"style-css-av-k7zan5qj-fd3c15e81a64fa917303e1cc6aa7814e\">\n.avia-image-container.av-k7zan5qj-fd3c15e81a64fa917303e1cc6aa7814e img.avia_image{\nbox-shadow:none;\n}\n.avia-image-container.av-k7zan5qj-fd3c15e81a64fa917303e1cc6aa7814e .av-image-caption-overlay-center{\ncolor:#ffffff;\n}\n<\/style>\n<div  class='avia-image-container av-k7zan5qj-fd3c15e81a64fa917303e1cc6aa7814e av-styling- avia-align-center  avia-builder-el-8  avia-builder-el-no-sibling '   itemprop=\"image\" itemscope=\"itemscope\" itemtype=\"https:\/\/schema.org\/ImageObject\" ><div class=\"avia-image-container-inner\"><div class=\"avia-image-overlay-wrap\"><img decoding=\"async\" fetchpriority=\"high\" class='wp-image-3027 avia-img-lazy-loading-not-3027 avia_image ' src=\"https:\/\/dfvcg-events.de\/green-works\/wp-content\/uploads\/sites\/47\/2023\/07\/GW_AK_VISUAL_MC-Personal-Wagner-230823.jpg\" alt='' title='GW_AK_VISUAL_MC Personal Wagner 230823'  height=\"1200\" width=\"1200\"  itemprop=\"thumbnailUrl\"  \/><\/div><\/div><\/div><\/div><\/div><!--close column table wrapper. Autoclose: 1 -->\n<\/div><\/div><\/div><!-- close content main div --><\/div><\/div><div id='after_section_2'  class='main_color av_default_container_wrap container_wrap fullsize'  ><div class='container av-section-cont-open' ><div class='template-page content  av-content-full alpha units'><div class='post-entry post-entry-type-page post-entry-2795'><div class='entry-content-wrapper clearfix'>\n<section  class='av_textblock_section av-k7zalzjs-dc760954bf3f02b3badd0e6d2cd18c56 '   itemscope=\"itemscope\" itemtype=\"https:\/\/schema.org\/BlogPosting\" itemprop=\"blogPost\" ><div class='avia_textblock'  itemprop=\"text\" ><p>Wer Unternehmen gr\u00fcner, sozialer, verantwortungsvoller machen will, beginnt bei den Mitarbeitern. Sie zu begeistern, fortzubilden und Fortschritte zu messen, geh\u00f6rt ins Pflichtenheft der Personaler.<\/p>\n<p>Nachhaltigkeit und Klimaschutz erfordert neue Skills im Unternehmen, doch Fachkr\u00e4fte mit Nachhaltigkeitsstudium oder \u2013Ausbildung sind rar. Au\u00dferdem m\u00fcssen k\u00fcnftig (fast) alle Besch\u00e4ftigten den Klimaschutz in ihren Handlungen mitdenken.<\/p>\n<p>Die Personalabteilungen stehen deshalb vor der Aufgabe selbst die n\u00f6tigen Qualifikationen f\u00fcr Nachhaltigkeitspersonal zu kennen. Die Herausforderung besteht insbesondere darin das n\u00f6tige Fachpersonal zu finden und auf jeden Fall die eigene Belegschaft weiter zu qualifizieren.<\/p>\n<p><strong><br \/>\n<\/strong>Sie lernen von Fallbeispielen aus einem Konzern und einem Mittelst\u00e4ndler:<\/p>\n<ul>\n<li>welche F\u00e4higkeiten im Bereiche Nachhaltigkeit, Klimaschutz ben\u00f6tigt werden und wie diese vermittelt werden k\u00f6nnen.<\/li>\n<li>wie Sie Personal mit diesen Kenntnissen rekrutieren.<\/li>\n<li>wie Sie Ihre eigenen Mitarbeiter weiterbilden k\u00f6nnen.<\/li>\n<\/ul>\n<p><strong>Die Veranstaltung richtet sich an:<\/strong><\/p>\n<ul>\n<li>Mitglieder der Gesch\u00e4ftsf\u00fchrung<\/li>\n<li>Personalverantwortliche<\/li>\n<li>Nachhaltigkeitsbeauftragte<\/li>\n<\/ul>\n<\/div><\/section>\n<\/div><\/div><\/div><!-- close content main div --><\/div><\/div><div id='av_section_3'  class='avia-section av-aw1ni-dad583943b589042cd8c26cad79afc34 main_color avia-section-default avia-no-border-styling  avia-builder-el-10  el_after_av_textblock  el_before_av_section  avia-bg-style-scroll container_wrap fullsize'  ><div class='container av-section-cont-open' ><div class='template-page content  av-content-full alpha units'><div class='post-entry post-entry-type-page post-entry-2795'><div class='entry-content-wrapper clearfix'>\n\n<style type=\"text\/css\" data-created_by=\"avia_inline_auto\" id=\"style-css-av-lcpa6ug8-fc10dbe08c2f0226176ba520a45aebf8\">\n#top .av-special-heading.av-lcpa6ug8-fc10dbe08c2f0226176ba520a45aebf8{\npadding-bottom:10px;\n}\nbody .av-special-heading.av-lcpa6ug8-fc10dbe08c2f0226176ba520a45aebf8 .av-special-heading-tag .heading-char{\nfont-size:25px;\n}\n.av-special-heading.av-lcpa6ug8-fc10dbe08c2f0226176ba520a45aebf8 .av-subheading{\nfont-size:15px;\n}\n<\/style>\n<div  class='av-special-heading av-lcpa6ug8-fc10dbe08c2f0226176ba520a45aebf8 av-special-heading-h3 blockquote modern-quote  avia-builder-el-11  el_before_av_one_full  avia-builder-el-first '><h3 class='av-special-heading-tag '  itemprop=\"headline\"  >Speaker:<\/h3><div class=\"special-heading-border\"><div class=\"special-heading-inner-border\"><\/div><\/div><\/div>\n<div  class='flex_column av-26c8ry-a75f361887256d35de2a7cef1c1bd3db av_one_full  avia-builder-el-12  el_after_av_heading  el_before_av_one_third  first flex_column_div  '     ><\/div><div  class='flex_column av-2n0t5a-cdbd045f1b80bd9da28e9583bee563bd av_one_third  avia-builder-el-13  el_after_av_one_full  el_before_av_one_third  first flex_column_div  column-top-margin'     ><p>\n<style type=\"text\/css\" data-created_by=\"avia_inline_auto\" id=\"style-css-av-ld040b4o-a3c93fde6f70f811e046fb716dee213d\">\n#top #wrap_all .avia-team-member.av-ld040b4o-a3c93fde6f70f811e046fb716dee213d .team-member-name{\ncolor:#55b464;\n}\n.avia-team-member.av-ld040b4o-a3c93fde6f70f811e046fb716dee213d .team-member-job-title{\ncolor:#55b464;\n}\n<\/style>\n<section  class='avia-team-member av-ld040b4o-a3c93fde6f70f811e046fb716dee213d  avia-builder-el-14  el_before_av_toggle_container  avia-builder-el-first '  itemscope=\"itemscope\" itemtype=\"https:\/\/schema.org\/Person\" ><div class=\"team-img-container\"><img decoding=\"async\" fetchpriority=\"high\" class='wp-image-2798 avia-img-lazy-loading-not-2798 avia_image avia_image_team' src=\"https:\/\/dfvcg-events.de\/green-works\/wp-content\/uploads\/sites\/47\/2023\/07\/Pfennig_Maike_2023_web.jpg\" alt='Maike Pfennig'  itemprop=\"image\"   height=\"800\" width=\"600\" \/><\/div><h3 class='team-member-name '  itemprop=\"name\" >Maike Pfennig<\/h3><div class='team-member-job-title av_opacity_variation'  itemprop=\"jobTitle\" >Senior Vice President Organizational Development &amp; Strategy, Kern-Liebers<\/div><span class='hidden team-member-affiliation'  itemprop=\"affiliation\" >GREEN.WORKS Academy<\/span><\/section><br \/>\n<div  class='togglecontainer av-ld4abqct-774bed6e8b9ffa2ce32c0f6db49f33b0  avia-builder-el-15  el_after_av_team_member  avia-builder-el-last  toggle_close_all' >\n<section class='av_toggle_section av-ld4abot3-e8523ba37b37ff9d768c122260f78527'  itemscope=\"itemscope\" itemtype=\"https:\/\/schema.org\/BlogPosting\" itemprop=\"blogPost\" ><div role=\"tablist\" class=\"single_toggle\" data-tags=\"{Alle} \"  ><p id='toggle-toggle-id-1' data-fake-id='#toggle-id-1' class='toggler  av-title-above '  itemprop=\"headline\"  role='tab' tabindex='0' aria-controls='toggle-id-1' data-slide-speed=\"200\" data-title=\"Info\" data-title-open=\"\" data-aria_collapsed=\"Click to expand: Info\" data-aria_expanded=\"Click to collapse: Info\">Info<span class=\"toggle_icon\"><span class=\"vert_icon\"><\/span><span class=\"hor_icon\"><\/span><\/span><\/p><div id='toggle-id-1' aria-labelledby='toggle-toggle-id-1' role='region' class='toggle_wrap  av-title-above'  ><div class='toggle_content invers-color '  itemprop=\"text\" ><p>In dieser Position verantwortet Maike Pfennig die Bereiche Nachhaltigkeit, Strategie, Unternehmenskommunikation, Revision und das interne Kontrollsystem bei der Kern-Liebers AG, einem internationalen Zulieferer f\u00fcr Systemhersteller der Automobil-, Textil- und Konsumg\u00fcterindustrie. Vorherige Stationen ihrer Karriere in der Firmengruppe waren Referentin der Gesch\u00e4ftsf\u00fchrerin, Positionen im strategischen Projektmanagement und in der Konzernrevision. Erste Berufserfahrungen machte sie im M&amp;A Bereich von KPMG. W\u00e4hrend ihres BA-Studiums International Business sowie MA in Finance &amp; Management absolvierte sie diverse Praktika bei Lidl, Bosch China, und der Daimler AG.<\/p>\n<\/div><\/div><\/div><\/section>\n<\/div><\/p><\/div><div  class='flex_column av-7fh0o4-d5687b2647b0155a5e0357177b2ad985 av_one_third  avia-builder-el-16  el_after_av_one_third  el_before_av_one_third  flex_column_div  column-top-margin'     ><p>\n<style type=\"text\/css\" data-created_by=\"avia_inline_auto\" id=\"style-css-av-5cq9dw-7b89938e58e05820d776889e0a855e16\">\n#top #wrap_all .avia-team-member.av-5cq9dw-7b89938e58e05820d776889e0a855e16 .team-member-name{\ncolor:#55b464;\n}\n.avia-team-member.av-5cq9dw-7b89938e58e05820d776889e0a855e16 .team-member-job-title{\ncolor:#55b464;\n}\n<\/style>\n<section  class='avia-team-member av-5cq9dw-7b89938e58e05820d776889e0a855e16  avia-builder-el-17  el_before_av_toggle_container  avia-builder-el-first '  itemscope=\"itemscope\" itemtype=\"https:\/\/schema.org\/Person\" ><div class=\"team-img-container\"><img decoding=\"async\" fetchpriority=\"high\" class='wp-image-3025 avia-img-lazy-loading-not-3025 avia_image avia_image_team' src=\"https:\/\/dfvcg-events.de\/green-works\/wp-content\/uploads\/sites\/47\/2023\/07\/Wagner_Kerstin_2023_web.jpg\" alt='Kerstin Wagner'  itemprop=\"image\"   height=\"800\" width=\"600\" \/><\/div><h3 class='team-member-name '  itemprop=\"name\" >Kerstin Wagner<\/h3><div class='team-member-job-title av_opacity_variation'  itemprop=\"jobTitle\" >Executive Vice President Talent Acquisition at Deutsche Bahn und Co-Lead Future Lab \"Jobs of the Future\"<\/div><span class='hidden team-member-affiliation'  itemprop=\"affiliation\" >GREEN.WORKS Academy<\/span><\/section><br \/>\n<div  class='togglecontainer av-4vy9k4-f260f5b95b2e52f5f8ae5895be22d498  avia-builder-el-18  el_after_av_team_member  avia-builder-el-last  toggle_close_all' >\n<section class='av_toggle_section av-2kp0bo-7b61252e62ee1d37f51bbf660ed78807'  itemscope=\"itemscope\" itemtype=\"https:\/\/schema.org\/BlogPosting\" itemprop=\"blogPost\" ><div role=\"tablist\" class=\"single_toggle\" data-tags=\"{Alle} \"  ><p id='toggle-toggle-id-2' data-fake-id='#toggle-id-2' class='toggler  av-title-above '  itemprop=\"headline\"  role='tab' tabindex='0' aria-controls='toggle-id-2' data-slide-speed=\"200\" data-title=\"Info\" data-title-open=\"\" data-aria_collapsed=\"Click to expand: Info\" data-aria_expanded=\"Click to collapse: Info\">Info<span class=\"toggle_icon\"><span class=\"vert_icon\"><\/span><span class=\"hor_icon\"><\/span><\/span><\/p><div id='toggle-id-2' aria-labelledby='toggle-toggle-id-2' role='region' class='toggle_wrap  av-title-above'  ><div class='toggle_content invers-color '  itemprop=\"text\" ><p>Bei der Deutschen Bahn AG vereint Kerstin Wagner als Leiterin Personalgewinnung und Mitarbeiterin des Personalvorstands die Themen Employer Branding, Recruiting, globale Governance und Zeitarbeit, um die DB als Top-Arbeitgeberin zu positionieren und in den n\u00e4chsten Jahren mit ihrem 1000-k\u00f6pfigen Team 100.000 Mitarbeitende zu gewinnen. Nach dem BWL- und MBA-Studium stieg Kerstin Wagner bei Siemens ein, wo sie verschiedene HR-Funktionen aus\u00fcbte. Frau Wagner ist Mitglied in verschiedenen Aufsichtsr\u00e4ten und Vorsitzende des Fachkuratoriums der Deutsche Bahn Stiftung. Sie engagiert sich f\u00fcr Themen rund um New Work, Innovationen und Diversity. In 2019 wurde Kerstin Wagner vom Personalmagazin zu einem der 40 f\u00fchrenden HR-K\u00f6pfe gew\u00e4hlt und in 2021 von Focus zu den 100 Frauen des Jahres.<\/p>\n<\/div><\/div><\/div><\/section>\n<\/div><\/p><\/div><div  class='flex_column av-2ff4wr-3659abd6b3555e924107fba0f2cf1083 av_one_third  avia-builder-el-19  el_after_av_one_third  avia-builder-el-last  flex_column_div  column-top-margin'     ><p>\n<style type=\"text\/css\" data-created_by=\"avia_inline_auto\" id=\"style-css-av-lkb7xamc-d73d14f487201dce5de050834a6f719e\">\n#top #wrap_all .avia-team-member.av-lkb7xamc-d73d14f487201dce5de050834a6f719e .team-member-name{\ncolor:#55b464;\n}\n.avia-team-member.av-lkb7xamc-d73d14f487201dce5de050834a6f719e .team-member-job-title{\ncolor:#55b464;\n}\n<\/style>\n<section  class='avia-team-member av-lkb7xamc-d73d14f487201dce5de050834a6f719e  avia-builder-el-20  el_before_av_toggle_container  avia-builder-el-first '  itemscope=\"itemscope\" itemtype=\"https:\/\/schema.org\/Person\" ><div class=\"team-img-container\"><img decoding=\"async\" fetchpriority=\"high\" class='wp-image-2800 avia-img-lazy-loading-not-2800 avia_image avia_image_team' src=\"https:\/\/dfvcg-events.de\/green-works\/wp-content\/uploads\/sites\/47\/2023\/07\/Leibfried_Alexandra_web.jpg\" alt='Alexandra Leibfried'  itemprop=\"image\"   height=\"800\" width=\"600\" \/><\/div><h3 class='team-member-name '  itemprop=\"name\" >Alexandra Leibfried<\/h3><div class='team-member-job-title av_opacity_variation'  itemprop=\"jobTitle\" >Redaktionsleitung der Career Pioneer<\/div><span class='hidden team-member-affiliation'  itemprop=\"affiliation\" >GREEN.WORKS Academy<\/span><\/section><br \/>\n<div  class='togglecontainer av-lkb7xnuz-25274b8aa7729a5e65229736373bc9ca  avia-builder-el-21  el_after_av_team_member  avia-builder-el-last  toggle_close_all' >\n<section class='av_toggle_section av-lkb7xmvs-0cc4d9af5846d86965e8334af8498cdc'  itemscope=\"itemscope\" itemtype=\"https:\/\/schema.org\/BlogPosting\" itemprop=\"blogPost\" ><div role=\"tablist\" class=\"single_toggle\" data-tags=\"{Alle} \"  ><p id='toggle-toggle-id-3' data-fake-id='#toggle-id-3' class='toggler  av-title-above '  itemprop=\"headline\"  role='tab' tabindex='0' aria-controls='toggle-id-3' data-slide-speed=\"200\" data-title=\"Info\" data-title-open=\"\" data-aria_collapsed=\"Click to expand: Info\" data-aria_expanded=\"Click to collapse: Info\">Info<span class=\"toggle_icon\"><span class=\"vert_icon\"><\/span><span class=\"hor_icon\"><\/span><\/span><\/p><div id='toggle-id-3' aria-labelledby='toggle-toggle-id-3' role='region' class='toggle_wrap  av-title-above'  ><div class='toggle_content invers-color '  itemprop=\"text\" ><p>Alexandra Leibfried hat nach der Ausbildung zur Touristikfachfrau Politologie und Literaturwissenschaften in M\u00fcnchen und Italien studiert. Nach ihrem Magisterabschluss schrieb sie f\u00fcr verschiedene Tageszeitungen, unter anderem in Br\u00fcssel. Freiberuflich arbeitete sie mit PR-Agenturen zusammen, \u00fcbersetzte Texte und war als Dolmetscherin t\u00e4tig. Von 2007 bis 2021 arbeitete sie in der ahgz-Redaktion, seit April 2022 ist sie als Redaktionsleitung bei Career Pioneer in Wiesbaden t\u00e4tig, einem Unternehmen der dfv Mediengruppe. Ihr Hauptfokus liegt auf Job- und Karrierethemen, sie arbeitet dabei mit verschiedenen gro\u00dfen B2B-Medienmarken wie der HORIZONT, ahgz, fvw und auch GREEN WORKS zusammen.<\/p>\n<\/div><\/div><\/div><\/section>\n<\/div><\/p><\/div>\n\n<\/div><\/div><\/div><!-- close content main div --><\/div><\/div><div id='anmelden'  class='avia-section av-lcpaks45-dc8a103b8f1fd290a14817fb5d59db11 main_color avia-section-default avia-no-shadow  avia-builder-el-22  el_after_av_section  el_before_av_section  avia-bg-style-scroll container_wrap fullsize'  ><div class='container av-section-cont-open' ><div class='template-page content  av-content-full alpha units'><div class='post-entry post-entry-type-page post-entry-2795'><div class='entry-content-wrapper clearfix'>\n\n<style type=\"text\/css\" data-created_by=\"avia_inline_auto\" id=\"style-css-av-lcpal8j3-d9a863ecc4c21812ebbd0826c7647199\">\n#top .av-special-heading.av-lcpal8j3-d9a863ecc4c21812ebbd0826c7647199{\npadding-bottom:10px;\n}\nbody .av-special-heading.av-lcpal8j3-d9a863ecc4c21812ebbd0826c7647199 .av-special-heading-tag .heading-char{\nfont-size:25px;\n}\n.av-special-heading.av-lcpal8j3-d9a863ecc4c21812ebbd0826c7647199 .av-subheading{\nfont-size:15px;\n}\n<\/style>\n<div  class='av-special-heading av-lcpal8j3-d9a863ecc4c21812ebbd0826c7647199 av-special-heading-h3 blockquote modern-quote  avia-builder-el-23  el_before_av_codeblock  avia-builder-el-first '><h3 class='av-special-heading-tag '  itemprop=\"headline\"  >Jetzt anmelden<\/h3><div class=\"special-heading-border\"><div class=\"special-heading-inner-border\"><\/div><\/div><\/div>\n\n\n<\/div><\/div><\/div><!-- close content main div --><\/div><\/div><div id='av_section_5'  class='avia-section av-5pm3x7-e9e76c9b03ef288ed46b5d7ebf85b4b2 main_color avia-section-default avia-no-shadow  avia-builder-el-25  el_after_av_section  avia-builder-el-last  avia-bg-style-scroll container_wrap fullsize'  ><div class='container av-section-cont-open' ><div class='template-page content  av-content-full alpha units'><div class='post-entry post-entry-type-page post-entry-2795'><div class='entry-content-wrapper clearfix'>\n<div  class='flex_column av-3s3jbv-957d876a7e43aba2850a3f33bb26da3d av_one_third  avia-builder-el-26  el_before_av_one_fourth  avia-builder-el-first  first flex_column_div  '     ><style type=\"text\/css\" data-created_by=\"avia_inline_auto\" id=\"style-css-av-lkmdlu4x-8d374e87655dc1e2f294b6143629996a\">\n#top .av-special-heading.av-lkmdlu4x-8d374e87655dc1e2f294b6143629996a{\npadding-bottom:10px;\n}\nbody .av-special-heading.av-lkmdlu4x-8d374e87655dc1e2f294b6143629996a .av-special-heading-tag .heading-char{\nfont-size:25px;\n}\n.av-special-heading.av-lkmdlu4x-8d374e87655dc1e2f294b6143629996a .av-subheading{\nfont-size:15px;\n}\n<\/style>\n<div  class='av-special-heading av-lkmdlu4x-8d374e87655dc1e2f294b6143629996a av-special-heading-h3 blockquote modern-quote  avia-builder-el-27  avia-builder-el-no-sibling '><h3 class='av-special-heading-tag '  itemprop=\"headline\"  >In Kooperation mit: <\/h3><div class=\"special-heading-border\"><div class=\"special-heading-inner-border\"><\/div><\/div><\/div><\/div><div  class='flex_column av-36i57v-58c53991665995c286a1031a9ad20d0f av_one_fourth  avia-builder-el-28  el_after_av_one_third  avia-builder-el-last  flex_column_div  '     ><style type=\"text\/css\" data-created_by=\"avia_inline_auto\" id=\"style-css-av-lkmdpjob-2edd86c1d6e7cb1f0f780bc9a7d0dccb\">\n.avia-image-container.av-lkmdpjob-2edd86c1d6e7cb1f0f780bc9a7d0dccb img.avia_image{\nbox-shadow:none;\n}\n.avia-image-container.av-lkmdpjob-2edd86c1d6e7cb1f0f780bc9a7d0dccb .av-image-caption-overlay-center{\ncolor:#ffffff;\n}\n<\/style>\n<div  class='avia-image-container av-lkmdpjob-2edd86c1d6e7cb1f0f780bc9a7d0dccb av-styling- av-img-linked avia-align-center  avia-builder-el-29  avia-builder-el-no-sibling '   itemprop=\"image\" itemscope=\"itemscope\" itemtype=\"https:\/\/schema.org\/ImageObject\" ><div class=\"avia-image-container-inner\"><div class=\"avia-image-overlay-wrap\"><a href=\"https:\/\/cp.jobs\/\" class='avia_image '  target=\"_blank\"  rel=\"noopener noreferrer\" aria-label='career_pioneer_web'><img decoding=\"async\" fetchpriority=\"high\" class='wp-image-2875 avia-img-lazy-loading-not-2875 avia_image ' src=\"https:\/\/dfvcg-events.de\/green-works\/wp-content\/uploads\/sites\/47\/2023\/07\/career_pioneer_web.jpg\" alt='' title='career_pioneer_web'  height=\"600\" width=\"800\"  itemprop=\"thumbnailUrl\"  \/><\/a><\/div><\/div><\/div><\/div>\n\n","protected":false},"excerpt":{"rendered":"<p>26.9.2023 | 10:00 \u2013 11:30 Uhr | Free<\/p>\n","protected":false},"author":10,"featured_media":3027,"comment_status":"closed","ping_status":"closed","sticky":false,"template":"","format":"standard","meta":{"footnotes":""},"categories":[53],"tags":[],"class_list":["post-2795","post","type-post","status-publish","format-standard","has-post-thumbnail","hentry","category-archiv"],"yoast_head":"<!-- This site is optimized with the Yoast SEO plugin v27.4 - https:\/\/yoast.com\/product\/yoast-seo-wordpress\/ -->\n<title>Nachhaltiges Personal: Belegschaft qualifizieren, Talente finden | GREEN.WORKS Academy<\/title>\n<meta name=\"description\" content=\"GREEN.WORKS Academy | Aussteller &amp; Sponsoren: Nachhaltiges Personal: Belegschaft qualifizieren, Talente finden\" \/>\n<meta name=\"robots\" content=\"index, follow, max-snippet:-1, max-image-preview:large, max-video-preview:-1\" \/>\n<link rel=\"canonical\" href=\"https:\/\/dfvcg-events.de\/green-works\/nachhaltiges-personal-finden-und-weiterbilden\/\" \/>\n<meta property=\"og:locale\" content=\"de_DE\" \/>\n<meta property=\"og:type\" content=\"article\" \/>\n<meta property=\"og:title\" content=\"Nachhaltiges Personal: Belegschaft qualifizieren, Talente finden | GREEN.WORKS Academy\" \/>\n<meta property=\"og:description\" content=\"GREEN.WORKS Academy | Aussteller &amp; Sponsoren: Nachhaltiges Personal: Belegschaft qualifizieren, Talente finden\" \/>\n<meta property=\"og:url\" content=\"https:\/\/dfvcg-events.de\/green-works\/nachhaltiges-personal-finden-und-weiterbilden\/\" \/>\n<meta property=\"og:site_name\" content=\"GREEN.WORKS Academy\" \/>\n<meta property=\"article:publisher\" content=\"https:\/\/www.facebook.com\/dfvcg.de\/\" \/>\n<meta property=\"article:published_time\" content=\"2023-07-21T13:00:15+00:00\" \/>\n<meta property=\"article:modified_time\" content=\"2023-11-16T15:14:14+00:00\" \/>\n<meta property=\"og:image\" content=\"https:\/\/dfvcg-events.de\/green-works\/wp-content\/uploads\/sites\/47\/2023\/07\/GW_AK_VISUAL_MC-Personal-Wagner-230823.jpg\" \/>\n\t<meta property=\"og:image:width\" content=\"1200\" \/>\n\t<meta property=\"og:image:height\" content=\"1200\" \/>\n\t<meta property=\"og:image:type\" content=\"image\/jpeg\" \/>\n<meta name=\"author\" content=\"hartmann\" \/>\n<meta name=\"twitter:card\" content=\"summary_large_image\" \/>\n<meta name=\"twitter:creator\" content=\"@dfvcg_\" \/>\n<meta name=\"twitter:site\" content=\"@dfvcg_\" \/>\n<meta name=\"twitter:label1\" content=\"Geschrieben von\" \/>\n\t<meta name=\"twitter:data1\" content=\"hartmann\" \/>\n\t<meta name=\"twitter:label2\" content=\"Gesch\u00e4tzte Lesezeit\" \/>\n\t<meta name=\"twitter:data2\" content=\"14\u00a0Minuten\" \/>\n<script type=\"application\/ld+json\" class=\"yoast-schema-graph\">{\"@context\":\"https:\\\/\\\/schema.org\",\"@graph\":[{\"@type\":\"Article\",\"@id\":\"https:\\\/\\\/dfvcg-events.de\\\/green-works\\\/nachhaltiges-personal-finden-und-weiterbilden\\\/#article\",\"isPartOf\":{\"@id\":\"https:\\\/\\\/dfvcg-events.de\\\/green-works\\\/nachhaltiges-personal-finden-und-weiterbilden\\\/\"},\"author\":{\"name\":\"hartmann\",\"@id\":\"https:\\\/\\\/dfvcg-events.de\\\/green-works\\\/#\\\/schema\\\/person\\\/8a98e40ed96e61aa53aa06c70418cc9f\"},\"headline\":\"Nachhaltiges Personal: Belegschaft qualifizieren, Talente finden\",\"datePublished\":\"2023-07-21T13:00:15+00:00\",\"dateModified\":\"2023-11-16T15:14:14+00:00\",\"mainEntityOfPage\":{\"@id\":\"https:\\\/\\\/dfvcg-events.de\\\/green-works\\\/nachhaltiges-personal-finden-und-weiterbilden\\\/\"},\"wordCount\":5610,\"publisher\":{\"@id\":\"https:\\\/\\\/dfvcg-events.de\\\/green-works\\\/#organization\"},\"image\":{\"@id\":\"https:\\\/\\\/dfvcg-events.de\\\/green-works\\\/nachhaltiges-personal-finden-und-weiterbilden\\\/#primaryimage\"},\"thumbnailUrl\":\"https:\\\/\\\/dfvcg-events.de\\\/green-works\\\/wp-content\\\/uploads\\\/sites\\\/47\\\/2023\\\/07\\\/GW_AK_VISUAL_MC-Personal-Wagner-230823.jpg\",\"articleSection\":[\"Archiv\"],\"inLanguage\":\"de\"},{\"@type\":\"WebPage\",\"@id\":\"https:\\\/\\\/dfvcg-events.de\\\/green-works\\\/nachhaltiges-personal-finden-und-weiterbilden\\\/\",\"url\":\"https:\\\/\\\/dfvcg-events.de\\\/green-works\\\/nachhaltiges-personal-finden-und-weiterbilden\\\/\",\"name\":\"Nachhaltiges Personal: Belegschaft qualifizieren, Talente finden | GREEN.WORKS Academy\",\"isPartOf\":{\"@id\":\"https:\\\/\\\/dfvcg-events.de\\\/green-works\\\/#website\"},\"primaryImageOfPage\":{\"@id\":\"https:\\\/\\\/dfvcg-events.de\\\/green-works\\\/nachhaltiges-personal-finden-und-weiterbilden\\\/#primaryimage\"},\"image\":{\"@id\":\"https:\\\/\\\/dfvcg-events.de\\\/green-works\\\/nachhaltiges-personal-finden-und-weiterbilden\\\/#primaryimage\"},\"thumbnailUrl\":\"https:\\\/\\\/dfvcg-events.de\\\/green-works\\\/wp-content\\\/uploads\\\/sites\\\/47\\\/2023\\\/07\\\/GW_AK_VISUAL_MC-Personal-Wagner-230823.jpg\",\"datePublished\":\"2023-07-21T13:00:15+00:00\",\"dateModified\":\"2023-11-16T15:14:14+00:00\",\"description\":\"GREEN.WORKS Academy | Aussteller & Sponsoren: Nachhaltiges Personal: Belegschaft qualifizieren, Talente finden\",\"breadcrumb\":{\"@id\":\"https:\\\/\\\/dfvcg-events.de\\\/green-works\\\/nachhaltiges-personal-finden-und-weiterbilden\\\/#breadcrumb\"},\"inLanguage\":\"de\",\"potentialAction\":[{\"@type\":\"ReadAction\",\"target\":[\"https:\\\/\\\/dfvcg-events.de\\\/green-works\\\/nachhaltiges-personal-finden-und-weiterbilden\\\/\"]}]},{\"@type\":\"ImageObject\",\"inLanguage\":\"de\",\"@id\":\"https:\\\/\\\/dfvcg-events.de\\\/green-works\\\/nachhaltiges-personal-finden-und-weiterbilden\\\/#primaryimage\",\"url\":\"https:\\\/\\\/dfvcg-events.de\\\/green-works\\\/wp-content\\\/uploads\\\/sites\\\/47\\\/2023\\\/07\\\/GW_AK_VISUAL_MC-Personal-Wagner-230823.jpg\",\"contentUrl\":\"https:\\\/\\\/dfvcg-events.de\\\/green-works\\\/wp-content\\\/uploads\\\/sites\\\/47\\\/2023\\\/07\\\/GW_AK_VISUAL_MC-Personal-Wagner-230823.jpg\",\"width\":1200,\"height\":1200},{\"@type\":\"BreadcrumbList\",\"@id\":\"https:\\\/\\\/dfvcg-events.de\\\/green-works\\\/nachhaltiges-personal-finden-und-weiterbilden\\\/#breadcrumb\",\"itemListElement\":[{\"@type\":\"ListItem\",\"position\":1,\"name\":\"Startseite\",\"item\":\"https:\\\/\\\/dfvcg-events.de\\\/green-works\\\/\"},{\"@type\":\"ListItem\",\"position\":2,\"name\":\"Nachhaltiges Personal: Belegschaft qualifizieren, Talente finden\"}]},{\"@type\":\"WebSite\",\"@id\":\"https:\\\/\\\/dfvcg-events.de\\\/green-works\\\/#website\",\"url\":\"https:\\\/\\\/dfvcg-events.de\\\/green-works\\\/\",\"name\":\"GREEN.WORKS Academy\",\"description\":\"dfv Conference Group\",\"publisher\":{\"@id\":\"https:\\\/\\\/dfvcg-events.de\\\/green-works\\\/#organization\"},\"alternateName\":\"Green Works Academy\",\"potentialAction\":[{\"@type\":\"SearchAction\",\"target\":{\"@type\":\"EntryPoint\",\"urlTemplate\":\"https:\\\/\\\/dfvcg-events.de\\\/green-works\\\/?s={search_term_string}\"},\"query-input\":{\"@type\":\"PropertyValueSpecification\",\"valueRequired\":true,\"valueName\":\"search_term_string\"}}],\"inLanguage\":\"de\"},{\"@type\":\"Organization\",\"@id\":\"https:\\\/\\\/dfvcg-events.de\\\/green-works\\\/#organization\",\"name\":\"GREEN.WORKS Academy\",\"url\":\"https:\\\/\\\/dfvcg-events.de\\\/green-works\\\/\",\"logo\":{\"@type\":\"ImageObject\",\"inLanguage\":\"de\",\"@id\":\"https:\\\/\\\/dfvcg-events.de\\\/green-works\\\/#\\\/schema\\\/logo\\\/image\\\/\",\"url\":\"https:\\\/\\\/dfvcg-events.de\\\/green-works\\\/wp-content\\\/uploads\\\/sites\\\/47\\\/2023\\\/01\\\/GWAcademy_Logo_RGB_RZ.png\",\"contentUrl\":\"https:\\\/\\\/dfvcg-events.de\\\/green-works\\\/wp-content\\\/uploads\\\/sites\\\/47\\\/2023\\\/01\\\/GWAcademy_Logo_RGB_RZ.png\",\"width\":500,\"height\":143,\"caption\":\"GREEN.WORKS Academy\"},\"image\":{\"@id\":\"https:\\\/\\\/dfvcg-events.de\\\/green-works\\\/#\\\/schema\\\/logo\\\/image\\\/\"},\"sameAs\":[\"https:\\\/\\\/www.facebook.com\\\/dfvcg.de\\\/\",\"https:\\\/\\\/x.com\\\/dfvcg_\"]},{\"@type\":\"Person\",\"@id\":\"https:\\\/\\\/dfvcg-events.de\\\/green-works\\\/#\\\/schema\\\/person\\\/8a98e40ed96e61aa53aa06c70418cc9f\",\"name\":\"hartmann\",\"url\":\"https:\\\/\\\/dfvcg-events.de\\\/green-works\\\/author\\\/hartmann\\\/\"}]}<\/script>\n<!-- \/ Yoast SEO plugin. -->","yoast_head_json":{"title":"Nachhaltiges Personal: Belegschaft qualifizieren, Talente finden | GREEN.WORKS Academy","description":"GREEN.WORKS Academy | Aussteller & Sponsoren: Nachhaltiges Personal: Belegschaft qualifizieren, Talente finden","robots":{"index":"index","follow":"follow","max-snippet":"max-snippet:-1","max-image-preview":"max-image-preview:large","max-video-preview":"max-video-preview:-1"},"canonical":"https:\/\/dfvcg-events.de\/green-works\/nachhaltiges-personal-finden-und-weiterbilden\/","og_locale":"de_DE","og_type":"article","og_title":"Nachhaltiges Personal: Belegschaft qualifizieren, Talente finden | GREEN.WORKS Academy","og_description":"GREEN.WORKS Academy | Aussteller & Sponsoren: Nachhaltiges Personal: Belegschaft qualifizieren, Talente finden","og_url":"https:\/\/dfvcg-events.de\/green-works\/nachhaltiges-personal-finden-und-weiterbilden\/","og_site_name":"GREEN.WORKS Academy","article_publisher":"https:\/\/www.facebook.com\/dfvcg.de\/","article_published_time":"2023-07-21T13:00:15+00:00","article_modified_time":"2023-11-16T15:14:14+00:00","og_image":[{"width":1200,"height":1200,"url":"https:\/\/dfvcg-events.de\/green-works\/wp-content\/uploads\/sites\/47\/2023\/07\/GW_AK_VISUAL_MC-Personal-Wagner-230823.jpg","type":"image\/jpeg"}],"author":"hartmann","twitter_card":"summary_large_image","twitter_creator":"@dfvcg_","twitter_site":"@dfvcg_","twitter_misc":{"Geschrieben von":"hartmann","Gesch\u00e4tzte Lesezeit":"14\u00a0Minuten"},"schema":{"@context":"https:\/\/schema.org","@graph":[{"@type":"Article","@id":"https:\/\/dfvcg-events.de\/green-works\/nachhaltiges-personal-finden-und-weiterbilden\/#article","isPartOf":{"@id":"https:\/\/dfvcg-events.de\/green-works\/nachhaltiges-personal-finden-und-weiterbilden\/"},"author":{"name":"hartmann","@id":"https:\/\/dfvcg-events.de\/green-works\/#\/schema\/person\/8a98e40ed96e61aa53aa06c70418cc9f"},"headline":"Nachhaltiges Personal: Belegschaft qualifizieren, Talente finden","datePublished":"2023-07-21T13:00:15+00:00","dateModified":"2023-11-16T15:14:14+00:00","mainEntityOfPage":{"@id":"https:\/\/dfvcg-events.de\/green-works\/nachhaltiges-personal-finden-und-weiterbilden\/"},"wordCount":5610,"publisher":{"@id":"https:\/\/dfvcg-events.de\/green-works\/#organization"},"image":{"@id":"https:\/\/dfvcg-events.de\/green-works\/nachhaltiges-personal-finden-und-weiterbilden\/#primaryimage"},"thumbnailUrl":"https:\/\/dfvcg-events.de\/green-works\/wp-content\/uploads\/sites\/47\/2023\/07\/GW_AK_VISUAL_MC-Personal-Wagner-230823.jpg","articleSection":["Archiv"],"inLanguage":"de"},{"@type":"WebPage","@id":"https:\/\/dfvcg-events.de\/green-works\/nachhaltiges-personal-finden-und-weiterbilden\/","url":"https:\/\/dfvcg-events.de\/green-works\/nachhaltiges-personal-finden-und-weiterbilden\/","name":"Nachhaltiges Personal: Belegschaft qualifizieren, Talente finden | GREEN.WORKS Academy","isPartOf":{"@id":"https:\/\/dfvcg-events.de\/green-works\/#website"},"primaryImageOfPage":{"@id":"https:\/\/dfvcg-events.de\/green-works\/nachhaltiges-personal-finden-und-weiterbilden\/#primaryimage"},"image":{"@id":"https:\/\/dfvcg-events.de\/green-works\/nachhaltiges-personal-finden-und-weiterbilden\/#primaryimage"},"thumbnailUrl":"https:\/\/dfvcg-events.de\/green-works\/wp-content\/uploads\/sites\/47\/2023\/07\/GW_AK_VISUAL_MC-Personal-Wagner-230823.jpg","datePublished":"2023-07-21T13:00:15+00:00","dateModified":"2023-11-16T15:14:14+00:00","description":"GREEN.WORKS Academy | Aussteller & Sponsoren: Nachhaltiges Personal: Belegschaft qualifizieren, Talente finden","breadcrumb":{"@id":"https:\/\/dfvcg-events.de\/green-works\/nachhaltiges-personal-finden-und-weiterbilden\/#breadcrumb"},"inLanguage":"de","potentialAction":[{"@type":"ReadAction","target":["https:\/\/dfvcg-events.de\/green-works\/nachhaltiges-personal-finden-und-weiterbilden\/"]}]},{"@type":"ImageObject","inLanguage":"de","@id":"https:\/\/dfvcg-events.de\/green-works\/nachhaltiges-personal-finden-und-weiterbilden\/#primaryimage","url":"https:\/\/dfvcg-events.de\/green-works\/wp-content\/uploads\/sites\/47\/2023\/07\/GW_AK_VISUAL_MC-Personal-Wagner-230823.jpg","contentUrl":"https:\/\/dfvcg-events.de\/green-works\/wp-content\/uploads\/sites\/47\/2023\/07\/GW_AK_VISUAL_MC-Personal-Wagner-230823.jpg","width":1200,"height":1200},{"@type":"BreadcrumbList","@id":"https:\/\/dfvcg-events.de\/green-works\/nachhaltiges-personal-finden-und-weiterbilden\/#breadcrumb","itemListElement":[{"@type":"ListItem","position":1,"name":"Startseite","item":"https:\/\/dfvcg-events.de\/green-works\/"},{"@type":"ListItem","position":2,"name":"Nachhaltiges Personal: Belegschaft qualifizieren, Talente finden"}]},{"@type":"WebSite","@id":"https:\/\/dfvcg-events.de\/green-works\/#website","url":"https:\/\/dfvcg-events.de\/green-works\/","name":"GREEN.WORKS Academy","description":"dfv Conference Group","publisher":{"@id":"https:\/\/dfvcg-events.de\/green-works\/#organization"},"alternateName":"Green Works Academy","potentialAction":[{"@type":"SearchAction","target":{"@type":"EntryPoint","urlTemplate":"https:\/\/dfvcg-events.de\/green-works\/?s={search_term_string}"},"query-input":{"@type":"PropertyValueSpecification","valueRequired":true,"valueName":"search_term_string"}}],"inLanguage":"de"},{"@type":"Organization","@id":"https:\/\/dfvcg-events.de\/green-works\/#organization","name":"GREEN.WORKS Academy","url":"https:\/\/dfvcg-events.de\/green-works\/","logo":{"@type":"ImageObject","inLanguage":"de","@id":"https:\/\/dfvcg-events.de\/green-works\/#\/schema\/logo\/image\/","url":"https:\/\/dfvcg-events.de\/green-works\/wp-content\/uploads\/sites\/47\/2023\/01\/GWAcademy_Logo_RGB_RZ.png","contentUrl":"https:\/\/dfvcg-events.de\/green-works\/wp-content\/uploads\/sites\/47\/2023\/01\/GWAcademy_Logo_RGB_RZ.png","width":500,"height":143,"caption":"GREEN.WORKS Academy"},"image":{"@id":"https:\/\/dfvcg-events.de\/green-works\/#\/schema\/logo\/image\/"},"sameAs":["https:\/\/www.facebook.com\/dfvcg.de\/","https:\/\/x.com\/dfvcg_"]},{"@type":"Person","@id":"https:\/\/dfvcg-events.de\/green-works\/#\/schema\/person\/8a98e40ed96e61aa53aa06c70418cc9f","name":"hartmann","url":"https:\/\/dfvcg-events.de\/green-works\/author\/hartmann\/"}]}},"_links":{"self":[{"href":"https:\/\/dfvcg-events.de\/green-works\/wp-json\/wp\/v2\/posts\/2795","targetHints":{"allow":["GET"]}}],"collection":[{"href":"https:\/\/dfvcg-events.de\/green-works\/wp-json\/wp\/v2\/posts"}],"about":[{"href":"https:\/\/dfvcg-events.de\/green-works\/wp-json\/wp\/v2\/types\/post"}],"author":[{"embeddable":true,"href":"https:\/\/dfvcg-events.de\/green-works\/wp-json\/wp\/v2\/users\/10"}],"replies":[{"embeddable":true,"href":"https:\/\/dfvcg-events.de\/green-works\/wp-json\/wp\/v2\/comments?post=2795"}],"version-history":[{"count":0,"href":"https:\/\/dfvcg-events.de\/green-works\/wp-json\/wp\/v2\/posts\/2795\/revisions"}],"wp:featuredmedia":[{"embeddable":true,"href":"https:\/\/dfvcg-events.de\/green-works\/wp-json\/wp\/v2\/media\/3027"}],"wp:attachment":[{"href":"https:\/\/dfvcg-events.de\/green-works\/wp-json\/wp\/v2\/media?parent=2795"}],"wp:term":[{"taxonomy":"category","embeddable":true,"href":"https:\/\/dfvcg-events.de\/green-works\/wp-json\/wp\/v2\/categories?post=2795"},{"taxonomy":"post_tag","embeddable":true,"href":"https:\/\/dfvcg-events.de\/green-works\/wp-json\/wp\/v2\/tags?post=2795"}],"curies":[{"name":"wp","href":"https:\/\/api.w.org\/{rel}","templated":true}]}}