{"id":2001,"date":"2023-02-17T14:26:42","date_gmt":"2023-02-17T13:26:42","guid":{"rendered":"https:\/\/dfvcg-events.de\/green-works\/?p=2001"},"modified":"2023-11-16T16:14:17","modified_gmt":"2023-11-16T15:14:17","slug":"deep-dive-immobilien-klimagerecht-sanieren-und-bauen-von-der-planung-zur-umsetzung","status":"publish","type":"post","link":"https:\/\/dfvcg-events.de\/green-works\/deep-dive-immobilien-klimagerecht-sanieren-und-bauen-von-der-planung-zur-umsetzung\/","title":{"rendered":"Masterclass|  Immobilien klimagerecht sanieren und bauen &#8211; Von der Planung zur Umsetzung"},"content":{"rendered":"<div id='av_section_1'  class='avia-section av-k7yuhjt1-f8125af67fe7e5e3f681af141884b592 main_color avia-section-default avia-no-border-styling  avia-builder-el-0  el_before_av_section  avia-builder-el-first  header-farbe avia-bg-style-scroll container_wrap fullsize'  ><div class='container av-section-cont-open' ><main  role=\"main\" itemprop=\"mainContentOfPage\"  class='template-page content  av-content-full alpha units'><div class='post-entry post-entry-type-page post-entry-2001'><div class='entry-content-wrapper clearfix'>\n\n<style type=\"text\/css\" data-created_by=\"avia_inline_auto\" id=\"style-css-av-kav2wagy-53b31f96abcfc71a5593a1c130258425\">\n#top .av-special-heading.av-kav2wagy-53b31f96abcfc71a5593a1c130258425{\npadding-bottom:0;\n}\nbody .av-special-heading.av-kav2wagy-53b31f96abcfc71a5593a1c130258425 .av-special-heading-tag .heading-char{\nfont-size:25px;\n}\n.av-special-heading.av-kav2wagy-53b31f96abcfc71a5593a1c130258425 .av-subheading{\nfont-size:15px;\n}\n<\/style>\n<div  class='av-special-heading av-kav2wagy-53b31f96abcfc71a5593a1c130258425 av-special-heading-h1 blockquote modern-quote  avia-builder-el-1  avia-builder-el-no-sibling '><div class='av-subheading av-subheading_above'><p>GREEN.WORKS Academy<\/p>\n<\/div><h1 class='av-special-heading-tag '  itemprop=\"headline\"  >Veranstaltung<\/h1><div class=\"special-heading-border\"><div class=\"special-heading-inner-border\"><\/div><\/div><\/div>\n\n<\/div><\/div><\/main><!-- close content main element --><\/div><\/div><div id='av_section_2'  class='avia-section av-22hcxg-d8123392254f516fc6bf2e2a3a1068b1 main_color avia-section-default avia-no-border-styling  avia-builder-el-2  el_after_av_section  el_before_av_textblock  avia-bg-style-scroll container_wrap fullsize'  ><div class='container av-section-cont-open' ><div class='template-page content  av-content-full alpha units'><div class='post-entry post-entry-type-page post-entry-2001'><div class='entry-content-wrapper clearfix'>\n<div class='flex_column_table av-gjtzd-e4bd8c42f090c7e041762bae8c79e747 sc-av_two_third av-equal-height-column-flextable'>\n<style type=\"text\/css\" data-created_by=\"avia_inline_auto\" id=\"style-css-av-gjtzd-e4bd8c42f090c7e041762bae8c79e747\">\n.flex_column.av-gjtzd-e4bd8c42f090c7e041762bae8c79e747{\nborder-radius:0px 0px 0px 0px;\npadding:0px 0px 0px 0px;\n}\n<\/style>\n<div  class='flex_column av-gjtzd-e4bd8c42f090c7e041762bae8c79e747 av_two_third  avia-builder-el-3  el_before_av_one_third  avia-builder-el-first  first flex_column_table_cell av-equal-height-column av-align-middle av-zero-column-padding  '     ><p>\n<style type=\"text\/css\" data-created_by=\"avia_inline_auto\" id=\"style-css-av-kas66l5u-933fd1c883237e0bbbd3c0643cfa43d0\">\n#top .av-special-heading.av-kas66l5u-933fd1c883237e0bbbd3c0643cfa43d0{\npadding-bottom:10px;\n}\nbody .av-special-heading.av-kas66l5u-933fd1c883237e0bbbd3c0643cfa43d0 .av-special-heading-tag .heading-char{\nfont-size:25px;\n}\n.av-special-heading.av-kas66l5u-933fd1c883237e0bbbd3c0643cfa43d0 .av-subheading{\nfont-size:15px;\n}\n<\/style>\n<div  class='av-special-heading av-kas66l5u-933fd1c883237e0bbbd3c0643cfa43d0 av-special-heading-h2 blockquote modern-quote  avia-builder-el-4  el_before_av_button  avia-builder-el-first '><h2 class='av-special-heading-tag '  itemprop=\"headline\"  >Masterclass | Immobilien klimagerecht sanieren und bauen &#8211; Von der Planung zur Umsetzung<\/h2><div class='av-subheading av-subheading_below'><p>4.05.2023 | 10:00 \u2013 12:00 Uhr<\/p>\n<\/div><div class=\"special-heading-border\"><div class=\"special-heading-inner-border\"><\/div><\/div><\/div><br \/>\n<div  class='avia-button-wrap av-ld04dvz7-35d137fc48dd40e75bae760d400414fd-wrap avia-button-left  avia-builder-el-5  el_after_av_heading  el_before_av_textblock '><a href='#anmelden'  class='avia-button av-ld04dvz7-35d137fc48dd40e75bae760d400414fd av-link-btn avia-icon_select-no avia-size-small avia-position-left avia-color-theme-color'   aria-label=\"Jetzt anmelden\"><span class='avia_iconbox_title' >Jetzt anmelden<\/span><\/a><\/div><br \/>\n<section  class='av_textblock_section av-ldbqrlhv-1eb5883741d2e289cde6cd723d3aa6d7 '   itemscope=\"itemscope\" itemtype=\"https:\/\/schema.org\/BlogPosting\" itemprop=\"blogPost\" ><div class='avia_textblock'  itemprop=\"text\" ><p>digitale Veranstaltung<\/p>\n<\/div><\/section><\/p><\/div><div class='av-flex-placeholder'><\/div>\n<style type=\"text\/css\" data-created_by=\"avia_inline_auto\" id=\"style-css-av-7pv81-b49a1e36663b2e8cca8dbc6d7f19f7c7\">\n.flex_column.av-7pv81-b49a1e36663b2e8cca8dbc6d7f19f7c7{\nborder-radius:0px 0px 0px 0px;\npadding:0px 0px 0px 0px;\n}\n<\/style>\n<div  class='flex_column av-7pv81-b49a1e36663b2e8cca8dbc6d7f19f7c7 av_one_third  avia-builder-el-7  el_after_av_two_third  avia-builder-el-last  flex_column_table_cell av-equal-height-column av-align-middle av-zero-column-padding  '     ><style type=\"text\/css\" data-created_by=\"avia_inline_auto\" id=\"style-css-av-k7zan5qj-586383f25f270a64badd7204924c69bd\">\n.avia-image-container.av-k7zan5qj-586383f25f270a64badd7204924c69bd img.avia_image{\nbox-shadow:none;\n}\n.avia-image-container.av-k7zan5qj-586383f25f270a64badd7204924c69bd .av-image-caption-overlay-center{\ncolor:#ffffff;\n}\n<\/style>\n<div  class='avia-image-container av-k7zan5qj-586383f25f270a64badd7204924c69bd av-styling- avia-align-center  avia-builder-el-8  avia-builder-el-no-sibling '   itemprop=\"image\" itemscope=\"itemscope\" itemtype=\"https:\/\/schema.org\/ImageObject\" ><div class=\"avia-image-container-inner\"><div class=\"avia-image-overlay-wrap\"><img decoding=\"async\" fetchpriority=\"high\" class='wp-image-1696 avia-img-lazy-loading-not-1696 avia_image ' src=\"https:\/\/dfvcg-events.de\/green-works\/wp-content\/uploads\/sites\/47\/2023\/01\/GWA_Thumbnail_Veranstaltung_Masterclass_V2.jpg\" alt='' title='GWA_Thumbnail_Veranstaltung_Masterclass_V2'  height=\"800\" width=\"800\"  itemprop=\"thumbnailUrl\"  \/><\/div><\/div><\/div><\/div><\/div><!--close column table wrapper. Autoclose: 1 -->\n<\/div><\/div><\/div><!-- close content main div --><\/div><\/div><div id='after_section_2'  class='main_color av_default_container_wrap container_wrap fullsize'  ><div class='container av-section-cont-open' ><div class='template-page content  av-content-full alpha units'><div class='post-entry post-entry-type-page post-entry-2001'><div class='entry-content-wrapper clearfix'>\n<section  class='av_textblock_section av-k7zalzjs-807f5868c4eb12a527fbd182b0ba4564 '   itemscope=\"itemscope\" itemtype=\"https:\/\/schema.org\/BlogPosting\" itemprop=\"blogPost\" ><div class='avia_textblock'  itemprop=\"text\" ><p>Rund ein Drittel der Treibhausgas-Emissionen in Deutschland wird von Immobilien verursacht. Dazu z\u00e4hlen auch B\u00fcrogeb\u00e4ude und Fabriken. Manche Fachleute warnen sogar, dass Immobilien bei strengerer Regulierung zu Stranded Assets werden k\u00f6nnten. Was k\u00f6nnen Unternehmen tun, um die Emissionen zu senken, Kosten zu sparen und ihre Immobilien zukunftsf\u00e4hig zu machen? In dieser Masterclass erhalten Sie Antworten.<\/p>\n<ul>\n<li>Sie verstehen, was nachhaltiges, ESG-konformes Immobilienmanagement bedeutet und welche Auswirkungen die EU-Taxonomie auf den Bausektor hat<\/li>\n<li>Sie lernen Strategien und Methoden zur Entwicklung klimafreundlicher Geb\u00e4ude kennen<\/li>\n<li>Sie erhalten einen \u00dcberblick \u00fcber den Weg zu klimaneutralen und klimapositiven Immobilien mittels Klimaschutzfahrplan<\/li>\n<li>Sie sehen am Best Case Kuchenmeister, mit welchen Ma\u00dfnahmen ein Unternehmen seine Immobilien klimafreundlicher macht<\/li>\n<\/ul>\n<p><span class=\"ui-provider ho b c d e f g h i j k l m n o p q r s t u v w x y z ab ac ae af ag ah ai aj ak\" dir=\"ltr\">Stellen Sie in Q&amp;A-Sessions den Speakern Ihre Fragen.\u00a0<\/span><\/p>\n<\/div><\/section>\n<\/div><\/div><\/div><!-- close content main div --><\/div><\/div><div id='av_section_3'  class='avia-section av-aw1ni-dad583943b589042cd8c26cad79afc34 main_color avia-section-default avia-no-border-styling  avia-builder-el-10  el_after_av_textblock  el_before_av_section  avia-bg-style-scroll container_wrap fullsize'  ><div class='container av-section-cont-open' ><div class='template-page content  av-content-full alpha units'><div class='post-entry post-entry-type-page post-entry-2001'><div class='entry-content-wrapper clearfix'>\n\n<style type=\"text\/css\" data-created_by=\"avia_inline_auto\" id=\"style-css-av-lcpa6ug8-fc10dbe08c2f0226176ba520a45aebf8\">\n#top .av-special-heading.av-lcpa6ug8-fc10dbe08c2f0226176ba520a45aebf8{\npadding-bottom:10px;\n}\nbody .av-special-heading.av-lcpa6ug8-fc10dbe08c2f0226176ba520a45aebf8 .av-special-heading-tag .heading-char{\nfont-size:25px;\n}\n.av-special-heading.av-lcpa6ug8-fc10dbe08c2f0226176ba520a45aebf8 .av-subheading{\nfont-size:15px;\n}\n<\/style>\n<div  class='av-special-heading av-lcpa6ug8-fc10dbe08c2f0226176ba520a45aebf8 av-special-heading-h3 blockquote modern-quote  avia-builder-el-11  el_before_av_one_full  avia-builder-el-first '><h3 class='av-special-heading-tag '  itemprop=\"headline\"  >Speaker:<\/h3><div class=\"special-heading-border\"><div class=\"special-heading-inner-border\"><\/div><\/div><\/div>\n<div  class='flex_column av-26c8ry-a75f361887256d35de2a7cef1c1bd3db av_one_full  avia-builder-el-12  el_after_av_heading  el_before_av_one_third  first flex_column_div  '     ><\/div><div  class='flex_column av-2n0t5a-cdbd045f1b80bd9da28e9583bee563bd av_one_third  avia-builder-el-13  el_after_av_one_full  el_before_av_one_third  first flex_column_div  column-top-margin'     ><p>\n<style type=\"text\/css\" data-created_by=\"avia_inline_auto\" id=\"style-css-av-ld040b4o-0c9939254fe955ee78bb4e6e877cdbee\">\n#top #wrap_all .avia-team-member.av-ld040b4o-0c9939254fe955ee78bb4e6e877cdbee .team-member-name{\ncolor:#55b464;\n}\n.avia-team-member.av-ld040b4o-0c9939254fe955ee78bb4e6e877cdbee .team-member-job-title{\ncolor:#55b464;\n}\n<\/style>\n<section  class='avia-team-member av-ld040b4o-0c9939254fe955ee78bb4e6e877cdbee  avia-builder-el-14  el_before_av_toggle_container  avia-builder-el-first '  itemscope=\"itemscope\" itemtype=\"https:\/\/schema.org\/Person\" ><div class=\"team-img-container\"><img decoding=\"async\" fetchpriority=\"high\" class='wp-image-2089 avia-img-lazy-loading-not-2089 avia_image avia_image_team' src=\"https:\/\/dfvcg-events.de\/green-works\/wp-content\/uploads\/sites\/47\/2023\/02\/Pimiskern_Ralf_Credit-DGNB_web.jpg\" alt='Ralf Pimiskern'  itemprop=\"image\"   height=\"800\" width=\"600\" \/><\/div><h3 class='team-member-name '  itemprop=\"name\" >Ralf Pimiskern<\/h3><div class='team-member-job-title av_opacity_variation'  itemprop=\"jobTitle\" >Leitung DNGB-Zertifizierung, Deutschen Gesellschaft f\u00fcr Nachhaltiges Bauen<\/div><span class='hidden team-member-affiliation'  itemprop=\"affiliation\" >GREEN.WORKS Academy<\/span><\/section><br \/>\n<div  class='togglecontainer av-ld4abqct-63ff484010042ac0850226c4b6e6bb31  avia-builder-el-15  el_after_av_team_member  avia-builder-el-last  toggle_close_all' >\n<section class='av_toggle_section av-ld4abot3-e8523ba37b37ff9d768c122260f78527'  itemscope=\"itemscope\" itemtype=\"https:\/\/schema.org\/BlogPosting\" itemprop=\"blogPost\" ><div role=\"tablist\" class=\"single_toggle\" data-tags=\"{Alle} \"  ><p id='toggle-toggle-id-1' data-fake-id='#toggle-id-1' class='toggler  av-title-above '  itemprop=\"headline\"  role='tab' tabindex='0' aria-controls='toggle-id-1' data-slide-speed=\"200\" data-title=\"Info\" data-title-open=\"\" data-aria_collapsed=\"Click to expand: Info\" data-aria_expanded=\"Click to collapse: Info\">Info<span class=\"toggle_icon\"><span class=\"vert_icon\"><\/span><span class=\"hor_icon\"><\/span><\/span><\/p><div id='toggle-id-1' aria-labelledby='toggle-toggle-id-1' role='region' class='toggle_wrap  av-title-above'  ><div class='toggle_content invers-color '  itemprop=\"text\" ><p><span class=\"TextRun SCXW22273698 BCX9\" lang=\"DE-DE\" xml:lang=\"DE-DE\" data-contrast=\"auto\"><span class=\"NormalTextRun SCXW22273698 BCX9\">Ralf <\/span><span class=\"NormalTextRun SpellingErrorV2Themed SCXW22273698 BCX9\">Pimiskern<\/span><span class=\"NormalTextRun SCXW22273698 BCX9\"> leitet bei der Deutschen Gesellschaft f\u00fcr Nachhaltiges Bauen d<\/span><span class=\"NormalTextRun SCXW22273698 BCX9\">ie Abteilung <\/span><span class=\"NormalTextRun SCXW22273698 BCX9\">DNGB<\/span><span class=\"NormalTextRun SCXW22273698 BCX9\">&#8211;<\/span><span class=\"NormalTextRun SCXW22273698 BCX9\">Zertifizierung. <\/span><span class=\"NormalTextRun SCXW22273698 BCX9\">Bei der Zertifizierung handelt es sich um ein<\/span><span class=\"NormalTextRun SCXW22273698 BCX9\">en Standard, der nachhaltige Immobilien f\u00f6rdert \u2013 vom Bau \u00fcber den gesamten Lebenszyklus hinweg bis zum R\u00fcckbau. <\/span><span class=\"NormalTextRun SCXW22273698 BCX9\">Er gilt als weltweite Benchmark f\u00fcr Nachhaltigkeit.<\/span><\/span><span class=\"EOP SCXW22273698 BCX9\" data-ccp-props=\"{\">\u00a0<\/span><\/p>\n<\/div><\/div><\/div><\/section>\n<\/div><\/p><\/div><div  class='flex_column av-6uqach-d5a132bb24aeed6b6b9e18345a43f478 av_one_third  avia-builder-el-16  el_after_av_one_third  el_before_av_one_third  flex_column_div  column-top-margin'     ><p>\n<style type=\"text\/css\" data-created_by=\"avia_inline_auto\" id=\"style-css-av-5t4c29-c6db9941f2ae831f78ba66c15cd764e9\">\n#top #wrap_all .avia-team-member.av-5t4c29-c6db9941f2ae831f78ba66c15cd764e9 .team-member-name{\ncolor:#55b464;\n}\n.avia-team-member.av-5t4c29-c6db9941f2ae831f78ba66c15cd764e9 .team-member-job-title{\ncolor:#55b464;\n}\n<\/style>\n<section  class='avia-team-member av-5t4c29-c6db9941f2ae831f78ba66c15cd764e9  avia-builder-el-17  el_before_av_toggle_container  avia-builder-el-first '  itemscope=\"itemscope\" itemtype=\"https:\/\/schema.org\/Person\" ><div class=\"team-img-container\"><img decoding=\"async\" fetchpriority=\"high\" class='wp-image-2002 avia-img-lazy-loading-not-2002 avia_image avia_image_team' src=\"https:\/\/dfvcg-events.de\/green-works\/wp-content\/uploads\/sites\/47\/2023\/02\/Schenkel_Steffen_Credit_Kuchenmeister_web.jpg\" alt='Steffen Schenkel'  itemprop=\"image\"   height=\"800\" width=\"600\" \/><\/div><h3 class='team-member-name '  itemprop=\"name\" >Steffen Schenkel<\/h3><div class='team-member-job-title av_opacity_variation'  itemprop=\"jobTitle\" >Projektleiter, Kuchenmeister<\/div><span class='hidden team-member-affiliation'  itemprop=\"affiliation\" >GREEN.WORKS Academy<\/span><\/section><br \/>\n<div  class='togglecontainer av-4m7729-cf8c4ba2176d724fc8ca5c58e2e24509  avia-builder-el-18  el_after_av_team_member  avia-builder-el-last  toggle_close_all' >\n<section class='av_toggle_section av-25djbl-804593f05d04eb8cb3d8759507d78061'  itemscope=\"itemscope\" itemtype=\"https:\/\/schema.org\/BlogPosting\" itemprop=\"blogPost\" ><div role=\"tablist\" class=\"single_toggle\" data-tags=\"{Alle} \"  ><p id='toggle-toggle-id-2' data-fake-id='#toggle-id-2' class='toggler  av-title-above '  itemprop=\"headline\"  role='tab' tabindex='0' aria-controls='toggle-id-2' data-slide-speed=\"200\" data-title=\"Info\" data-title-open=\"\" data-aria_collapsed=\"Click to expand: Info\" data-aria_expanded=\"Click to collapse: Info\">Info<span class=\"toggle_icon\"><span class=\"vert_icon\"><\/span><span class=\"hor_icon\"><\/span><\/span><\/p><div id='toggle-id-2' aria-labelledby='toggle-toggle-id-2' role='region' class='toggle_wrap  av-title-above'  ><div class='toggle_content invers-color '  itemprop=\"text\" ><p><span class=\"TextRun SCXW8062388 BCX0\" lang=\"DE-DE\" xml:lang=\"DE-DE\" data-contrast=\"none\"><span class=\"NormalTextRun SCXW8062388 BCX0\">Steffen Schenkel ist technischer Projektleiter der Firma Kuchenmeister.<\/span><span class=\"NormalTextRun SCXW8062388 BCX0\"> Er k\u00fcmmert sich <\/span><span class=\"NormalTextRun SCXW8062388 BCX0\">unter anderem <\/span><span class=\"NormalTextRun SCXW8062388 BCX0\">um das Projektmanagement f\u00fcr <\/span><span class=\"NormalTextRun SCXW8062388 BCX0\">erneuerbare Energien, Automatisierungsprojekte und den technischen Einkauf. <\/span><span class=\"NormalTextRun SCXW8062388 BCX0\">Der traditionsreiche Nahrungsmittelhersteller <\/span><span class=\"NormalTextRun SCXW8062388 BCX0\">Kuchenmeister <\/span><span class=\"NormalTextRun SCXW8062388 BCX0\">aus Soest <\/span><span class=\"NormalTextRun SCXW8062388 BCX0\">gilt als Nachhaltigkeitspionier in Deutschland<\/span><span class=\"NormalTextRun SCXW8062388 BCX0\"> und <\/span><span class=\"NormalTextRun SCXW8062388 BCX0\">arbeitet ambitioniert an der Klimafreundlichkeit seiner Immobilien<\/span><span class=\"NormalTextRun SCXW8062388 BCX0\">.<\/span><\/span><\/p>\n<\/div><\/div><\/div><\/section>\n<\/div><\/p><\/div><div  class='flex_column av-7fh0o4-d5687b2647b0155a5e0357177b2ad985 av_one_third  avia-builder-el-19  el_after_av_one_third  avia-builder-el-last  flex_column_div  column-top-margin'     ><p>\n<style type=\"text\/css\" data-created_by=\"avia_inline_auto\" id=\"style-css-av-5cq9dw-9731b589f5accb7e64c1909ff77ac982\">\n#top #wrap_all .avia-team-member.av-5cq9dw-9731b589f5accb7e64c1909ff77ac982 .team-member-name{\ncolor:#55b464;\n}\n.avia-team-member.av-5cq9dw-9731b589f5accb7e64c1909ff77ac982 .team-member-job-title{\ncolor:#55b464;\n}\n<\/style>\n<section  class='avia-team-member av-5cq9dw-9731b589f5accb7e64c1909ff77ac982  avia-builder-el-20  el_before_av_toggle_container  avia-builder-el-first '  itemscope=\"itemscope\" itemtype=\"https:\/\/schema.org\/Person\" ><div class=\"team-img-container\"><img decoding=\"async\" fetchpriority=\"high\" class='wp-image-1356 avia-img-lazy-loading-not-1356 avia_image avia_image_team' src=\"https:\/\/dfvcg-events.de\/green-works\/wp-content\/uploads\/sites\/47\/2023\/01\/Daniel_Baumann_WEB.jpg\" alt='Daniel Baumann'  itemprop=\"image\"   height=\"638\" width=\"479\" \/><\/div><h3 class='team-member-name '  itemprop=\"name\" >Daniel Baumann<\/h3><div class='team-member-job-title av_opacity_variation'  itemprop=\"jobTitle\" >Editorial Director Green Transformation der dfv Mediengruppe<\/div><span class='hidden team-member-affiliation'  itemprop=\"affiliation\" >GREEN.WORKS Academy<\/span><\/section><br \/>\n<div  class='togglecontainer av-4vy9k4-4bdc1d28379c1017f8504f9f174a6f54  avia-builder-el-21  el_after_av_team_member  avia-builder-el-last  toggle_close_all' >\n<section class='av_toggle_section av-2kp0bo-7b61252e62ee1d37f51bbf660ed78807'  itemscope=\"itemscope\" itemtype=\"https:\/\/schema.org\/BlogPosting\" itemprop=\"blogPost\" ><div role=\"tablist\" class=\"single_toggle\" data-tags=\"{Alle} \"  ><p id='toggle-toggle-id-3' data-fake-id='#toggle-id-3' class='toggler  av-title-above '  itemprop=\"headline\"  role='tab' tabindex='0' aria-controls='toggle-id-3' data-slide-speed=\"200\" data-title=\"Info\" data-title-open=\"\" data-aria_collapsed=\"Click to expand: Info\" data-aria_expanded=\"Click to collapse: Info\">Info<span class=\"toggle_icon\"><span class=\"vert_icon\"><\/span><span class=\"hor_icon\"><\/span><\/span><\/p><div id='toggle-id-3' aria-labelledby='toggle-toggle-id-3' role='region' class='toggle_wrap  av-title-above'  ><div class='toggle_content invers-color '  itemprop=\"text\" ><p><span class=\"TextRun SCXW19503348 BCX9\" lang=\"DE-DE\" xml:lang=\"DE-DE\" data-contrast=\"auto\"><span class=\"NormalTextRun SCXW19503348 BCX9\">Daniel Baumann ist Editorial <\/span><span class=\"NormalTextRun SpellingErrorV2Themed SCXW19503348 BCX9\">Director<\/span><span class=\"NormalTextRun SCXW19503348 BCX9\"> Green Transformation der <\/span><span class=\"NormalTextRun SCXW19503348 BCX9\">dfv<\/span><span class=\"NormalTextRun SCXW19503348 BCX9\"> Mediengruppe<\/span><span class=\"NormalTextRun SCXW19503348 BCX9\">. F\u00fcr das Medienhaus baut er titel\u00fcbergreifend das Informationsangebot zum unternehmerischen Klimaschutz auf. Zuvor <\/span><span class=\"NormalTextRun SCXW19503348 BCX9\">war er Wirtschafts- und Innovationschef einer \u00fcberregionalen Tageszeitung und arbeitete als Wirtschaftsautor <\/span><span class=\"NormalTextRun SCXW19503348 BCX9\">in Berlin.<\/span> <span class=\"NormalTextRun SCXW19503348 BCX9\">Baumann<\/span><span class=\"NormalTextRun SCXW19503348 BCX9\"> ist Autor des Einsteiger-Guides \u201eUnternehmerischen Klimaschutz verstehen &amp; managen\u201c und <\/span><span class=\"NormalTextRun SCXW19503348 BCX9\">hat den Klimadienstleister-Guide recherchiert, die umfassendste \u00dcbersicht \u00fcber <\/span><span class=\"NormalTextRun SCXW19503348 BCX9\">die Carbon Management-Branche in Deutschland.<\/span><\/span><span class=\"EOP SCXW19503348 BCX9\" data-ccp-props=\"{\">\u00a0<\/span><\/p>\n<\/div><\/div><\/div><\/section>\n<\/div><\/p><\/div>\n\n<\/div><\/div><\/div><!-- close content main div --><\/div><\/div><div id='anmelden'  class='avia-section av-lcpaks45-e0d0b1274aff4068ab622da52516c8e9 main_color avia-section-default avia-no-shadow  avia-builder-el-22  el_after_av_section  el_before_av_section  avia-bg-style-scroll container_wrap fullsize'  ><div class='container av-section-cont-open' ><div class='template-page content  av-content-full alpha units'><div class='post-entry post-entry-type-page post-entry-2001'><div class='entry-content-wrapper clearfix'>\n\n<style type=\"text\/css\" data-created_by=\"avia_inline_auto\" id=\"style-css-av-lcpal8j3-7c238fbcc3cc9b37e241b21bb2062a72\">\n#top .av-special-heading.av-lcpal8j3-7c238fbcc3cc9b37e241b21bb2062a72{\npadding-bottom:10px;\n}\nbody .av-special-heading.av-lcpal8j3-7c238fbcc3cc9b37e241b21bb2062a72 .av-special-heading-tag .heading-char{\nfont-size:25px;\n}\n.av-special-heading.av-lcpal8j3-7c238fbcc3cc9b37e241b21bb2062a72 .av-subheading{\nfont-size:15px;\n}\n<\/style>\n<div  class='av-special-heading av-lcpal8j3-7c238fbcc3cc9b37e241b21bb2062a72 av-special-heading-h3 blockquote modern-quote  avia-builder-el-23  el_before_av_one_fourth  avia-builder-el-first '><h3 class='av-special-heading-tag '  itemprop=\"headline\"  >Partner<\/h3><div class=\"special-heading-border\"><div class=\"special-heading-inner-border\"><\/div><\/div><\/div>\n<div  class='flex_column av-7zprmp-866f7b028b854494bb38b402298143a9 av_one_fourth  avia-builder-el-24  el_after_av_heading  avia-builder-el-last  first flex_column_div  '     ><style type=\"text\/css\" data-created_by=\"avia_inline_auto\" id=\"style-css-av-le8kj3e5-3f3ad5ecb29459e55f137311d10347c9\">\n.avia-image-container.av-le8kj3e5-3f3ad5ecb29459e55f137311d10347c9 img.avia_image{\nbox-shadow:none;\n}\n.avia-image-container.av-le8kj3e5-3f3ad5ecb29459e55f137311d10347c9 .av-image-caption-overlay-center{\ncolor:#ffffff;\n}\n<\/style>\n<div  class='avia-image-container av-le8kj3e5-3f3ad5ecb29459e55f137311d10347c9 av-styling- av-img-linked avia-align-center  avia-builder-el-25  avia-builder-el-no-sibling '   itemprop=\"image\" itemscope=\"itemscope\" itemtype=\"https:\/\/schema.org\/ImageObject\" ><div class=\"avia-image-container-inner\"><div class=\"avia-image-overlay-wrap\"><a href=\"https:\/\/www.dgnb.de\/de\/index.php\" class='avia_image '  target=\"_blank\"  rel=\"noopener noreferrer\" aria-label='DGNB_web'><img decoding=\"async\" fetchpriority=\"high\" class='wp-image-1995 avia-img-lazy-loading-not-1995 avia_image ' src=\"https:\/\/dfvcg-events.de\/green-works\/wp-content\/uploads\/sites\/47\/2023\/01\/DGNB_web.jpg\" alt='' title='DGNB_web'  height=\"600\" width=\"800\"  itemprop=\"thumbnailUrl\"  \/><\/a><\/div><\/div><\/div><\/div>\n\n<\/div><\/div><\/div><!-- close content main div --><\/div><\/div><div id='anmelden'  class='avia-section av-6dr7w1-37851c31a040b53ded03a5aaaf32c52f main_color avia-section-default avia-no-shadow  avia-builder-el-26  el_after_av_section  avia-builder-el-last  avia-bg-style-scroll container_wrap fullsize'  ><div class='container av-section-cont-open' ><div class='template-page content  av-content-full alpha units'><div class='post-entry post-entry-type-page post-entry-2001'><div class='entry-content-wrapper clearfix'>\n\n<style type=\"text\/css\" data-created_by=\"avia_inline_auto\" id=\"style-css-av-42vw75-3ace7c115cdf2ff5622cd0176a887032\">\n#top .av-special-heading.av-42vw75-3ace7c115cdf2ff5622cd0176a887032{\npadding-bottom:10px;\n}\nbody .av-special-heading.av-42vw75-3ace7c115cdf2ff5622cd0176a887032 .av-special-heading-tag .heading-char{\nfont-size:25px;\n}\n.av-special-heading.av-42vw75-3ace7c115cdf2ff5622cd0176a887032 .av-subheading{\nfont-size:15px;\n}\n<\/style>\n<div  class='av-special-heading av-42vw75-3ace7c115cdf2ff5622cd0176a887032 av-special-heading-h3 blockquote modern-quote  avia-builder-el-27  el_before_av_codeblock  avia-builder-el-first '><h3 class='av-special-heading-tag '  itemprop=\"headline\"  >Jetzt anmelden<\/h3><div class=\"special-heading-border\"><div class=\"special-heading-inner-border\"><\/div><\/div><\/div>\n\n\n","protected":false},"excerpt":{"rendered":"<p>4.5.2023 | 10:00 \u2013 12:00 Uhr | Free<\/p>\n","protected":false},"author":10,"featured_media":1696,"comment_status":"closed","ping_status":"closed","sticky":false,"template":"","format":"standard","meta":{"footnotes":""},"categories":[53],"tags":[],"class_list":["post-2001","post","type-post","status-publish","format-standard","has-post-thumbnail","hentry","category-archiv"],"yoast_head":"<!-- This site is optimized with the Yoast SEO plugin v27.4 - https:\/\/yoast.com\/product\/yoast-seo-wordpress\/ -->\n<title>Masterclass| Immobilien klimagerecht sanieren und bauen - Von der Planung zur Umsetzung | GREEN.WORKS Academy<\/title>\n<meta name=\"description\" content=\"GREEN.WORKS Academy | Aussteller &amp; Sponsoren: Masterclass| Immobilien klimagerecht sanieren und bauen - Von der Planung zur Umsetzung\" \/>\n<meta name=\"robots\" content=\"index, follow, max-snippet:-1, max-image-preview:large, max-video-preview:-1\" \/>\n<link rel=\"canonical\" href=\"https:\/\/dfvcg-events.de\/green-works\/deep-dive-immobilien-klimagerecht-sanieren-und-bauen-von-der-planung-zur-umsetzung\/\" \/>\n<meta property=\"og:locale\" content=\"de_DE\" \/>\n<meta property=\"og:type\" content=\"article\" \/>\n<meta property=\"og:title\" content=\"Masterclass| Immobilien klimagerecht sanieren und bauen - Von der Planung zur Umsetzung | GREEN.WORKS Academy\" \/>\n<meta property=\"og:description\" content=\"GREEN.WORKS Academy | Aussteller &amp; Sponsoren: Masterclass| Immobilien klimagerecht sanieren und bauen - Von der Planung zur Umsetzung\" \/>\n<meta property=\"og:url\" content=\"https:\/\/dfvcg-events.de\/green-works\/deep-dive-immobilien-klimagerecht-sanieren-und-bauen-von-der-planung-zur-umsetzung\/\" \/>\n<meta property=\"og:site_name\" content=\"GREEN.WORKS Academy\" \/>\n<meta property=\"article:publisher\" content=\"https:\/\/www.facebook.com\/dfvcg.de\/\" \/>\n<meta property=\"article:published_time\" content=\"2023-02-17T13:26:42+00:00\" \/>\n<meta property=\"article:modified_time\" content=\"2023-11-16T15:14:17+00:00\" \/>\n<meta property=\"og:image\" content=\"https:\/\/dfvcg-events.de\/green-works\/wp-content\/uploads\/sites\/47\/2023\/01\/GWA_Thumbnail_Veranstaltung_Masterclass_V2.jpg\" \/>\n\t<meta property=\"og:image:width\" content=\"800\" \/>\n\t<meta property=\"og:image:height\" content=\"800\" \/>\n\t<meta property=\"og:image:type\" content=\"image\/jpeg\" \/>\n<meta name=\"author\" content=\"hartmann\" \/>\n<meta name=\"twitter:card\" content=\"summary_large_image\" \/>\n<meta name=\"twitter:creator\" content=\"@dfvcg_\" \/>\n<meta name=\"twitter:site\" content=\"@dfvcg_\" \/>\n<meta name=\"twitter:label1\" content=\"Geschrieben von\" \/>\n\t<meta name=\"twitter:data1\" content=\"hartmann\" \/>\n\t<meta name=\"twitter:label2\" content=\"Gesch\u00e4tzte Lesezeit\" \/>\n\t<meta name=\"twitter:data2\" content=\"12\u00a0Minuten\" \/>\n<script type=\"application\/ld+json\" class=\"yoast-schema-graph\">{\"@context\":\"https:\\\/\\\/schema.org\",\"@graph\":[{\"@type\":\"Article\",\"@id\":\"https:\\\/\\\/dfvcg-events.de\\\/green-works\\\/deep-dive-immobilien-klimagerecht-sanieren-und-bauen-von-der-planung-zur-umsetzung\\\/#article\",\"isPartOf\":{\"@id\":\"https:\\\/\\\/dfvcg-events.de\\\/green-works\\\/deep-dive-immobilien-klimagerecht-sanieren-und-bauen-von-der-planung-zur-umsetzung\\\/\"},\"author\":{\"name\":\"hartmann\",\"@id\":\"https:\\\/\\\/dfvcg-events.de\\\/green-works\\\/#\\\/schema\\\/person\\\/8a98e40ed96e61aa53aa06c70418cc9f\"},\"headline\":\"Masterclass| Immobilien klimagerecht sanieren und bauen &#8211; Von der Planung zur Umsetzung\",\"datePublished\":\"2023-02-17T13:26:42+00:00\",\"dateModified\":\"2023-11-16T15:14:17+00:00\",\"mainEntityOfPage\":{\"@id\":\"https:\\\/\\\/dfvcg-events.de\\\/green-works\\\/deep-dive-immobilien-klimagerecht-sanieren-und-bauen-von-der-planung-zur-umsetzung\\\/\"},\"wordCount\":4651,\"publisher\":{\"@id\":\"https:\\\/\\\/dfvcg-events.de\\\/green-works\\\/#organization\"},\"image\":{\"@id\":\"https:\\\/\\\/dfvcg-events.de\\\/green-works\\\/deep-dive-immobilien-klimagerecht-sanieren-und-bauen-von-der-planung-zur-umsetzung\\\/#primaryimage\"},\"thumbnailUrl\":\"https:\\\/\\\/dfvcg-events.de\\\/green-works\\\/wp-content\\\/uploads\\\/sites\\\/47\\\/2023\\\/01\\\/GWA_Thumbnail_Veranstaltung_Masterclass_V2.jpg\",\"articleSection\":[\"Archiv\"],\"inLanguage\":\"de\"},{\"@type\":\"WebPage\",\"@id\":\"https:\\\/\\\/dfvcg-events.de\\\/green-works\\\/deep-dive-immobilien-klimagerecht-sanieren-und-bauen-von-der-planung-zur-umsetzung\\\/\",\"url\":\"https:\\\/\\\/dfvcg-events.de\\\/green-works\\\/deep-dive-immobilien-klimagerecht-sanieren-und-bauen-von-der-planung-zur-umsetzung\\\/\",\"name\":\"Masterclass| Immobilien klimagerecht sanieren und bauen - Von der Planung zur Umsetzung | GREEN.WORKS Academy\",\"isPartOf\":{\"@id\":\"https:\\\/\\\/dfvcg-events.de\\\/green-works\\\/#website\"},\"primaryImageOfPage\":{\"@id\":\"https:\\\/\\\/dfvcg-events.de\\\/green-works\\\/deep-dive-immobilien-klimagerecht-sanieren-und-bauen-von-der-planung-zur-umsetzung\\\/#primaryimage\"},\"image\":{\"@id\":\"https:\\\/\\\/dfvcg-events.de\\\/green-works\\\/deep-dive-immobilien-klimagerecht-sanieren-und-bauen-von-der-planung-zur-umsetzung\\\/#primaryimage\"},\"thumbnailUrl\":\"https:\\\/\\\/dfvcg-events.de\\\/green-works\\\/wp-content\\\/uploads\\\/sites\\\/47\\\/2023\\\/01\\\/GWA_Thumbnail_Veranstaltung_Masterclass_V2.jpg\",\"datePublished\":\"2023-02-17T13:26:42+00:00\",\"dateModified\":\"2023-11-16T15:14:17+00:00\",\"description\":\"GREEN.WORKS Academy | Aussteller & Sponsoren: Masterclass| Immobilien klimagerecht sanieren und bauen - Von der Planung zur Umsetzung\",\"breadcrumb\":{\"@id\":\"https:\\\/\\\/dfvcg-events.de\\\/green-works\\\/deep-dive-immobilien-klimagerecht-sanieren-und-bauen-von-der-planung-zur-umsetzung\\\/#breadcrumb\"},\"inLanguage\":\"de\",\"potentialAction\":[{\"@type\":\"ReadAction\",\"target\":[\"https:\\\/\\\/dfvcg-events.de\\\/green-works\\\/deep-dive-immobilien-klimagerecht-sanieren-und-bauen-von-der-planung-zur-umsetzung\\\/\"]}]},{\"@type\":\"ImageObject\",\"inLanguage\":\"de\",\"@id\":\"https:\\\/\\\/dfvcg-events.de\\\/green-works\\\/deep-dive-immobilien-klimagerecht-sanieren-und-bauen-von-der-planung-zur-umsetzung\\\/#primaryimage\",\"url\":\"https:\\\/\\\/dfvcg-events.de\\\/green-works\\\/wp-content\\\/uploads\\\/sites\\\/47\\\/2023\\\/01\\\/GWA_Thumbnail_Veranstaltung_Masterclass_V2.jpg\",\"contentUrl\":\"https:\\\/\\\/dfvcg-events.de\\\/green-works\\\/wp-content\\\/uploads\\\/sites\\\/47\\\/2023\\\/01\\\/GWA_Thumbnail_Veranstaltung_Masterclass_V2.jpg\",\"width\":800,\"height\":800},{\"@type\":\"BreadcrumbList\",\"@id\":\"https:\\\/\\\/dfvcg-events.de\\\/green-works\\\/deep-dive-immobilien-klimagerecht-sanieren-und-bauen-von-der-planung-zur-umsetzung\\\/#breadcrumb\",\"itemListElement\":[{\"@type\":\"ListItem\",\"position\":1,\"name\":\"Startseite\",\"item\":\"https:\\\/\\\/dfvcg-events.de\\\/green-works\\\/\"},{\"@type\":\"ListItem\",\"position\":2,\"name\":\"Masterclass| Immobilien klimagerecht sanieren und bauen &#8211; Von der Planung zur Umsetzung\"}]},{\"@type\":\"WebSite\",\"@id\":\"https:\\\/\\\/dfvcg-events.de\\\/green-works\\\/#website\",\"url\":\"https:\\\/\\\/dfvcg-events.de\\\/green-works\\\/\",\"name\":\"GREEN.WORKS Academy\",\"description\":\"dfv Conference Group\",\"publisher\":{\"@id\":\"https:\\\/\\\/dfvcg-events.de\\\/green-works\\\/#organization\"},\"alternateName\":\"Green Works Academy\",\"potentialAction\":[{\"@type\":\"SearchAction\",\"target\":{\"@type\":\"EntryPoint\",\"urlTemplate\":\"https:\\\/\\\/dfvcg-events.de\\\/green-works\\\/?s={search_term_string}\"},\"query-input\":{\"@type\":\"PropertyValueSpecification\",\"valueRequired\":true,\"valueName\":\"search_term_string\"}}],\"inLanguage\":\"de\"},{\"@type\":\"Organization\",\"@id\":\"https:\\\/\\\/dfvcg-events.de\\\/green-works\\\/#organization\",\"name\":\"GREEN.WORKS Academy\",\"url\":\"https:\\\/\\\/dfvcg-events.de\\\/green-works\\\/\",\"logo\":{\"@type\":\"ImageObject\",\"inLanguage\":\"de\",\"@id\":\"https:\\\/\\\/dfvcg-events.de\\\/green-works\\\/#\\\/schema\\\/logo\\\/image\\\/\",\"url\":\"https:\\\/\\\/dfvcg-events.de\\\/green-works\\\/wp-content\\\/uploads\\\/sites\\\/47\\\/2023\\\/01\\\/GWAcademy_Logo_RGB_RZ.png\",\"contentUrl\":\"https:\\\/\\\/dfvcg-events.de\\\/green-works\\\/wp-content\\\/uploads\\\/sites\\\/47\\\/2023\\\/01\\\/GWAcademy_Logo_RGB_RZ.png\",\"width\":500,\"height\":143,\"caption\":\"GREEN.WORKS Academy\"},\"image\":{\"@id\":\"https:\\\/\\\/dfvcg-events.de\\\/green-works\\\/#\\\/schema\\\/logo\\\/image\\\/\"},\"sameAs\":[\"https:\\\/\\\/www.facebook.com\\\/dfvcg.de\\\/\",\"https:\\\/\\\/x.com\\\/dfvcg_\"]},{\"@type\":\"Person\",\"@id\":\"https:\\\/\\\/dfvcg-events.de\\\/green-works\\\/#\\\/schema\\\/person\\\/8a98e40ed96e61aa53aa06c70418cc9f\",\"name\":\"hartmann\",\"url\":\"https:\\\/\\\/dfvcg-events.de\\\/green-works\\\/author\\\/hartmann\\\/\"}]}<\/script>\n<!-- \/ Yoast SEO plugin. -->","yoast_head_json":{"title":"Masterclass| Immobilien klimagerecht sanieren und bauen - Von der Planung zur Umsetzung | GREEN.WORKS Academy","description":"GREEN.WORKS Academy | Aussteller & Sponsoren: Masterclass| Immobilien klimagerecht sanieren und bauen - Von der Planung zur Umsetzung","robots":{"index":"index","follow":"follow","max-snippet":"max-snippet:-1","max-image-preview":"max-image-preview:large","max-video-preview":"max-video-preview:-1"},"canonical":"https:\/\/dfvcg-events.de\/green-works\/deep-dive-immobilien-klimagerecht-sanieren-und-bauen-von-der-planung-zur-umsetzung\/","og_locale":"de_DE","og_type":"article","og_title":"Masterclass| Immobilien klimagerecht sanieren und bauen - Von der Planung zur Umsetzung | GREEN.WORKS Academy","og_description":"GREEN.WORKS Academy | Aussteller & Sponsoren: Masterclass| Immobilien klimagerecht sanieren und bauen - Von der Planung zur Umsetzung","og_url":"https:\/\/dfvcg-events.de\/green-works\/deep-dive-immobilien-klimagerecht-sanieren-und-bauen-von-der-planung-zur-umsetzung\/","og_site_name":"GREEN.WORKS Academy","article_publisher":"https:\/\/www.facebook.com\/dfvcg.de\/","article_published_time":"2023-02-17T13:26:42+00:00","article_modified_time":"2023-11-16T15:14:17+00:00","og_image":[{"width":800,"height":800,"url":"https:\/\/dfvcg-events.de\/green-works\/wp-content\/uploads\/sites\/47\/2023\/01\/GWA_Thumbnail_Veranstaltung_Masterclass_V2.jpg","type":"image\/jpeg"}],"author":"hartmann","twitter_card":"summary_large_image","twitter_creator":"@dfvcg_","twitter_site":"@dfvcg_","twitter_misc":{"Geschrieben von":"hartmann","Gesch\u00e4tzte Lesezeit":"12\u00a0Minuten"},"schema":{"@context":"https:\/\/schema.org","@graph":[{"@type":"Article","@id":"https:\/\/dfvcg-events.de\/green-works\/deep-dive-immobilien-klimagerecht-sanieren-und-bauen-von-der-planung-zur-umsetzung\/#article","isPartOf":{"@id":"https:\/\/dfvcg-events.de\/green-works\/deep-dive-immobilien-klimagerecht-sanieren-und-bauen-von-der-planung-zur-umsetzung\/"},"author":{"name":"hartmann","@id":"https:\/\/dfvcg-events.de\/green-works\/#\/schema\/person\/8a98e40ed96e61aa53aa06c70418cc9f"},"headline":"Masterclass| Immobilien klimagerecht sanieren und bauen &#8211; Von der Planung zur Umsetzung","datePublished":"2023-02-17T13:26:42+00:00","dateModified":"2023-11-16T15:14:17+00:00","mainEntityOfPage":{"@id":"https:\/\/dfvcg-events.de\/green-works\/deep-dive-immobilien-klimagerecht-sanieren-und-bauen-von-der-planung-zur-umsetzung\/"},"wordCount":4651,"publisher":{"@id":"https:\/\/dfvcg-events.de\/green-works\/#organization"},"image":{"@id":"https:\/\/dfvcg-events.de\/green-works\/deep-dive-immobilien-klimagerecht-sanieren-und-bauen-von-der-planung-zur-umsetzung\/#primaryimage"},"thumbnailUrl":"https:\/\/dfvcg-events.de\/green-works\/wp-content\/uploads\/sites\/47\/2023\/01\/GWA_Thumbnail_Veranstaltung_Masterclass_V2.jpg","articleSection":["Archiv"],"inLanguage":"de"},{"@type":"WebPage","@id":"https:\/\/dfvcg-events.de\/green-works\/deep-dive-immobilien-klimagerecht-sanieren-und-bauen-von-der-planung-zur-umsetzung\/","url":"https:\/\/dfvcg-events.de\/green-works\/deep-dive-immobilien-klimagerecht-sanieren-und-bauen-von-der-planung-zur-umsetzung\/","name":"Masterclass| Immobilien klimagerecht sanieren und bauen - Von der Planung zur Umsetzung | GREEN.WORKS Academy","isPartOf":{"@id":"https:\/\/dfvcg-events.de\/green-works\/#website"},"primaryImageOfPage":{"@id":"https:\/\/dfvcg-events.de\/green-works\/deep-dive-immobilien-klimagerecht-sanieren-und-bauen-von-der-planung-zur-umsetzung\/#primaryimage"},"image":{"@id":"https:\/\/dfvcg-events.de\/green-works\/deep-dive-immobilien-klimagerecht-sanieren-und-bauen-von-der-planung-zur-umsetzung\/#primaryimage"},"thumbnailUrl":"https:\/\/dfvcg-events.de\/green-works\/wp-content\/uploads\/sites\/47\/2023\/01\/GWA_Thumbnail_Veranstaltung_Masterclass_V2.jpg","datePublished":"2023-02-17T13:26:42+00:00","dateModified":"2023-11-16T15:14:17+00:00","description":"GREEN.WORKS Academy | Aussteller & Sponsoren: Masterclass| Immobilien klimagerecht sanieren und bauen - Von der Planung zur Umsetzung","breadcrumb":{"@id":"https:\/\/dfvcg-events.de\/green-works\/deep-dive-immobilien-klimagerecht-sanieren-und-bauen-von-der-planung-zur-umsetzung\/#breadcrumb"},"inLanguage":"de","potentialAction":[{"@type":"ReadAction","target":["https:\/\/dfvcg-events.de\/green-works\/deep-dive-immobilien-klimagerecht-sanieren-und-bauen-von-der-planung-zur-umsetzung\/"]}]},{"@type":"ImageObject","inLanguage":"de","@id":"https:\/\/dfvcg-events.de\/green-works\/deep-dive-immobilien-klimagerecht-sanieren-und-bauen-von-der-planung-zur-umsetzung\/#primaryimage","url":"https:\/\/dfvcg-events.de\/green-works\/wp-content\/uploads\/sites\/47\/2023\/01\/GWA_Thumbnail_Veranstaltung_Masterclass_V2.jpg","contentUrl":"https:\/\/dfvcg-events.de\/green-works\/wp-content\/uploads\/sites\/47\/2023\/01\/GWA_Thumbnail_Veranstaltung_Masterclass_V2.jpg","width":800,"height":800},{"@type":"BreadcrumbList","@id":"https:\/\/dfvcg-events.de\/green-works\/deep-dive-immobilien-klimagerecht-sanieren-und-bauen-von-der-planung-zur-umsetzung\/#breadcrumb","itemListElement":[{"@type":"ListItem","position":1,"name":"Startseite","item":"https:\/\/dfvcg-events.de\/green-works\/"},{"@type":"ListItem","position":2,"name":"Masterclass| Immobilien klimagerecht sanieren und bauen &#8211; Von der Planung zur Umsetzung"}]},{"@type":"WebSite","@id":"https:\/\/dfvcg-events.de\/green-works\/#website","url":"https:\/\/dfvcg-events.de\/green-works\/","name":"GREEN.WORKS Academy","description":"dfv Conference Group","publisher":{"@id":"https:\/\/dfvcg-events.de\/green-works\/#organization"},"alternateName":"Green Works Academy","potentialAction":[{"@type":"SearchAction","target":{"@type":"EntryPoint","urlTemplate":"https:\/\/dfvcg-events.de\/green-works\/?s={search_term_string}"},"query-input":{"@type":"PropertyValueSpecification","valueRequired":true,"valueName":"search_term_string"}}],"inLanguage":"de"},{"@type":"Organization","@id":"https:\/\/dfvcg-events.de\/green-works\/#organization","name":"GREEN.WORKS Academy","url":"https:\/\/dfvcg-events.de\/green-works\/","logo":{"@type":"ImageObject","inLanguage":"de","@id":"https:\/\/dfvcg-events.de\/green-works\/#\/schema\/logo\/image\/","url":"https:\/\/dfvcg-events.de\/green-works\/wp-content\/uploads\/sites\/47\/2023\/01\/GWAcademy_Logo_RGB_RZ.png","contentUrl":"https:\/\/dfvcg-events.de\/green-works\/wp-content\/uploads\/sites\/47\/2023\/01\/GWAcademy_Logo_RGB_RZ.png","width":500,"height":143,"caption":"GREEN.WORKS Academy"},"image":{"@id":"https:\/\/dfvcg-events.de\/green-works\/#\/schema\/logo\/image\/"},"sameAs":["https:\/\/www.facebook.com\/dfvcg.de\/","https:\/\/x.com\/dfvcg_"]},{"@type":"Person","@id":"https:\/\/dfvcg-events.de\/green-works\/#\/schema\/person\/8a98e40ed96e61aa53aa06c70418cc9f","name":"hartmann","url":"https:\/\/dfvcg-events.de\/green-works\/author\/hartmann\/"}]}},"_links":{"self":[{"href":"https:\/\/dfvcg-events.de\/green-works\/wp-json\/wp\/v2\/posts\/2001","targetHints":{"allow":["GET"]}}],"collection":[{"href":"https:\/\/dfvcg-events.de\/green-works\/wp-json\/wp\/v2\/posts"}],"about":[{"href":"https:\/\/dfvcg-events.de\/green-works\/wp-json\/wp\/v2\/types\/post"}],"author":[{"embeddable":true,"href":"https:\/\/dfvcg-events.de\/green-works\/wp-json\/wp\/v2\/users\/10"}],"replies":[{"embeddable":true,"href":"https:\/\/dfvcg-events.de\/green-works\/wp-json\/wp\/v2\/comments?post=2001"}],"version-history":[{"count":0,"href":"https:\/\/dfvcg-events.de\/green-works\/wp-json\/wp\/v2\/posts\/2001\/revisions"}],"wp:featuredmedia":[{"embeddable":true,"href":"https:\/\/dfvcg-events.de\/green-works\/wp-json\/wp\/v2\/media\/1696"}],"wp:attachment":[{"href":"https:\/\/dfvcg-events.de\/green-works\/wp-json\/wp\/v2\/media?parent=2001"}],"wp:term":[{"taxonomy":"category","embeddable":true,"href":"https:\/\/dfvcg-events.de\/green-works\/wp-json\/wp\/v2\/categories?post=2001"},{"taxonomy":"post_tag","embeddable":true,"href":"https:\/\/dfvcg-events.de\/green-works\/wp-json\/wp\/v2\/tags?post=2001"}],"curies":[{"name":"wp","href":"https:\/\/api.w.org\/{rel}","templated":true}]}}