{"id":1294,"date":"2023-01-09T21:44:40","date_gmt":"2023-01-09T20:44:40","guid":{"rendered":"https:\/\/dfvcg-events.de\/green-works\/?p=1294"},"modified":"2023-11-16T16:14:18","modified_gmt":"2023-11-16T15:14:18","slug":"unterstuetzung-beim-klimaschutz","status":"publish","type":"post","link":"https:\/\/dfvcg-events.de\/green-works\/unterstuetzung-beim-klimaschutz\/","title":{"rendered":"Masterclass | Unterst\u00fctzung beim Klimaschutz: Was k\u00f6nnen Dienstleister?"},"content":{"rendered":"<div id='av_section_1'  class='avia-section av-k7yuhjt1-f8125af67fe7e5e3f681af141884b592 main_color avia-section-default avia-no-border-styling  avia-builder-el-0  el_before_av_section  avia-builder-el-first  header-farbe avia-bg-style-scroll container_wrap fullsize'  ><div class='container av-section-cont-open' ><main  role=\"main\" itemprop=\"mainContentOfPage\"  class='template-page content  av-content-full alpha units'><div class='post-entry post-entry-type-page post-entry-1294'><div class='entry-content-wrapper clearfix'>\n\n<style type=\"text\/css\" data-created_by=\"avia_inline_auto\" id=\"style-css-av-kav2wagy-53b31f96abcfc71a5593a1c130258425\">\n#top .av-special-heading.av-kav2wagy-53b31f96abcfc71a5593a1c130258425{\npadding-bottom:0;\n}\nbody .av-special-heading.av-kav2wagy-53b31f96abcfc71a5593a1c130258425 .av-special-heading-tag .heading-char{\nfont-size:25px;\n}\n.av-special-heading.av-kav2wagy-53b31f96abcfc71a5593a1c130258425 .av-subheading{\nfont-size:15px;\n}\n<\/style>\n<div  class='av-special-heading av-kav2wagy-53b31f96abcfc71a5593a1c130258425 av-special-heading-h1 blockquote modern-quote  avia-builder-el-1  avia-builder-el-no-sibling '><div class='av-subheading av-subheading_above'><p>GREEN.WORKS Academy<\/p>\n<\/div><h1 class='av-special-heading-tag '  itemprop=\"headline\"  >Veranstaltung<\/h1><div class=\"special-heading-border\"><div class=\"special-heading-inner-border\"><\/div><\/div><\/div>\n\n<\/div><\/div><\/main><!-- close content main element --><\/div><\/div><div id='av_section_2'  class='avia-section av-2dylbi-055c9dff7b7937e58cc655f3aaca4e57 main_color avia-section-default avia-no-shadow  avia-builder-el-2  el_after_av_section  el_before_av_textblock  avia-bg-style-scroll container_wrap fullsize'  ><div class='container av-section-cont-open' ><div class='template-page content  av-content-full alpha units'><div class='post-entry post-entry-type-page post-entry-1294'><div class='entry-content-wrapper clearfix'>\n<div class='flex_column_table av-gjtzd-e4bd8c42f090c7e041762bae8c79e747 sc-av_two_third av-equal-height-column-flextable'>\n<style type=\"text\/css\" data-created_by=\"avia_inline_auto\" id=\"style-css-av-gjtzd-e4bd8c42f090c7e041762bae8c79e747\">\n.flex_column.av-gjtzd-e4bd8c42f090c7e041762bae8c79e747{\nborder-radius:0px 0px 0px 0px;\npadding:0px 0px 0px 0px;\n}\n<\/style>\n<div  class='flex_column av-gjtzd-e4bd8c42f090c7e041762bae8c79e747 av_two_third  avia-builder-el-3  el_before_av_one_third  avia-builder-el-first  first flex_column_table_cell av-equal-height-column av-align-middle av-zero-column-padding  '     ><p>\n<style type=\"text\/css\" data-created_by=\"avia_inline_auto\" id=\"style-css-av-kas66l5u-3d1ee7215d674774dcbea1cfbb052a45\">\n#top .av-special-heading.av-kas66l5u-3d1ee7215d674774dcbea1cfbb052a45{\npadding-bottom:10px;\n}\nbody .av-special-heading.av-kas66l5u-3d1ee7215d674774dcbea1cfbb052a45 .av-special-heading-tag .heading-char{\nfont-size:25px;\n}\n.av-special-heading.av-kas66l5u-3d1ee7215d674774dcbea1cfbb052a45 .av-subheading{\nfont-size:15px;\n}\n<\/style>\n<div  class='av-special-heading av-kas66l5u-3d1ee7215d674774dcbea1cfbb052a45 av-special-heading-h2 blockquote modern-quote  avia-builder-el-4  el_before_av_button  avia-builder-el-first '><h2 class='av-special-heading-tag '  itemprop=\"headline\"  >Masterclass | Unterst\u00fctzung beim Klimaschutz: Was k\u00f6nnen Dienstleister?<\/h2><div class='av-subheading av-subheading_below'><p>21.2.2023 | 11:00 \u2013 12:00 Uhr<\/p>\n<\/div><div class=\"special-heading-border\"><div class=\"special-heading-inner-border\"><\/div><\/div><\/div><br \/>\n<div  class='avia-button-wrap av-ld04dvz7-24fbc7197171c6a6771fbf06ab24242c-wrap avia-button-left  avia-builder-el-5  el_after_av_heading  el_before_av_textblock '><a href='#anmelden'  class='avia-button av-ld04dvz7-24fbc7197171c6a6771fbf06ab24242c av-link-btn avia-icon_select-no avia-size-large avia-position-left avia-color-theme-color'   aria-label=\"Jetzt anmelden\"><span class='avia_iconbox_title' >Jetzt anmelden<\/span><\/a><\/div><br \/>\n<section  class='av_textblock_section av-ldbqjf0f-9366fdcbe13d75bd37272f617bab2fab '   itemscope=\"itemscope\" itemtype=\"https:\/\/schema.org\/BlogPosting\" itemprop=\"blogPost\" ><div class='avia_textblock'  itemprop=\"text\" ><p>digitale Veranstaltung<\/p>\n<\/div><\/section><\/p><\/div><div class='av-flex-placeholder'><\/div>\n<style type=\"text\/css\" data-created_by=\"avia_inline_auto\" id=\"style-css-av-7pv81-b49a1e36663b2e8cca8dbc6d7f19f7c7\">\n.flex_column.av-7pv81-b49a1e36663b2e8cca8dbc6d7f19f7c7{\nborder-radius:0px 0px 0px 0px;\npadding:0px 0px 0px 0px;\n}\n<\/style>\n<div  class='flex_column av-7pv81-b49a1e36663b2e8cca8dbc6d7f19f7c7 av_one_third  avia-builder-el-7  el_after_av_two_third  avia-builder-el-last  flex_column_table_cell av-equal-height-column av-align-middle av-zero-column-padding  '     ><style type=\"text\/css\" data-created_by=\"avia_inline_auto\" id=\"style-css-av-k7zan5qj-753bc92969a160efc9c5c181edf8421f\">\n.avia-image-container.av-k7zan5qj-753bc92969a160efc9c5c181edf8421f img.avia_image{\nbox-shadow:none;\n}\n.avia-image-container.av-k7zan5qj-753bc92969a160efc9c5c181edf8421f .av-image-caption-overlay-center{\ncolor:#ffffff;\n}\n<\/style>\n<div  class='avia-image-container av-k7zan5qj-753bc92969a160efc9c5c181edf8421f av-styling- avia-align-center  avia-builder-el-8  avia-builder-el-no-sibling '   itemprop=\"image\" itemscope=\"itemscope\" itemtype=\"https:\/\/schema.org\/ImageObject\" ><div class=\"avia-image-container-inner\"><div class=\"avia-image-overlay-wrap\"><img decoding=\"async\" fetchpriority=\"high\" class='wp-image-1698 avia-img-lazy-loading-not-1698 avia_image ' src=\"https:\/\/dfvcg-events.de\/green-works\/wp-content\/uploads\/sites\/47\/2023\/01\/Thumbnail_Veranstaltung_1Speaker_V2.jpg\" alt='' title='Thumbnail_Veranstaltung_1Speaker_V2'  height=\"800\" width=\"800\"  itemprop=\"thumbnailUrl\"  \/><\/div><\/div><\/div><\/div><\/div><!--close column table wrapper. Autoclose: 1 --><\/div><\/div><\/div><!-- close content main div --><\/div><\/div><div id='after_section_2'  class='main_color av_default_container_wrap container_wrap fullsize'  ><div class='container av-section-cont-open' ><div class='template-page content  av-content-full alpha units'><div class='post-entry post-entry-type-page post-entry-1294'><div class='entry-content-wrapper clearfix'><section  class='av_textblock_section av-k7zalzjs-3d9090aa2234d5e46c3bb78cc7ac060d '   itemscope=\"itemscope\" itemtype=\"https:\/\/schema.org\/BlogPosting\" itemprop=\"blogPost\" ><div class='avia_textblock'  itemprop=\"text\" ><p>Klimaschutz ist f\u00fcr viele Unternehmen eine gro\u00dfe Herausforderung. Sie ben\u00f6tigen neues Know-how, um Treibhausgasbilanzen zu erstellen, eine Klimastrategie zu entwickeln und Ma\u00dfnahmen zu definieren und umzusetzen. Klimadienstleister k\u00f6nnen dabei helfen. Diese Masterclass gibt auf Basis von exklusivem Datenmaterial einen Einblick in die junge und schnell wachsende Branche.<\/p>\n<ul>\n<li>Sie erhalten einen \u00dcberblick \u00fcber die Carbon Management-Branche<\/li>\n<li>Sie erfahren, wie sich das Leistungsangebot entwickelt<\/li>\n<li>Sie lernen Kriterien f\u00fcr die Auswahl eines Klimadienstleisters kennen<\/li>\n<li>Sie verstehen die Vor- und Nachteile von Software- und Beratungsangeboten<\/li>\n<li>Sie wissen, wie ein Dienstleister arbeiten sollte<\/li>\n<li>Sie lernen idealtypische Dienstleister kennen<\/li>\n<\/ul>\n<p>Stellen Sie in Q&amp;A-Sessions den Speakern Ihre Fragen.<\/p>\n<\/div><\/section><\/p>\n<\/div><\/div><\/div><!-- close content main div --><\/div><\/div><div id='av_section_3'  class='avia-section av-aw1ni-dad583943b589042cd8c26cad79afc34 main_color avia-section-default avia-no-border-styling  avia-builder-el-10  el_after_av_textblock  el_before_av_section  avia-bg-style-scroll container_wrap fullsize'  ><div class='container av-section-cont-open' ><div class='template-page content  av-content-full alpha units'><div class='post-entry post-entry-type-page post-entry-1294'><div class='entry-content-wrapper clearfix'>\n\n<style type=\"text\/css\" data-created_by=\"avia_inline_auto\" id=\"style-css-av-lcpa6ug8-fc10dbe08c2f0226176ba520a45aebf8\">\n#top .av-special-heading.av-lcpa6ug8-fc10dbe08c2f0226176ba520a45aebf8{\npadding-bottom:10px;\n}\nbody .av-special-heading.av-lcpa6ug8-fc10dbe08c2f0226176ba520a45aebf8 .av-special-heading-tag .heading-char{\nfont-size:25px;\n}\n.av-special-heading.av-lcpa6ug8-fc10dbe08c2f0226176ba520a45aebf8 .av-subheading{\nfont-size:15px;\n}\n<\/style>\n<div  class='av-special-heading av-lcpa6ug8-fc10dbe08c2f0226176ba520a45aebf8 av-special-heading-h3 blockquote modern-quote  avia-builder-el-11  el_before_av_one_full  avia-builder-el-first '><h3 class='av-special-heading-tag '  itemprop=\"headline\"  >Speaker:<\/h3><div class=\"special-heading-border\"><div class=\"special-heading-inner-border\"><\/div><\/div><\/div>\n<div  class='flex_column av-26c8ry-a75f361887256d35de2a7cef1c1bd3db av_one_full  avia-builder-el-12  el_after_av_heading  el_before_av_one_third  first flex_column_div  '     ><\/div><div  class='flex_column av-2n0t5a-cdbd045f1b80bd9da28e9583bee563bd av_one_third  avia-builder-el-13  el_after_av_one_full  avia-builder-el-last  first flex_column_div  column-top-margin'     ><p>\n<style type=\"text\/css\" data-created_by=\"avia_inline_auto\" id=\"style-css-av-ld040b4o-a08daa921c8d168ad337e7b7eea22e9e\">\n#top #wrap_all .avia-team-member.av-ld040b4o-a08daa921c8d168ad337e7b7eea22e9e .team-member-name{\ncolor:#55b464;\n}\n.avia-team-member.av-ld040b4o-a08daa921c8d168ad337e7b7eea22e9e .team-member-job-title{\ncolor:#55b464;\n}\n<\/style>\n<section  class='avia-team-member av-ld040b4o-a08daa921c8d168ad337e7b7eea22e9e  avia-builder-el-14  el_before_av_toggle_container  avia-builder-el-first '  itemscope=\"itemscope\" itemtype=\"https:\/\/schema.org\/Person\" ><div class=\"team-img-container\"><img decoding=\"async\" fetchpriority=\"high\" class='wp-image-1356 avia-img-lazy-loading-not-1356 avia_image avia_image_team' src=\"https:\/\/dfvcg-events.de\/green-works\/wp-content\/uploads\/sites\/47\/2023\/01\/Daniel_Baumann_WEB.jpg\" alt='Daniel Baumann'  itemprop=\"image\"   height=\"638\" width=\"479\" \/><\/div><h3 class='team-member-name '  itemprop=\"name\" >Daniel Baumann<\/h3><div class='team-member-job-title av_opacity_variation'  itemprop=\"jobTitle\" >Editorial Director Green Transformation der dfv Mediengruppe<\/div><span class='hidden team-member-affiliation'  itemprop=\"affiliation\" >GREEN.WORKS Academy<\/span><\/section><br \/>\n<div  class='togglecontainer av-ld06fadu-124f52d0244e058b5708eb8641a21054  avia-builder-el-15  el_after_av_team_member  avia-builder-el-last  toggle_close_all' >\n<section class='av_toggle_section av-ld06f9ta-67f93879f2dfc9e66b7e4b9fc7b0c930'  itemscope=\"itemscope\" itemtype=\"https:\/\/schema.org\/BlogPosting\" itemprop=\"blogPost\" ><div role=\"tablist\" class=\"single_toggle\" data-tags=\"{Alle} \"  ><p id='toggle-toggle-id-1' data-fake-id='#toggle-id-1' class='toggler  av-title-above '  itemprop=\"headline\"  role='tab' tabindex='0' aria-controls='toggle-id-1' data-slide-speed=\"200\" data-title=\"Info\" data-title-open=\"\" data-aria_collapsed=\"Click to expand: Info\" data-aria_expanded=\"Click to collapse: Info\">Info<span class=\"toggle_icon\"><span class=\"vert_icon\"><\/span><span class=\"hor_icon\"><\/span><\/span><\/p><div id='toggle-id-1' aria-labelledby='toggle-toggle-id-1' role='region' class='toggle_wrap  av-title-above'  ><div class='toggle_content invers-color '  itemprop=\"text\" ><p><span class=\"TextRun SCXW182236959 BCX9\" lang=\"DE-DE\" xml:lang=\"DE-DE\" data-contrast=\"auto\"><span class=\"NormalTextRun SCXW182236959 BCX9\">Daniel Baumann ist Editorial Director Green Transformation der dfv Mediengruppe<\/span><span class=\"NormalTextRun SCXW182236959 BCX9\">. F\u00fcr das Medienhaus baut er titel\u00fcbergreifend das Informationsangebot zum unternehmerischen Klimaschutz auf. Zuvor <\/span><span class=\"NormalTextRun SCXW182236959 BCX9\">war er Wirtschafts- und Innovationschef einer \u00fcberregionalen Tageszeitung und arbeitete als Wirtschaftsautor <\/span><span class=\"NormalTextRun SCXW182236959 BCX9\">in Berlin.<\/span> <span class=\"NormalTextRun SCXW182236959 BCX9\">Baumann<\/span><span class=\"NormalTextRun SCXW182236959 BCX9\"> ist Autor des Einsteiger-Guides \u201eUnternehmerischen Klimaschutz verstehen &amp; managen\u201c und <\/span><span class=\"NormalTextRun SCXW182236959 BCX9\">hat den Klimadienstleister-Guide recherchiert, die umfassendste \u00dcbersicht \u00fcber <\/span><span class=\"NormalTextRun SCXW182236959 BCX9\">die Carbon Management-Branche in Deutschland.<\/span><\/span><span class=\"EOP SCXW182236959 BCX9\" data-ccp-props=\"{\">\u00a0<\/span><\/p>\n<\/div><\/div><\/div><\/section>\n<\/div><\/p><\/div>\n\n<\/div><\/div><\/div><!-- close content main div --><\/div><\/div><div id='anmelden'  class='avia-section av-lcpaks45-e0d0b1274aff4068ab622da52516c8e9 main_color avia-section-default avia-no-shadow  avia-builder-el-16  el_after_av_section  avia-builder-el-last  avia-bg-style-scroll container_wrap fullsize'  ><div class='container av-section-cont-open' ><div class='template-page content  av-content-full alpha units'><div class='post-entry post-entry-type-page post-entry-1294'><div class='entry-content-wrapper clearfix'>\n\n<style type=\"text\/css\" data-created_by=\"avia_inline_auto\" id=\"style-css-av-lcpal8j3-d9a863ecc4c21812ebbd0826c7647199\">\n#top .av-special-heading.av-lcpal8j3-d9a863ecc4c21812ebbd0826c7647199{\npadding-bottom:10px;\n}\nbody .av-special-heading.av-lcpal8j3-d9a863ecc4c21812ebbd0826c7647199 .av-special-heading-tag .heading-char{\nfont-size:25px;\n}\n.av-special-heading.av-lcpal8j3-d9a863ecc4c21812ebbd0826c7647199 .av-subheading{\nfont-size:15px;\n}\n<\/style>\n<div  class='av-special-heading av-lcpal8j3-d9a863ecc4c21812ebbd0826c7647199 av-special-heading-h3 blockquote modern-quote  avia-builder-el-17  el_before_av_codeblock  avia-builder-el-first '><h3 class='av-special-heading-tag '  itemprop=\"headline\"  >Jetzt anmelden<\/h3><div class=\"special-heading-border\"><div class=\"special-heading-inner-border\"><\/div><\/div><\/div>\n\n\n","protected":false},"excerpt":{"rendered":"<p>21.2.2023 | 11:00 \u2013 12:00 Uhr | Free<\/p>\n","protected":false},"author":1,"featured_media":1698,"comment_status":"closed","ping_status":"closed","sticky":false,"template":"","format":"standard","meta":{"footnotes":""},"categories":[53],"tags":[],"class_list":["post-1294","post","type-post","status-publish","format-standard","has-post-thumbnail","hentry","category-archiv"],"yoast_head":"<!-- This site is optimized with the Yoast SEO plugin v27.4 - https:\/\/yoast.com\/product\/yoast-seo-wordpress\/ -->\n<title>Masterclass | Unterst\u00fctzung beim Klimaschutz: Was k\u00f6nnen Dienstleister? | GREEN.WORKS Academy<\/title>\n<meta name=\"description\" content=\"GREEN.WORKS Academy | Aussteller &amp; Sponsoren: Masterclass | Unterst\u00fctzung beim Klimaschutz: Was k\u00f6nnen Dienstleister?\" \/>\n<meta name=\"robots\" content=\"index, follow, max-snippet:-1, max-image-preview:large, max-video-preview:-1\" \/>\n<link rel=\"canonical\" href=\"https:\/\/dfvcg-events.de\/green-works\/unterstuetzung-beim-klimaschutz\/\" \/>\n<meta property=\"og:locale\" content=\"de_DE\" \/>\n<meta property=\"og:type\" content=\"article\" \/>\n<meta property=\"og:title\" content=\"Masterclass | Unterst\u00fctzung beim Klimaschutz: Was k\u00f6nnen Dienstleister? | GREEN.WORKS Academy\" \/>\n<meta property=\"og:description\" content=\"GREEN.WORKS Academy | Aussteller &amp; Sponsoren: Masterclass | Unterst\u00fctzung beim Klimaschutz: Was k\u00f6nnen Dienstleister?\" \/>\n<meta property=\"og:url\" content=\"https:\/\/dfvcg-events.de\/green-works\/unterstuetzung-beim-klimaschutz\/\" \/>\n<meta property=\"og:site_name\" content=\"GREEN.WORKS Academy\" \/>\n<meta property=\"article:publisher\" content=\"https:\/\/www.facebook.com\/dfvcg.de\/\" \/>\n<meta property=\"article:published_time\" content=\"2023-01-09T20:44:40+00:00\" \/>\n<meta property=\"article:modified_time\" content=\"2023-11-16T15:14:18+00:00\" \/>\n<meta property=\"og:image\" content=\"https:\/\/dfvcg-events.de\/green-works\/wp-content\/uploads\/sites\/47\/2023\/01\/Thumbnail_Veranstaltung_1Speaker_V2.jpg\" \/>\n\t<meta property=\"og:image:width\" content=\"800\" \/>\n\t<meta property=\"og:image:height\" content=\"800\" \/>\n\t<meta property=\"og:image:type\" content=\"image\/jpeg\" \/>\n<meta name=\"author\" content=\"Typoindex\" \/>\n<meta name=\"twitter:card\" content=\"summary_large_image\" \/>\n<meta name=\"twitter:creator\" content=\"@dfvcg_\" \/>\n<meta name=\"twitter:site\" content=\"@dfvcg_\" \/>\n<meta name=\"twitter:label1\" content=\"Geschrieben von\" \/>\n\t<meta name=\"twitter:data1\" content=\"Typoindex\" \/>\n\t<meta name=\"twitter:label2\" content=\"Gesch\u00e4tzte Lesezeit\" \/>\n\t<meta name=\"twitter:data2\" content=\"7\u00a0Minuten\" \/>\n<script type=\"application\/ld+json\" class=\"yoast-schema-graph\">{\"@context\":\"https:\\\/\\\/schema.org\",\"@graph\":[{\"@type\":\"Article\",\"@id\":\"https:\\\/\\\/dfvcg-events.de\\\/green-works\\\/unterstuetzung-beim-klimaschutz\\\/#article\",\"isPartOf\":{\"@id\":\"https:\\\/\\\/dfvcg-events.de\\\/green-works\\\/unterstuetzung-beim-klimaschutz\\\/\"},\"author\":{\"name\":\"Typoindex\",\"@id\":\"https:\\\/\\\/dfvcg-events.de\\\/green-works\\\/#\\\/schema\\\/person\\\/49f7abd43c64892939b9ce033f0a25a5\"},\"headline\":\"Masterclass | Unterst\u00fctzung beim Klimaschutz: Was k\u00f6nnen Dienstleister?\",\"datePublished\":\"2023-01-09T20:44:40+00:00\",\"dateModified\":\"2023-11-16T15:14:18+00:00\",\"mainEntityOfPage\":{\"@id\":\"https:\\\/\\\/dfvcg-events.de\\\/green-works\\\/unterstuetzung-beim-klimaschutz\\\/\"},\"wordCount\":2742,\"publisher\":{\"@id\":\"https:\\\/\\\/dfvcg-events.de\\\/green-works\\\/#organization\"},\"image\":{\"@id\":\"https:\\\/\\\/dfvcg-events.de\\\/green-works\\\/unterstuetzung-beim-klimaschutz\\\/#primaryimage\"},\"thumbnailUrl\":\"https:\\\/\\\/dfvcg-events.de\\\/green-works\\\/wp-content\\\/uploads\\\/sites\\\/47\\\/2023\\\/01\\\/Thumbnail_Veranstaltung_1Speaker_V2.jpg\",\"articleSection\":[\"Archiv\"],\"inLanguage\":\"de\"},{\"@type\":\"WebPage\",\"@id\":\"https:\\\/\\\/dfvcg-events.de\\\/green-works\\\/unterstuetzung-beim-klimaschutz\\\/\",\"url\":\"https:\\\/\\\/dfvcg-events.de\\\/green-works\\\/unterstuetzung-beim-klimaschutz\\\/\",\"name\":\"Masterclass | Unterst\u00fctzung beim Klimaschutz: Was k\u00f6nnen Dienstleister? | GREEN.WORKS Academy\",\"isPartOf\":{\"@id\":\"https:\\\/\\\/dfvcg-events.de\\\/green-works\\\/#website\"},\"primaryImageOfPage\":{\"@id\":\"https:\\\/\\\/dfvcg-events.de\\\/green-works\\\/unterstuetzung-beim-klimaschutz\\\/#primaryimage\"},\"image\":{\"@id\":\"https:\\\/\\\/dfvcg-events.de\\\/green-works\\\/unterstuetzung-beim-klimaschutz\\\/#primaryimage\"},\"thumbnailUrl\":\"https:\\\/\\\/dfvcg-events.de\\\/green-works\\\/wp-content\\\/uploads\\\/sites\\\/47\\\/2023\\\/01\\\/Thumbnail_Veranstaltung_1Speaker_V2.jpg\",\"datePublished\":\"2023-01-09T20:44:40+00:00\",\"dateModified\":\"2023-11-16T15:14:18+00:00\",\"description\":\"GREEN.WORKS Academy | Aussteller & Sponsoren: Masterclass | Unterst\u00fctzung beim Klimaschutz: Was k\u00f6nnen Dienstleister?\",\"breadcrumb\":{\"@id\":\"https:\\\/\\\/dfvcg-events.de\\\/green-works\\\/unterstuetzung-beim-klimaschutz\\\/#breadcrumb\"},\"inLanguage\":\"de\",\"potentialAction\":[{\"@type\":\"ReadAction\",\"target\":[\"https:\\\/\\\/dfvcg-events.de\\\/green-works\\\/unterstuetzung-beim-klimaschutz\\\/\"]}]},{\"@type\":\"ImageObject\",\"inLanguage\":\"de\",\"@id\":\"https:\\\/\\\/dfvcg-events.de\\\/green-works\\\/unterstuetzung-beim-klimaschutz\\\/#primaryimage\",\"url\":\"https:\\\/\\\/dfvcg-events.de\\\/green-works\\\/wp-content\\\/uploads\\\/sites\\\/47\\\/2023\\\/01\\\/Thumbnail_Veranstaltung_1Speaker_V2.jpg\",\"contentUrl\":\"https:\\\/\\\/dfvcg-events.de\\\/green-works\\\/wp-content\\\/uploads\\\/sites\\\/47\\\/2023\\\/01\\\/Thumbnail_Veranstaltung_1Speaker_V2.jpg\",\"width\":800,\"height\":800},{\"@type\":\"BreadcrumbList\",\"@id\":\"https:\\\/\\\/dfvcg-events.de\\\/green-works\\\/unterstuetzung-beim-klimaschutz\\\/#breadcrumb\",\"itemListElement\":[{\"@type\":\"ListItem\",\"position\":1,\"name\":\"Startseite\",\"item\":\"https:\\\/\\\/dfvcg-events.de\\\/green-works\\\/\"},{\"@type\":\"ListItem\",\"position\":2,\"name\":\"Masterclass | Unterst\u00fctzung beim Klimaschutz: Was k\u00f6nnen Dienstleister?\"}]},{\"@type\":\"WebSite\",\"@id\":\"https:\\\/\\\/dfvcg-events.de\\\/green-works\\\/#website\",\"url\":\"https:\\\/\\\/dfvcg-events.de\\\/green-works\\\/\",\"name\":\"GREEN.WORKS Academy\",\"description\":\"dfv Conference Group\",\"publisher\":{\"@id\":\"https:\\\/\\\/dfvcg-events.de\\\/green-works\\\/#organization\"},\"alternateName\":\"Green Works Academy\",\"potentialAction\":[{\"@type\":\"SearchAction\",\"target\":{\"@type\":\"EntryPoint\",\"urlTemplate\":\"https:\\\/\\\/dfvcg-events.de\\\/green-works\\\/?s={search_term_string}\"},\"query-input\":{\"@type\":\"PropertyValueSpecification\",\"valueRequired\":true,\"valueName\":\"search_term_string\"}}],\"inLanguage\":\"de\"},{\"@type\":\"Organization\",\"@id\":\"https:\\\/\\\/dfvcg-events.de\\\/green-works\\\/#organization\",\"name\":\"GREEN.WORKS Academy\",\"url\":\"https:\\\/\\\/dfvcg-events.de\\\/green-works\\\/\",\"logo\":{\"@type\":\"ImageObject\",\"inLanguage\":\"de\",\"@id\":\"https:\\\/\\\/dfvcg-events.de\\\/green-works\\\/#\\\/schema\\\/logo\\\/image\\\/\",\"url\":\"https:\\\/\\\/dfvcg-events.de\\\/green-works\\\/wp-content\\\/uploads\\\/sites\\\/47\\\/2023\\\/01\\\/GWAcademy_Logo_RGB_RZ.png\",\"contentUrl\":\"https:\\\/\\\/dfvcg-events.de\\\/green-works\\\/wp-content\\\/uploads\\\/sites\\\/47\\\/2023\\\/01\\\/GWAcademy_Logo_RGB_RZ.png\",\"width\":500,\"height\":143,\"caption\":\"GREEN.WORKS Academy\"},\"image\":{\"@id\":\"https:\\\/\\\/dfvcg-events.de\\\/green-works\\\/#\\\/schema\\\/logo\\\/image\\\/\"},\"sameAs\":[\"https:\\\/\\\/www.facebook.com\\\/dfvcg.de\\\/\",\"https:\\\/\\\/x.com\\\/dfvcg_\"]},{\"@type\":\"Person\",\"@id\":\"https:\\\/\\\/dfvcg-events.de\\\/green-works\\\/#\\\/schema\\\/person\\\/49f7abd43c64892939b9ce033f0a25a5\",\"name\":\"Typoindex\",\"url\":\"https:\\\/\\\/dfvcg-events.de\\\/green-works\\\/author\\\/typoindex\\\/\"}]}<\/script>\n<!-- \/ Yoast SEO plugin. -->","yoast_head_json":{"title":"Masterclass | Unterst\u00fctzung beim Klimaschutz: Was k\u00f6nnen Dienstleister? | GREEN.WORKS Academy","description":"GREEN.WORKS Academy | Aussteller & Sponsoren: Masterclass | Unterst\u00fctzung beim Klimaschutz: Was k\u00f6nnen Dienstleister?","robots":{"index":"index","follow":"follow","max-snippet":"max-snippet:-1","max-image-preview":"max-image-preview:large","max-video-preview":"max-video-preview:-1"},"canonical":"https:\/\/dfvcg-events.de\/green-works\/unterstuetzung-beim-klimaschutz\/","og_locale":"de_DE","og_type":"article","og_title":"Masterclass | Unterst\u00fctzung beim Klimaschutz: Was k\u00f6nnen Dienstleister? | GREEN.WORKS Academy","og_description":"GREEN.WORKS Academy | Aussteller & Sponsoren: Masterclass | Unterst\u00fctzung beim Klimaschutz: Was k\u00f6nnen Dienstleister?","og_url":"https:\/\/dfvcg-events.de\/green-works\/unterstuetzung-beim-klimaschutz\/","og_site_name":"GREEN.WORKS Academy","article_publisher":"https:\/\/www.facebook.com\/dfvcg.de\/","article_published_time":"2023-01-09T20:44:40+00:00","article_modified_time":"2023-11-16T15:14:18+00:00","og_image":[{"width":800,"height":800,"url":"https:\/\/dfvcg-events.de\/green-works\/wp-content\/uploads\/sites\/47\/2023\/01\/Thumbnail_Veranstaltung_1Speaker_V2.jpg","type":"image\/jpeg"}],"author":"Typoindex","twitter_card":"summary_large_image","twitter_creator":"@dfvcg_","twitter_site":"@dfvcg_","twitter_misc":{"Geschrieben von":"Typoindex","Gesch\u00e4tzte Lesezeit":"7\u00a0Minuten"},"schema":{"@context":"https:\/\/schema.org","@graph":[{"@type":"Article","@id":"https:\/\/dfvcg-events.de\/green-works\/unterstuetzung-beim-klimaschutz\/#article","isPartOf":{"@id":"https:\/\/dfvcg-events.de\/green-works\/unterstuetzung-beim-klimaschutz\/"},"author":{"name":"Typoindex","@id":"https:\/\/dfvcg-events.de\/green-works\/#\/schema\/person\/49f7abd43c64892939b9ce033f0a25a5"},"headline":"Masterclass | Unterst\u00fctzung beim Klimaschutz: Was k\u00f6nnen Dienstleister?","datePublished":"2023-01-09T20:44:40+00:00","dateModified":"2023-11-16T15:14:18+00:00","mainEntityOfPage":{"@id":"https:\/\/dfvcg-events.de\/green-works\/unterstuetzung-beim-klimaschutz\/"},"wordCount":2742,"publisher":{"@id":"https:\/\/dfvcg-events.de\/green-works\/#organization"},"image":{"@id":"https:\/\/dfvcg-events.de\/green-works\/unterstuetzung-beim-klimaschutz\/#primaryimage"},"thumbnailUrl":"https:\/\/dfvcg-events.de\/green-works\/wp-content\/uploads\/sites\/47\/2023\/01\/Thumbnail_Veranstaltung_1Speaker_V2.jpg","articleSection":["Archiv"],"inLanguage":"de"},{"@type":"WebPage","@id":"https:\/\/dfvcg-events.de\/green-works\/unterstuetzung-beim-klimaschutz\/","url":"https:\/\/dfvcg-events.de\/green-works\/unterstuetzung-beim-klimaschutz\/","name":"Masterclass | Unterst\u00fctzung beim Klimaschutz: Was k\u00f6nnen Dienstleister? | GREEN.WORKS Academy","isPartOf":{"@id":"https:\/\/dfvcg-events.de\/green-works\/#website"},"primaryImageOfPage":{"@id":"https:\/\/dfvcg-events.de\/green-works\/unterstuetzung-beim-klimaschutz\/#primaryimage"},"image":{"@id":"https:\/\/dfvcg-events.de\/green-works\/unterstuetzung-beim-klimaschutz\/#primaryimage"},"thumbnailUrl":"https:\/\/dfvcg-events.de\/green-works\/wp-content\/uploads\/sites\/47\/2023\/01\/Thumbnail_Veranstaltung_1Speaker_V2.jpg","datePublished":"2023-01-09T20:44:40+00:00","dateModified":"2023-11-16T15:14:18+00:00","description":"GREEN.WORKS Academy | Aussteller & Sponsoren: Masterclass | Unterst\u00fctzung beim Klimaschutz: Was k\u00f6nnen Dienstleister?","breadcrumb":{"@id":"https:\/\/dfvcg-events.de\/green-works\/unterstuetzung-beim-klimaschutz\/#breadcrumb"},"inLanguage":"de","potentialAction":[{"@type":"ReadAction","target":["https:\/\/dfvcg-events.de\/green-works\/unterstuetzung-beim-klimaschutz\/"]}]},{"@type":"ImageObject","inLanguage":"de","@id":"https:\/\/dfvcg-events.de\/green-works\/unterstuetzung-beim-klimaschutz\/#primaryimage","url":"https:\/\/dfvcg-events.de\/green-works\/wp-content\/uploads\/sites\/47\/2023\/01\/Thumbnail_Veranstaltung_1Speaker_V2.jpg","contentUrl":"https:\/\/dfvcg-events.de\/green-works\/wp-content\/uploads\/sites\/47\/2023\/01\/Thumbnail_Veranstaltung_1Speaker_V2.jpg","width":800,"height":800},{"@type":"BreadcrumbList","@id":"https:\/\/dfvcg-events.de\/green-works\/unterstuetzung-beim-klimaschutz\/#breadcrumb","itemListElement":[{"@type":"ListItem","position":1,"name":"Startseite","item":"https:\/\/dfvcg-events.de\/green-works\/"},{"@type":"ListItem","position":2,"name":"Masterclass | Unterst\u00fctzung beim Klimaschutz: Was k\u00f6nnen Dienstleister?"}]},{"@type":"WebSite","@id":"https:\/\/dfvcg-events.de\/green-works\/#website","url":"https:\/\/dfvcg-events.de\/green-works\/","name":"GREEN.WORKS Academy","description":"dfv Conference Group","publisher":{"@id":"https:\/\/dfvcg-events.de\/green-works\/#organization"},"alternateName":"Green Works Academy","potentialAction":[{"@type":"SearchAction","target":{"@type":"EntryPoint","urlTemplate":"https:\/\/dfvcg-events.de\/green-works\/?s={search_term_string}"},"query-input":{"@type":"PropertyValueSpecification","valueRequired":true,"valueName":"search_term_string"}}],"inLanguage":"de"},{"@type":"Organization","@id":"https:\/\/dfvcg-events.de\/green-works\/#organization","name":"GREEN.WORKS Academy","url":"https:\/\/dfvcg-events.de\/green-works\/","logo":{"@type":"ImageObject","inLanguage":"de","@id":"https:\/\/dfvcg-events.de\/green-works\/#\/schema\/logo\/image\/","url":"https:\/\/dfvcg-events.de\/green-works\/wp-content\/uploads\/sites\/47\/2023\/01\/GWAcademy_Logo_RGB_RZ.png","contentUrl":"https:\/\/dfvcg-events.de\/green-works\/wp-content\/uploads\/sites\/47\/2023\/01\/GWAcademy_Logo_RGB_RZ.png","width":500,"height":143,"caption":"GREEN.WORKS Academy"},"image":{"@id":"https:\/\/dfvcg-events.de\/green-works\/#\/schema\/logo\/image\/"},"sameAs":["https:\/\/www.facebook.com\/dfvcg.de\/","https:\/\/x.com\/dfvcg_"]},{"@type":"Person","@id":"https:\/\/dfvcg-events.de\/green-works\/#\/schema\/person\/49f7abd43c64892939b9ce033f0a25a5","name":"Typoindex","url":"https:\/\/dfvcg-events.de\/green-works\/author\/typoindex\/"}]}},"_links":{"self":[{"href":"https:\/\/dfvcg-events.de\/green-works\/wp-json\/wp\/v2\/posts\/1294","targetHints":{"allow":["GET"]}}],"collection":[{"href":"https:\/\/dfvcg-events.de\/green-works\/wp-json\/wp\/v2\/posts"}],"about":[{"href":"https:\/\/dfvcg-events.de\/green-works\/wp-json\/wp\/v2\/types\/post"}],"author":[{"embeddable":true,"href":"https:\/\/dfvcg-events.de\/green-works\/wp-json\/wp\/v2\/users\/1"}],"replies":[{"embeddable":true,"href":"https:\/\/dfvcg-events.de\/green-works\/wp-json\/wp\/v2\/comments?post=1294"}],"version-history":[{"count":0,"href":"https:\/\/dfvcg-events.de\/green-works\/wp-json\/wp\/v2\/posts\/1294\/revisions"}],"wp:featuredmedia":[{"embeddable":true,"href":"https:\/\/dfvcg-events.de\/green-works\/wp-json\/wp\/v2\/media\/1698"}],"wp:attachment":[{"href":"https:\/\/dfvcg-events.de\/green-works\/wp-json\/wp\/v2\/media?parent=1294"}],"wp:term":[{"taxonomy":"category","embeddable":true,"href":"https:\/\/dfvcg-events.de\/green-works\/wp-json\/wp\/v2\/categories?post=1294"},{"taxonomy":"post_tag","embeddable":true,"href":"https:\/\/dfvcg-events.de\/green-works\/wp-json\/wp\/v2\/tags?post=1294"}],"curies":[{"name":"wp","href":"https:\/\/api.w.org\/{rel}","templated":true}]}}