{"id":3688,"date":"2024-06-13T10:50:45","date_gmt":"2024-06-13T08:50:45","guid":{"rendered":"https:\/\/dfvcg-events.de\/european-foodservice-summit\/?p=3688"},"modified":"2024-07-15T09:27:55","modified_gmt":"2024-07-15T07:27:55","slug":"efss-executive-exchange-in-paris","status":"publish","type":"post","link":"https:\/\/dfvcg-events.de\/european-foodservice-summit\/efss-executive-exchange-in-paris\/","title":{"rendered":"EFSS Executive Exchange &#8211; Paris Edition"},"content":{"rendered":"<p><strong><img loading=\"lazy\" decoding=\"async\" class=\"alignnone size-full wp-image-3850\" src=\"https:\/\/dfvcg-events.de\/european-foodservice-summit\/wp-content\/uploads\/sites\/19\/2024\/06\/Design-ohne-Titel.jpg\" alt=\"\" width=\"2309\" height=\"1299\" srcset=\"https:\/\/dfvcg-events.de\/european-foodservice-summit\/wp-content\/uploads\/sites\/19\/2024\/06\/Design-ohne-Titel.jpg 2309w, https:\/\/dfvcg-events.de\/european-foodservice-summit\/wp-content\/uploads\/sites\/19\/2024\/06\/Design-ohne-Titel-705x397.jpg 705w\" sizes=\"auto, (max-width: 2309px) 100vw, 2309px\" \/>Networking at its finest: The European Foodservice Summit has once again united the top leaders of European gastronomy, this time in the vibrant city of Paris.\u00a0<\/strong><\/p>\n<p>Seasoned professionals and successful newcomers of the French culinary scene recently gathered\u00a0 for the EFSS Executive Exchange in Paris. The high-level networking event was hosted by the dfv Media Group in collaboration with co-organizer White Space Partners. Katrin Wissmann, the program coordinator for the European Foodservice Summit, extended a warm welcome to the esteemed attendees.<\/p>\n<p>&nbsp;<\/p>\n<div id=\"attachment_3695\" style=\"width: 269px\" class=\"wp-caption alignright\"><img loading=\"lazy\" decoding=\"async\" aria-describedby=\"caption-attachment-3695\" class=\"wp-image-3695\" src=\"https:\/\/dfvcg-events.de\/european-foodservice-summit\/wp-content\/uploads\/sites\/19\/2024\/06\/KW_Bild_Marta-e1718267581349-208x300.jpg\" alt=\"\" width=\"259\" height=\"374\" \/><p id=\"caption-attachment-3695\" class=\"wp-caption-text\">Katrin Wissmann, Executive Editor, european foodservice media, welcomed the guests on behalf of the European Foodservice Summit.<\/p><\/div>\n<p>Among the approximately 30 participants were the cr\u00e8me de la cr\u00e8me of French gastronomy businesses, including Thierry Costes (CEO of Beaumarly), Fr\u00e9d\u00e9ric Levacher (CEO of Quick), Christopher Jones (CEO of La Brioche Dor\u00e9e), St\u00e9phane Ch\u00e9rel (CEO of O\u2019Tacos), and Val\u00e9rie Kuntzmann (CEO of Le Paradis du Fruit).<\/p>\n<p>&nbsp;<\/p>\n<p>The conversations that ensued were lively and covered a plethora of industry-relevant topics, including gastronomy during the upcoming Olympic Games in Paris, international expansion, and the potential and standards of cross-border brand conventions. The debate also heated up over the pros and cons of the \u201cnon-homemade\u201d label, which is currently poised to make its mark on French gastronomy.<\/p>\n<div id=\"attachment_3694\" style=\"width: 374px\" class=\"wp-caption alignleft\"><img loading=\"lazy\" decoding=\"async\" aria-describedby=\"caption-attachment-3694\" class=\"wp-image-3694\" src=\"https:\/\/dfvcg-events.de\/european-foodservice-summit\/wp-content\/uploads\/sites\/19\/2024\/06\/17.jpg\" alt=\"\" width=\"364\" height=\"273\" srcset=\"https:\/\/dfvcg-events.de\/european-foodservice-summit\/wp-content\/uploads\/sites\/19\/2024\/06\/17.jpg 2016w, https:\/\/dfvcg-events.de\/european-foodservice-summit\/wp-content\/uploads\/sites\/19\/2024\/06\/17-705x529.jpg 705w\" sizes=\"auto, (max-width: 364px) 100vw, 364px\" \/><p id=\"caption-attachment-3694\" class=\"wp-caption-text\">Michelin-starred chef and culinary host Thierry Marx was delighted with his distinguished guests.<\/p><\/div>\n<p>&nbsp;<\/p>\n<p>A staunch advocate of this label, Michelin-starred chef Thierry Marx \u2013 the culinary host for the evening at his restaurant ONOR \u2013 welcomed the EFSS Executive Exchange. The restaurant, known for its avant-garde cuisine and recently awarded a golden palm by the Leaders Club France, is a beacon of culinary excellence.<\/p>\n<p>&nbsp;<\/p>\n<div id=\"attachment_3692\" style=\"width: 418px\" class=\"wp-caption alignright\"><img loading=\"lazy\" decoding=\"async\" aria-describedby=\"caption-attachment-3692\" class=\"wp-image-3692\" src=\"https:\/\/dfvcg-events.de\/european-foodservice-summit\/wp-content\/uploads\/sites\/19\/2024\/06\/4.jpg\" alt=\"\" width=\"408\" height=\"306\" srcset=\"https:\/\/dfvcg-events.de\/european-foodservice-summit\/wp-content\/uploads\/sites\/19\/2024\/06\/4.jpg 4032w, https:\/\/dfvcg-events.de\/european-foodservice-summit\/wp-content\/uploads\/sites\/19\/2024\/06\/4-705x529.jpg 705w\" sizes=\"auto, (max-width: 408px) 100vw, 408px\" \/><p id=\"caption-attachment-3692\" class=\"wp-caption-text\">\u201cI love the European Foodservice family!\u201d underlined Marta Pogroszewska, an EFSS Advisory Board Member and CEO of Gail\u2019s Bakery, echoing the sentiments of many.<\/p><\/div>\n<p>\u201cWhat a fantastic evening,\u201d commented Andreas Karlsson (CEO of Sticks\u2019n\u2019Sushi), who, along with Marta Pogroszewska (CEO of Gail&#8217;s Bakery) and Victor Lugger (CEO of Big Mamma Group), represented the Advisory Board of the European Foodservice Summit at the Paris event.<\/p>\n<p>&nbsp;<\/p>\n<p>The opportunity for international networking will continue in September: the European Foodservice Summit will be held for the first time in Amsterdam on the 17th (Pre-Conference-Day), 18th, and 19th of September. Tickets are available in the <a href=\"https:\/\/dfvcg-events.de\/european-foodservice-summit\/ticket-shop\/\">ticket shop<\/a>.<\/p>\n","protected":false},"excerpt":{"rendered":"<p>Networking at its finest: The European Foodservice Summit has once again united the top leaders of European gastronomy, this time in the vibrant city of Paris.\u00a0 Seasoned professionals and successful newcomers of the French culinary scene recently gathered\u00a0 for the EFSS Executive Exchange in Paris. The high-level networking event was hosted by the dfv Media [&hellip;]<\/p>\n","protected":false},"author":30,"featured_media":3850,"comment_status":"closed","ping_status":"closed","sticky":false,"template":"","format":"standard","meta":{"footnotes":""},"categories":[55],"tags":[],"class_list":["post-3688","post","type-post","status-publish","format-standard","has-post-thumbnail","hentry","category-news"],"yoast_head":"<!-- This site is optimized with the Yoast SEO plugin v27.4 - https:\/\/yoast.com\/product\/yoast-seo-wordpress\/ -->\n<title>EFSS Executive Exchange - Paris Edition | European Foodservice Summit<\/title>\n<meta name=\"robots\" content=\"index, follow, max-snippet:-1, max-image-preview:large, max-video-preview:-1\" \/>\n<link rel=\"canonical\" href=\"https:\/\/dfvcg-events.de\/european-foodservice-summit\/efss-executive-exchange-in-paris\/\" \/>\n<meta property=\"og:locale\" content=\"en_GB\" \/>\n<meta property=\"og:type\" content=\"article\" \/>\n<meta property=\"og:title\" content=\"EFSS Executive Exchange - Paris Edition | European Foodservice Summit\" \/>\n<meta property=\"og:description\" content=\"Networking at its finest: The European Foodservice Summit has once again united the top leaders of European gastronomy, this time in the vibrant city of Paris.\u00a0 Seasoned professionals and successful newcomers of the French culinary scene recently gathered\u00a0 for the EFSS Executive Exchange in Paris. The high-level networking event was hosted by the dfv Media [&hellip;]\" \/>\n<meta property=\"og:url\" content=\"https:\/\/dfvcg-events.de\/european-foodservice-summit\/efss-executive-exchange-in-paris\/\" \/>\n<meta property=\"og:site_name\" content=\"European Foodservice Summit\" \/>\n<meta property=\"article:published_time\" content=\"2024-06-13T08:50:45+00:00\" \/>\n<meta property=\"article:modified_time\" content=\"2024-07-15T07:27:55+00:00\" \/>\n<meta property=\"og:image\" content=\"https:\/\/dfvcg-events.de\/european-foodservice-summit\/wp-content\/uploads\/sites\/19\/2024\/06\/Design-ohne-Titel.jpg\" \/>\n\t<meta property=\"og:image:width\" content=\"2309\" \/>\n\t<meta property=\"og:image:height\" content=\"1299\" \/>\n\t<meta property=\"og:image:type\" content=\"image\/jpeg\" \/>\n<meta name=\"author\" content=\"foodservice\" \/>\n<meta name=\"twitter:card\" content=\"summary_large_image\" \/>\n<meta name=\"twitter:label1\" content=\"Written by\" \/>\n\t<meta name=\"twitter:data1\" content=\"foodservice\" \/>\n\t<meta name=\"twitter:label2\" content=\"Estimated reading time\" \/>\n\t<meta name=\"twitter:data2\" content=\"3 minutes\" \/>\n<script type=\"application\/ld+json\" class=\"yoast-schema-graph\">{\"@context\":\"https:\\\/\\\/schema.org\",\"@graph\":[{\"@type\":\"Article\",\"@id\":\"https:\\\/\\\/dfvcg-events.de\\\/european-foodservice-summit\\\/efss-executive-exchange-in-paris\\\/#article\",\"isPartOf\":{\"@id\":\"https:\\\/\\\/dfvcg-events.de\\\/european-foodservice-summit\\\/efss-executive-exchange-in-paris\\\/\"},\"author\":{\"name\":\"foodservice\",\"@id\":\"https:\\\/\\\/dfvcg-events.de\\\/european-foodservice-summit\\\/#\\\/schema\\\/person\\\/2d4b6806ba494b3382ce96769a7866ca\"},\"headline\":\"EFSS Executive Exchange &#8211; Paris Edition\",\"datePublished\":\"2024-06-13T08:50:45+00:00\",\"dateModified\":\"2024-07-15T07:27:55+00:00\",\"mainEntityOfPage\":{\"@id\":\"https:\\\/\\\/dfvcg-events.de\\\/european-foodservice-summit\\\/efss-executive-exchange-in-paris\\\/\"},\"wordCount\":411,\"publisher\":{\"@id\":\"https:\\\/\\\/dfvcg-events.de\\\/european-foodservice-summit\\\/#organization\"},\"image\":{\"@id\":\"https:\\\/\\\/dfvcg-events.de\\\/european-foodservice-summit\\\/efss-executive-exchange-in-paris\\\/#primaryimage\"},\"thumbnailUrl\":\"https:\\\/\\\/dfvcg-events.de\\\/european-foodservice-summit\\\/wp-content\\\/uploads\\\/sites\\\/19\\\/2024\\\/06\\\/Design-ohne-Titel.jpg\",\"articleSection\":[\"News\"],\"inLanguage\":\"en-GB\"},{\"@type\":\"WebPage\",\"@id\":\"https:\\\/\\\/dfvcg-events.de\\\/european-foodservice-summit\\\/efss-executive-exchange-in-paris\\\/\",\"url\":\"https:\\\/\\\/dfvcg-events.de\\\/european-foodservice-summit\\\/efss-executive-exchange-in-paris\\\/\",\"name\":\"EFSS Executive Exchange - Paris Edition | European Foodservice Summit\",\"isPartOf\":{\"@id\":\"https:\\\/\\\/dfvcg-events.de\\\/european-foodservice-summit\\\/#website\"},\"primaryImageOfPage\":{\"@id\":\"https:\\\/\\\/dfvcg-events.de\\\/european-foodservice-summit\\\/efss-executive-exchange-in-paris\\\/#primaryimage\"},\"image\":{\"@id\":\"https:\\\/\\\/dfvcg-events.de\\\/european-foodservice-summit\\\/efss-executive-exchange-in-paris\\\/#primaryimage\"},\"thumbnailUrl\":\"https:\\\/\\\/dfvcg-events.de\\\/european-foodservice-summit\\\/wp-content\\\/uploads\\\/sites\\\/19\\\/2024\\\/06\\\/Design-ohne-Titel.jpg\",\"datePublished\":\"2024-06-13T08:50:45+00:00\",\"dateModified\":\"2024-07-15T07:27:55+00:00\",\"breadcrumb\":{\"@id\":\"https:\\\/\\\/dfvcg-events.de\\\/european-foodservice-summit\\\/efss-executive-exchange-in-paris\\\/#breadcrumb\"},\"inLanguage\":\"en-GB\",\"potentialAction\":[{\"@type\":\"ReadAction\",\"target\":[\"https:\\\/\\\/dfvcg-events.de\\\/european-foodservice-summit\\\/efss-executive-exchange-in-paris\\\/\"]}]},{\"@type\":\"ImageObject\",\"inLanguage\":\"en-GB\",\"@id\":\"https:\\\/\\\/dfvcg-events.de\\\/european-foodservice-summit\\\/efss-executive-exchange-in-paris\\\/#primaryimage\",\"url\":\"https:\\\/\\\/dfvcg-events.de\\\/european-foodservice-summit\\\/wp-content\\\/uploads\\\/sites\\\/19\\\/2024\\\/06\\\/Design-ohne-Titel.jpg\",\"contentUrl\":\"https:\\\/\\\/dfvcg-events.de\\\/european-foodservice-summit\\\/wp-content\\\/uploads\\\/sites\\\/19\\\/2024\\\/06\\\/Design-ohne-Titel.jpg\",\"width\":2309,\"height\":1299},{\"@type\":\"BreadcrumbList\",\"@id\":\"https:\\\/\\\/dfvcg-events.de\\\/european-foodservice-summit\\\/efss-executive-exchange-in-paris\\\/#breadcrumb\",\"itemListElement\":[{\"@type\":\"ListItem\",\"position\":1,\"name\":\"Startseite\",\"item\":\"https:\\\/\\\/dfvcg-events.de\\\/european-foodservice-summit\\\/\"},{\"@type\":\"ListItem\",\"position\":2,\"name\":\"EFSS Executive Exchange &#8211; Paris Edition\"}]},{\"@type\":\"WebSite\",\"@id\":\"https:\\\/\\\/dfvcg-events.de\\\/european-foodservice-summit\\\/#website\",\"url\":\"https:\\\/\\\/dfvcg-events.de\\\/european-foodservice-summit\\\/\",\"name\":\"European Foodservice Summit\",\"description\":\"dfv Conference Group\",\"publisher\":{\"@id\":\"https:\\\/\\\/dfvcg-events.de\\\/european-foodservice-summit\\\/#organization\"},\"alternateName\":\"EFSS\",\"potentialAction\":[{\"@type\":\"SearchAction\",\"target\":{\"@type\":\"EntryPoint\",\"urlTemplate\":\"https:\\\/\\\/dfvcg-events.de\\\/european-foodservice-summit\\\/?s={search_term_string}\"},\"query-input\":{\"@type\":\"PropertyValueSpecification\",\"valueRequired\":true,\"valueName\":\"search_term_string\"}}],\"inLanguage\":\"en-GB\"},{\"@type\":\"Organization\",\"@id\":\"https:\\\/\\\/dfvcg-events.de\\\/european-foodservice-summit\\\/#organization\",\"name\":\"European Foodservice Summit\",\"alternateName\":\"dfv Conference Group\",\"url\":\"https:\\\/\\\/dfvcg-events.de\\\/european-foodservice-summit\\\/\",\"logo\":{\"@type\":\"ImageObject\",\"inLanguage\":\"en-GB\",\"@id\":\"https:\\\/\\\/dfvcg-events.de\\\/european-foodservice-summit\\\/#\\\/schema\\\/logo\\\/image\\\/\",\"url\":\"https:\\\/\\\/dfvcg-events.de\\\/european-foodservice-summit\\\/wp-content\\\/uploads\\\/sites\\\/19\\\/2023\\\/09\\\/european-food-service-summit-1200px.jpg\",\"contentUrl\":\"https:\\\/\\\/dfvcg-events.de\\\/european-foodservice-summit\\\/wp-content\\\/uploads\\\/sites\\\/19\\\/2023\\\/09\\\/european-food-service-summit-1200px.jpg\",\"width\":1200,\"height\":1200,\"caption\":\"European Foodservice Summit\"},\"image\":{\"@id\":\"https:\\\/\\\/dfvcg-events.de\\\/european-foodservice-summit\\\/#\\\/schema\\\/logo\\\/image\\\/\"},\"sameAs\":[\"https:\\\/\\\/www.linkedin.com\\\/showcase\\\/efssummit\\\/\"]},{\"@type\":\"Person\",\"@id\":\"https:\\\/\\\/dfvcg-events.de\\\/european-foodservice-summit\\\/#\\\/schema\\\/person\\\/2d4b6806ba494b3382ce96769a7866ca\",\"name\":\"foodservice\",\"url\":\"https:\\\/\\\/dfvcg-events.de\\\/european-foodservice-summit\\\/author\\\/foodservice\\\/\"}]}<\/script>\n<!-- \/ Yoast SEO plugin. -->","yoast_head_json":{"title":"EFSS Executive Exchange - Paris Edition | European Foodservice Summit","robots":{"index":"index","follow":"follow","max-snippet":"max-snippet:-1","max-image-preview":"max-image-preview:large","max-video-preview":"max-video-preview:-1"},"canonical":"https:\/\/dfvcg-events.de\/european-foodservice-summit\/efss-executive-exchange-in-paris\/","og_locale":"en_GB","og_type":"article","og_title":"EFSS Executive Exchange - Paris Edition | European Foodservice Summit","og_description":"Networking at its finest: The European Foodservice Summit has once again united the top leaders of European gastronomy, this time in the vibrant city of Paris.\u00a0 Seasoned professionals and successful newcomers of the French culinary scene recently gathered\u00a0 for the EFSS Executive Exchange in Paris. The high-level networking event was hosted by the dfv Media [&hellip;]","og_url":"https:\/\/dfvcg-events.de\/european-foodservice-summit\/efss-executive-exchange-in-paris\/","og_site_name":"European Foodservice Summit","article_published_time":"2024-06-13T08:50:45+00:00","article_modified_time":"2024-07-15T07:27:55+00:00","og_image":[{"width":2309,"height":1299,"url":"https:\/\/dfvcg-events.de\/european-foodservice-summit\/wp-content\/uploads\/sites\/19\/2024\/06\/Design-ohne-Titel.jpg","type":"image\/jpeg"}],"author":"foodservice","twitter_card":"summary_large_image","twitter_misc":{"Written by":"foodservice","Estimated reading time":"3 minutes"},"schema":{"@context":"https:\/\/schema.org","@graph":[{"@type":"Article","@id":"https:\/\/dfvcg-events.de\/european-foodservice-summit\/efss-executive-exchange-in-paris\/#article","isPartOf":{"@id":"https:\/\/dfvcg-events.de\/european-foodservice-summit\/efss-executive-exchange-in-paris\/"},"author":{"name":"foodservice","@id":"https:\/\/dfvcg-events.de\/european-foodservice-summit\/#\/schema\/person\/2d4b6806ba494b3382ce96769a7866ca"},"headline":"EFSS Executive Exchange &#8211; Paris Edition","datePublished":"2024-06-13T08:50:45+00:00","dateModified":"2024-07-15T07:27:55+00:00","mainEntityOfPage":{"@id":"https:\/\/dfvcg-events.de\/european-foodservice-summit\/efss-executive-exchange-in-paris\/"},"wordCount":411,"publisher":{"@id":"https:\/\/dfvcg-events.de\/european-foodservice-summit\/#organization"},"image":{"@id":"https:\/\/dfvcg-events.de\/european-foodservice-summit\/efss-executive-exchange-in-paris\/#primaryimage"},"thumbnailUrl":"https:\/\/dfvcg-events.de\/european-foodservice-summit\/wp-content\/uploads\/sites\/19\/2024\/06\/Design-ohne-Titel.jpg","articleSection":["News"],"inLanguage":"en-GB"},{"@type":"WebPage","@id":"https:\/\/dfvcg-events.de\/european-foodservice-summit\/efss-executive-exchange-in-paris\/","url":"https:\/\/dfvcg-events.de\/european-foodservice-summit\/efss-executive-exchange-in-paris\/","name":"EFSS Executive Exchange - Paris Edition | European Foodservice Summit","isPartOf":{"@id":"https:\/\/dfvcg-events.de\/european-foodservice-summit\/#website"},"primaryImageOfPage":{"@id":"https:\/\/dfvcg-events.de\/european-foodservice-summit\/efss-executive-exchange-in-paris\/#primaryimage"},"image":{"@id":"https:\/\/dfvcg-events.de\/european-foodservice-summit\/efss-executive-exchange-in-paris\/#primaryimage"},"thumbnailUrl":"https:\/\/dfvcg-events.de\/european-foodservice-summit\/wp-content\/uploads\/sites\/19\/2024\/06\/Design-ohne-Titel.jpg","datePublished":"2024-06-13T08:50:45+00:00","dateModified":"2024-07-15T07:27:55+00:00","breadcrumb":{"@id":"https:\/\/dfvcg-events.de\/european-foodservice-summit\/efss-executive-exchange-in-paris\/#breadcrumb"},"inLanguage":"en-GB","potentialAction":[{"@type":"ReadAction","target":["https:\/\/dfvcg-events.de\/european-foodservice-summit\/efss-executive-exchange-in-paris\/"]}]},{"@type":"ImageObject","inLanguage":"en-GB","@id":"https:\/\/dfvcg-events.de\/european-foodservice-summit\/efss-executive-exchange-in-paris\/#primaryimage","url":"https:\/\/dfvcg-events.de\/european-foodservice-summit\/wp-content\/uploads\/sites\/19\/2024\/06\/Design-ohne-Titel.jpg","contentUrl":"https:\/\/dfvcg-events.de\/european-foodservice-summit\/wp-content\/uploads\/sites\/19\/2024\/06\/Design-ohne-Titel.jpg","width":2309,"height":1299},{"@type":"BreadcrumbList","@id":"https:\/\/dfvcg-events.de\/european-foodservice-summit\/efss-executive-exchange-in-paris\/#breadcrumb","itemListElement":[{"@type":"ListItem","position":1,"name":"Startseite","item":"https:\/\/dfvcg-events.de\/european-foodservice-summit\/"},{"@type":"ListItem","position":2,"name":"EFSS Executive Exchange &#8211; Paris Edition"}]},{"@type":"WebSite","@id":"https:\/\/dfvcg-events.de\/european-foodservice-summit\/#website","url":"https:\/\/dfvcg-events.de\/european-foodservice-summit\/","name":"European Foodservice Summit","description":"dfv Conference Group","publisher":{"@id":"https:\/\/dfvcg-events.de\/european-foodservice-summit\/#organization"},"alternateName":"EFSS","potentialAction":[{"@type":"SearchAction","target":{"@type":"EntryPoint","urlTemplate":"https:\/\/dfvcg-events.de\/european-foodservice-summit\/?s={search_term_string}"},"query-input":{"@type":"PropertyValueSpecification","valueRequired":true,"valueName":"search_term_string"}}],"inLanguage":"en-GB"},{"@type":"Organization","@id":"https:\/\/dfvcg-events.de\/european-foodservice-summit\/#organization","name":"European Foodservice Summit","alternateName":"dfv Conference Group","url":"https:\/\/dfvcg-events.de\/european-foodservice-summit\/","logo":{"@type":"ImageObject","inLanguage":"en-GB","@id":"https:\/\/dfvcg-events.de\/european-foodservice-summit\/#\/schema\/logo\/image\/","url":"https:\/\/dfvcg-events.de\/european-foodservice-summit\/wp-content\/uploads\/sites\/19\/2023\/09\/european-food-service-summit-1200px.jpg","contentUrl":"https:\/\/dfvcg-events.de\/european-foodservice-summit\/wp-content\/uploads\/sites\/19\/2023\/09\/european-food-service-summit-1200px.jpg","width":1200,"height":1200,"caption":"European Foodservice Summit"},"image":{"@id":"https:\/\/dfvcg-events.de\/european-foodservice-summit\/#\/schema\/logo\/image\/"},"sameAs":["https:\/\/www.linkedin.com\/showcase\/efssummit\/"]},{"@type":"Person","@id":"https:\/\/dfvcg-events.de\/european-foodservice-summit\/#\/schema\/person\/2d4b6806ba494b3382ce96769a7866ca","name":"foodservice","url":"https:\/\/dfvcg-events.de\/european-foodservice-summit\/author\/foodservice\/"}]}},"_links":{"self":[{"href":"https:\/\/dfvcg-events.de\/european-foodservice-summit\/wp-json\/wp\/v2\/posts\/3688","targetHints":{"allow":["GET"]}}],"collection":[{"href":"https:\/\/dfvcg-events.de\/european-foodservice-summit\/wp-json\/wp\/v2\/posts"}],"about":[{"href":"https:\/\/dfvcg-events.de\/european-foodservice-summit\/wp-json\/wp\/v2\/types\/post"}],"author":[{"embeddable":true,"href":"https:\/\/dfvcg-events.de\/european-foodservice-summit\/wp-json\/wp\/v2\/users\/30"}],"replies":[{"embeddable":true,"href":"https:\/\/dfvcg-events.de\/european-foodservice-summit\/wp-json\/wp\/v2\/comments?post=3688"}],"version-history":[{"count":3,"href":"https:\/\/dfvcg-events.de\/european-foodservice-summit\/wp-json\/wp\/v2\/posts\/3688\/revisions"}],"predecessor-version":[{"id":3848,"href":"https:\/\/dfvcg-events.de\/european-foodservice-summit\/wp-json\/wp\/v2\/posts\/3688\/revisions\/3848"}],"wp:featuredmedia":[{"embeddable":true,"href":"https:\/\/dfvcg-events.de\/european-foodservice-summit\/wp-json\/wp\/v2\/media\/3850"}],"wp:attachment":[{"href":"https:\/\/dfvcg-events.de\/european-foodservice-summit\/wp-json\/wp\/v2\/media?parent=3688"}],"wp:term":[{"taxonomy":"category","embeddable":true,"href":"https:\/\/dfvcg-events.de\/european-foodservice-summit\/wp-json\/wp\/v2\/categories?post=3688"},{"taxonomy":"post_tag","embeddable":true,"href":"https:\/\/dfvcg-events.de\/european-foodservice-summit\/wp-json\/wp\/v2\/tags?post=3688"}],"curies":[{"name":"wp","href":"https:\/\/api.w.org\/{rel}","templated":true}]}}