{"id":5693,"date":"2025-04-28T20:01:31","date_gmt":"2025-04-28T18:01:31","guid":{"rendered":"https:\/\/dfvcg-events.de\/deutscher-fleisch-kongress\/?p=5693"},"modified":"2025-10-14T08:56:30","modified_gmt":"2025-10-14T06:56:30","slug":"gea","status":"publish","type":"post","link":"https:\/\/dfvcg-events.de\/deutscher-fleisch-kongress\/gea\/","title":{"rendered":"GEA"},"content":{"rendered":"\n<style type=\"text\/css\" data-created_by=\"avia_inline_auto\" id=\"style-css-av-k7nk0gab-448a82c6b18247404fd9079dc6f97645\">\n.avia-section.av-k7nk0gab-448a82c6b18247404fd9079dc6f97645{\nbackground-color:#a96500;\nbackground-image:unset;\n}\n<\/style>\n<div id='av_section_1'  class='avia-section av-k7nk0gab-448a82c6b18247404fd9079dc6f97645 main_color avia-section-default avia-no-border-styling  avia-builder-el-0  el_before_av_two_third  avia-builder-el-first  avia-bg-style-scroll container_wrap fullsize'  ><div class='container av-section-cont-open' ><main  role=\"main\" itemprop=\"mainContentOfPage\"  class='template-page content  av-content-full alpha units'><div class='post-entry post-entry-type-page post-entry-5693'><div class='entry-content-wrapper clearfix'>\n\n<style type=\"text\/css\" data-created_by=\"avia_inline_auto\" id=\"style-css-av-kbi2qod0-8f29f8b421d3c91a9334053e37ccacf7\">\n#top .av-special-heading.av-kbi2qod0-8f29f8b421d3c91a9334053e37ccacf7{\npadding-bottom:0;\n}\nbody .av-special-heading.av-kbi2qod0-8f29f8b421d3c91a9334053e37ccacf7 .av-special-heading-tag .heading-char{\nfont-size:25px;\n}\n.av-special-heading.av-kbi2qod0-8f29f8b421d3c91a9334053e37ccacf7 .av-subheading{\nfont-size:19px;\n}\n<\/style>\n<div  class='av-special-heading av-kbi2qod0-8f29f8b421d3c91a9334053e37ccacf7 av-special-heading-h1 meta-heading blockquote modern-quote  avia-builder-el-1  avia-builder-el-no-sibling '><div class='av-subheading av-subheading_above'><p>Deutscher Fleisch Kongress<\/p>\n<\/div><h1 class='av-special-heading-tag '  itemprop=\"headline\"  >Partner<\/h1><div class=\"special-heading-border\"><div class=\"special-heading-inner-border\"><\/div><\/div><\/div>\n<\/div><\/div><\/main><!-- close content main element --><\/div><\/div><div id='after_section_1'  class='main_color av_default_container_wrap container_wrap fullsize'  ><div class='container av-section-cont-open' ><div class='template-page content  av-content-full alpha units'><div class='post-entry post-entry-type-page post-entry-5693'><div class='entry-content-wrapper clearfix'>\n\n<style type=\"text\/css\" data-created_by=\"avia_inline_auto\" id=\"style-css-av-dmibq-386d573f6c0dcfb032db3286bf0b29b8\">\n.flex_column.av-dmibq-386d573f6c0dcfb032db3286bf0b29b8{\nborder-radius:0px 0px 0px 0px;\npadding:0px 0px 0px 0px;\n}\n<\/style>\n<div  class='flex_column av-dmibq-386d573f6c0dcfb032db3286bf0b29b8 av_two_third  avia-builder-el-2  el_after_av_section  el_before_av_one_third  avia-builder-el-first  first flex_column_div av-zero-column-padding  '     ><p><section  class='av_textblock_section av-6v72p-abb22dd78003e48eeac6311e4f9dac9d '   itemscope=\"itemscope\" itemtype=\"https:\/\/schema.org\/BlogPosting\" itemprop=\"blogPost\" ><div class='avia_textblock'  itemprop=\"text\" ><p>GEA ist einer der weltweit f\u00fchrenden Systemanbieter f\u00fcr die Nahrungsmittel-, Getr\u00e4nke- und Pharmaindustrie. Mit einem breiten Portfolio, das von Maschinen und Anlagen \u00fcber fortschrittliche Prozesstechnik bis hin zu umfassenden Servicedienstleistungen reicht, unterst\u00fctzt GEA Unternehmen dabei, ihre Produktionsprozesse nachhaltiger und effizienter zu gestalten.<\/p>\n<p>Das Segment Food &amp; Healthcare Technologies bietet ein breit gef\u00e4chertes L\u00f6sungsportfolio f\u00fcr die industrielle Lebensmittelverarbeitung. Im Fokus stehen Prozesse wie das Vorbereiten, Marinieren, Schneiden, Beladen, Verpacken und Automatisieren von Fleisch, Wurst, Gefl\u00fcgel, K\u00e4se, Meeresfr\u00fcchten und pflanzlichen Alternativen. Erg\u00e4nzend kommen Technologien f\u00fcr das Backen, die Teigwaren- und S\u00fc\u00dfwarenherstellung sowie die Verarbeitung von Tiefk\u00fchlprodukten hinzu. Auch L\u00f6sungen f\u00fcr die Getreideverarbeitung \u2013 inklusive der Herstellung von Fr\u00fchst\u00fcckscerealien, Snacks und Heimtiernahrung \u2013 sind Teil des Portfolios. Effiziente, skalierbare und hygienisch optimierte Systeme sorgen f\u00fcr zuverl\u00e4ssige Prozesse entlang der gesamten Wertsch\u00f6pfungskette.<\/p>\n<\/div><\/section><br \/>\n<section  class='av_textblock_section av-mgkmfrbn-2fa6b20373ca4479654a09f70f725ddb '   itemscope=\"itemscope\" itemtype=\"https:\/\/schema.org\/BlogPosting\" itemprop=\"blogPost\" ><div class='avia_textblock'  itemprop=\"text\" ><p><strong>Kontakt:<\/strong><\/p>\n<p>GEA Food Solutions Germany GmbH<br \/>\nIm Ruttert 1<br \/>\n35216 Wallau-Biedenkopf<br \/>\nDeutschland<\/p>\n<p>Telefon: +49 (0)6461 &#8211; 8010<\/p>\n<p><a href=\"https:\/\/www.gea.com\/de\/\">www.gea.com<\/a><\/p>\n<\/div><\/section><\/p><\/div>\n<style type=\"text\/css\" data-created_by=\"avia_inline_auto\" id=\"style-css-av-8opv2-4e2ec49d1bf447c1d1ae63a6e94d0abb\">\n.flex_column.av-8opv2-4e2ec49d1bf447c1d1ae63a6e94d0abb{\nborder-radius:0px 0px 0px 0px;\npadding:0px 0px 0px 0px;\n}\n<\/style>\n<div  class='flex_column av-8opv2-4e2ec49d1bf447c1d1ae63a6e94d0abb av_one_third  avia-builder-el-5  el_after_av_two_third  avia-builder-el-last  flex_column_div av-zero-column-padding  '     ><style type=\"text\/css\" data-created_by=\"avia_inline_auto\" id=\"style-css-av-kbi2wplg-3fd5820519feeb5e056a9733453e0ca0\">\n.avia-image-container.av-kbi2wplg-3fd5820519feeb5e056a9733453e0ca0 img.avia_image{\nbox-shadow:none;\n}\n.avia-image-container.av-kbi2wplg-3fd5820519feeb5e056a9733453e0ca0 .av-image-caption-overlay-center{\ncolor:#ffffff;\n}\n<\/style>\n<div  class='avia-image-container av-kbi2wplg-3fd5820519feeb5e056a9733453e0ca0 av-styling-no-styling av-img-linked avia-align-center  avia-builder-el-6  avia-builder-el-no-sibling '   itemprop=\"image\" itemscope=\"itemscope\" itemtype=\"https:\/\/schema.org\/ImageObject\" ><div class=\"avia-image-container-inner\"><div class=\"avia-image-overlay-wrap\"><a href=\"https:\/\/www.gea.com\/de\/\" class='avia_image '  target=\"_blank\"  rel=\"noopener noreferrer\" aria-label='GEA_Logo_w_Claim-web'><img decoding=\"async\" fetchpriority=\"high\" class='wp-image-5694 avia-img-lazy-loading-not-5694 avia_image ' src=\"https:\/\/dfvcg-events.de\/deutscher-fleisch-kongress\/wp-content\/uploads\/2025\/04\/GEA_Logo_w_Claim-web.jpg\" alt='' title='GEA_Logo_w_Claim-web'  height=\"600\" width=\"800\"  itemprop=\"thumbnailUrl\" srcset=\"https:\/\/dfvcg-events.de\/deutscher-fleisch-kongress\/wp-content\/uploads\/2025\/04\/GEA_Logo_w_Claim-web.jpg 800w, https:\/\/dfvcg-events.de\/deutscher-fleisch-kongress\/wp-content\/uploads\/2025\/04\/GEA_Logo_w_Claim-web-705x529.jpg 705w\" sizes=\"(max-width: 800px) 100vw, 800px\" \/><\/a><\/div><\/div><\/div><\/div><\/p>\n","protected":false},"excerpt":{"rendered":"","protected":false},"author":2,"featured_media":5694,"comment_status":"closed","ping_status":"closed","sticky":false,"template":"","format":"standard","meta":{"footnotes":""},"categories":[52],"tags":[],"class_list":["post-5693","post","type-post","status-publish","format-standard","has-post-thumbnail","hentry","category-partner-2025"],"yoast_head":"<!-- This site is optimized with the Yoast SEO plugin v27.4 - https:\/\/yoast.com\/product\/yoast-seo-wordpress\/ -->\n<title>Deutscher Fleisch Kongress | GEA<\/title>\n<meta name=\"description\" content=\"Die Partner &amp; Aussteller des Deutschen Fleisch Kongresses tragen einen gro\u00dfen Teil zum Erfolg dieses Kongresses bei. Informieren Sie sich jetzt \u00fcber neue Innovationen und Produkte dieses Partners.\" \/>\n<meta name=\"robots\" content=\"index, follow, max-snippet:-1, max-image-preview:large, max-video-preview:-1\" \/>\n<link rel=\"canonical\" href=\"https:\/\/dfvcg-events.de\/deutscher-fleisch-kongress\/gea\/\" \/>\n<meta property=\"og:locale\" content=\"de_DE\" \/>\n<meta property=\"og:type\" content=\"article\" \/>\n<meta property=\"og:title\" content=\"Deutscher Fleisch Kongress | GEA\" \/>\n<meta property=\"og:description\" content=\"Die Partner &amp; Aussteller des Deutschen Fleisch Kongresses tragen einen gro\u00dfen Teil zum Erfolg dieses Kongresses bei. Informieren Sie sich jetzt \u00fcber neue Innovationen und Produkte dieses Partners.\" \/>\n<meta property=\"og:url\" content=\"https:\/\/dfvcg-events.de\/deutscher-fleisch-kongress\/gea\/\" \/>\n<meta property=\"og:site_name\" content=\"Deutscher Fleisch Kongress\" \/>\n<meta property=\"article:published_time\" content=\"2025-04-28T18:01:31+00:00\" \/>\n<meta property=\"article:modified_time\" content=\"2025-10-14T06:56:30+00:00\" \/>\n<meta property=\"og:image\" content=\"https:\/\/dfvcg-events.de\/deutscher-fleisch-kongress\/wp-content\/uploads\/2025\/04\/GEA_Logo_w_Claim-web.jpg\" \/>\n\t<meta property=\"og:image:width\" content=\"800\" \/>\n\t<meta property=\"og:image:height\" content=\"600\" \/>\n\t<meta property=\"og:image:type\" content=\"image\/jpeg\" \/>\n<meta name=\"author\" content=\"Raphael Como\" \/>\n<meta name=\"twitter:card\" content=\"summary_large_image\" \/>\n<meta name=\"twitter:label1\" content=\"Verfasst von\" \/>\n\t<meta name=\"twitter:data1\" content=\"Raphael Como\" \/>\n\t<meta name=\"twitter:label2\" content=\"Gesch\u00e4tzte Lesezeit\" \/>\n\t<meta name=\"twitter:data2\" content=\"2\u00a0Minuten\" \/>\n<script type=\"application\/ld+json\" class=\"yoast-schema-graph\">{\"@context\":\"https:\\\/\\\/schema.org\",\"@graph\":[{\"@type\":\"Article\",\"@id\":\"https:\\\/\\\/dfvcg-events.de\\\/deutscher-fleisch-kongress\\\/gea\\\/#article\",\"isPartOf\":{\"@id\":\"https:\\\/\\\/dfvcg-events.de\\\/deutscher-fleisch-kongress\\\/gea\\\/\"},\"author\":{\"name\":\"Raphael Como\",\"@id\":\"https:\\\/\\\/dfvcg-events.de\\\/deutscher-fleisch-kongress\\\/#\\\/schema\\\/person\\\/b4d8bcce675c09dc5b38e95d85b8947b\"},\"headline\":\"GEA\",\"datePublished\":\"2025-04-28T18:01:31+00:00\",\"dateModified\":\"2025-10-14T06:56:30+00:00\",\"mainEntityOfPage\":{\"@id\":\"https:\\\/\\\/dfvcg-events.de\\\/deutscher-fleisch-kongress\\\/gea\\\/\"},\"wordCount\":1086,\"publisher\":{\"@id\":\"https:\\\/\\\/dfvcg-events.de\\\/deutscher-fleisch-kongress\\\/#organization\"},\"image\":{\"@id\":\"https:\\\/\\\/dfvcg-events.de\\\/deutscher-fleisch-kongress\\\/gea\\\/#primaryimage\"},\"thumbnailUrl\":\"https:\\\/\\\/dfvcg-events.de\\\/deutscher-fleisch-kongress\\\/wp-content\\\/uploads\\\/2025\\\/04\\\/GEA_Logo_w_Claim-web.jpg\",\"articleSection\":[\"Partner 2025\"],\"inLanguage\":\"de\"},{\"@type\":\"WebPage\",\"@id\":\"https:\\\/\\\/dfvcg-events.de\\\/deutscher-fleisch-kongress\\\/gea\\\/\",\"url\":\"https:\\\/\\\/dfvcg-events.de\\\/deutscher-fleisch-kongress\\\/gea\\\/\",\"name\":\"Deutscher Fleisch Kongress | GEA\",\"isPartOf\":{\"@id\":\"https:\\\/\\\/dfvcg-events.de\\\/deutscher-fleisch-kongress\\\/#website\"},\"primaryImageOfPage\":{\"@id\":\"https:\\\/\\\/dfvcg-events.de\\\/deutscher-fleisch-kongress\\\/gea\\\/#primaryimage\"},\"image\":{\"@id\":\"https:\\\/\\\/dfvcg-events.de\\\/deutscher-fleisch-kongress\\\/gea\\\/#primaryimage\"},\"thumbnailUrl\":\"https:\\\/\\\/dfvcg-events.de\\\/deutscher-fleisch-kongress\\\/wp-content\\\/uploads\\\/2025\\\/04\\\/GEA_Logo_w_Claim-web.jpg\",\"datePublished\":\"2025-04-28T18:01:31+00:00\",\"dateModified\":\"2025-10-14T06:56:30+00:00\",\"description\":\"Die Partner & Aussteller des Deutschen Fleisch Kongresses tragen einen gro\u00dfen Teil zum Erfolg dieses Kongresses bei. Informieren Sie sich jetzt \u00fcber neue Innovationen und Produkte dieses Partners.\",\"breadcrumb\":{\"@id\":\"https:\\\/\\\/dfvcg-events.de\\\/deutscher-fleisch-kongress\\\/gea\\\/#breadcrumb\"},\"inLanguage\":\"de\",\"potentialAction\":[{\"@type\":\"ReadAction\",\"target\":[\"https:\\\/\\\/dfvcg-events.de\\\/deutscher-fleisch-kongress\\\/gea\\\/\"]}]},{\"@type\":\"ImageObject\",\"inLanguage\":\"de\",\"@id\":\"https:\\\/\\\/dfvcg-events.de\\\/deutscher-fleisch-kongress\\\/gea\\\/#primaryimage\",\"url\":\"https:\\\/\\\/dfvcg-events.de\\\/deutscher-fleisch-kongress\\\/wp-content\\\/uploads\\\/2025\\\/04\\\/GEA_Logo_w_Claim-web.jpg\",\"contentUrl\":\"https:\\\/\\\/dfvcg-events.de\\\/deutscher-fleisch-kongress\\\/wp-content\\\/uploads\\\/2025\\\/04\\\/GEA_Logo_w_Claim-web.jpg\",\"width\":800,\"height\":600},{\"@type\":\"BreadcrumbList\",\"@id\":\"https:\\\/\\\/dfvcg-events.de\\\/deutscher-fleisch-kongress\\\/gea\\\/#breadcrumb\",\"itemListElement\":[{\"@type\":\"ListItem\",\"position\":1,\"name\":\"Startseite\",\"item\":\"https:\\\/\\\/dfvcg-events.de\\\/deutscher-fleisch-kongress\\\/\"},{\"@type\":\"ListItem\",\"position\":2,\"name\":\"GEA\"}]},{\"@type\":\"WebSite\",\"@id\":\"https:\\\/\\\/dfvcg-events.de\\\/deutscher-fleisch-kongress\\\/#website\",\"url\":\"https:\\\/\\\/dfvcg-events.de\\\/deutscher-fleisch-kongress\\\/\",\"name\":\"Deutscher Fleisch Kongress\",\"description\":\"Das Business-Event f\u00fcr Fleischwirtschaft, Handel und Handwerk\",\"publisher\":{\"@id\":\"https:\\\/\\\/dfvcg-events.de\\\/deutscher-fleisch-kongress\\\/#organization\"},\"potentialAction\":[{\"@type\":\"SearchAction\",\"target\":{\"@type\":\"EntryPoint\",\"urlTemplate\":\"https:\\\/\\\/dfvcg-events.de\\\/deutscher-fleisch-kongress\\\/?s={search_term_string}\"},\"query-input\":{\"@type\":\"PropertyValueSpecification\",\"valueRequired\":true,\"valueName\":\"search_term_string\"}}],\"inLanguage\":\"de\"},{\"@type\":\"Organization\",\"@id\":\"https:\\\/\\\/dfvcg-events.de\\\/deutscher-fleisch-kongress\\\/#organization\",\"name\":\"Deutscher Fleisch Kongress\",\"url\":\"https:\\\/\\\/dfvcg-events.de\\\/deutscher-fleisch-kongress\\\/\",\"logo\":{\"@type\":\"ImageObject\",\"inLanguage\":\"de\",\"@id\":\"https:\\\/\\\/dfvcg-events.de\\\/deutscher-fleisch-kongress\\\/#\\\/schema\\\/logo\\\/image\\\/\",\"url\":\"https:\\\/\\\/dfvcg-events.de\\\/deutscher-fleisch-kongress\\\/wp-content\\\/uploads\\\/2020\\\/03\\\/deutscher-fleisch-kongress-header-gold.png\",\"contentUrl\":\"https:\\\/\\\/dfvcg-events.de\\\/deutscher-fleisch-kongress\\\/wp-content\\\/uploads\\\/2020\\\/03\\\/deutscher-fleisch-kongress-header-gold.png\",\"width\":340,\"height\":156,\"caption\":\"Deutscher Fleisch Kongress\"},\"image\":{\"@id\":\"https:\\\/\\\/dfvcg-events.de\\\/deutscher-fleisch-kongress\\\/#\\\/schema\\\/logo\\\/image\\\/\"}},{\"@type\":\"Person\",\"@id\":\"https:\\\/\\\/dfvcg-events.de\\\/deutscher-fleisch-kongress\\\/#\\\/schema\\\/person\\\/b4d8bcce675c09dc5b38e95d85b8947b\",\"name\":\"Raphael Como\",\"url\":\"https:\\\/\\\/dfvcg-events.de\\\/deutscher-fleisch-kongress\\\/author\\\/como\\\/\"}]}<\/script>\n<!-- \/ Yoast SEO plugin. -->","yoast_head_json":{"title":"Deutscher Fleisch Kongress | GEA","description":"Die Partner & Aussteller des Deutschen Fleisch Kongresses tragen einen gro\u00dfen Teil zum Erfolg dieses Kongresses bei. Informieren Sie sich jetzt \u00fcber neue Innovationen und Produkte dieses Partners.","robots":{"index":"index","follow":"follow","max-snippet":"max-snippet:-1","max-image-preview":"max-image-preview:large","max-video-preview":"max-video-preview:-1"},"canonical":"https:\/\/dfvcg-events.de\/deutscher-fleisch-kongress\/gea\/","og_locale":"de_DE","og_type":"article","og_title":"Deutscher Fleisch Kongress | GEA","og_description":"Die Partner & Aussteller des Deutschen Fleisch Kongresses tragen einen gro\u00dfen Teil zum Erfolg dieses Kongresses bei. Informieren Sie sich jetzt \u00fcber neue Innovationen und Produkte dieses Partners.","og_url":"https:\/\/dfvcg-events.de\/deutscher-fleisch-kongress\/gea\/","og_site_name":"Deutscher Fleisch Kongress","article_published_time":"2025-04-28T18:01:31+00:00","article_modified_time":"2025-10-14T06:56:30+00:00","og_image":[{"width":800,"height":600,"url":"https:\/\/dfvcg-events.de\/deutscher-fleisch-kongress\/wp-content\/uploads\/2025\/04\/GEA_Logo_w_Claim-web.jpg","type":"image\/jpeg"}],"author":"Raphael Como","twitter_card":"summary_large_image","twitter_misc":{"Verfasst von":"Raphael Como","Gesch\u00e4tzte Lesezeit":"2\u00a0Minuten"},"schema":{"@context":"https:\/\/schema.org","@graph":[{"@type":"Article","@id":"https:\/\/dfvcg-events.de\/deutscher-fleisch-kongress\/gea\/#article","isPartOf":{"@id":"https:\/\/dfvcg-events.de\/deutscher-fleisch-kongress\/gea\/"},"author":{"name":"Raphael Como","@id":"https:\/\/dfvcg-events.de\/deutscher-fleisch-kongress\/#\/schema\/person\/b4d8bcce675c09dc5b38e95d85b8947b"},"headline":"GEA","datePublished":"2025-04-28T18:01:31+00:00","dateModified":"2025-10-14T06:56:30+00:00","mainEntityOfPage":{"@id":"https:\/\/dfvcg-events.de\/deutscher-fleisch-kongress\/gea\/"},"wordCount":1086,"publisher":{"@id":"https:\/\/dfvcg-events.de\/deutscher-fleisch-kongress\/#organization"},"image":{"@id":"https:\/\/dfvcg-events.de\/deutscher-fleisch-kongress\/gea\/#primaryimage"},"thumbnailUrl":"https:\/\/dfvcg-events.de\/deutscher-fleisch-kongress\/wp-content\/uploads\/2025\/04\/GEA_Logo_w_Claim-web.jpg","articleSection":["Partner 2025"],"inLanguage":"de"},{"@type":"WebPage","@id":"https:\/\/dfvcg-events.de\/deutscher-fleisch-kongress\/gea\/","url":"https:\/\/dfvcg-events.de\/deutscher-fleisch-kongress\/gea\/","name":"Deutscher Fleisch Kongress | GEA","isPartOf":{"@id":"https:\/\/dfvcg-events.de\/deutscher-fleisch-kongress\/#website"},"primaryImageOfPage":{"@id":"https:\/\/dfvcg-events.de\/deutscher-fleisch-kongress\/gea\/#primaryimage"},"image":{"@id":"https:\/\/dfvcg-events.de\/deutscher-fleisch-kongress\/gea\/#primaryimage"},"thumbnailUrl":"https:\/\/dfvcg-events.de\/deutscher-fleisch-kongress\/wp-content\/uploads\/2025\/04\/GEA_Logo_w_Claim-web.jpg","datePublished":"2025-04-28T18:01:31+00:00","dateModified":"2025-10-14T06:56:30+00:00","description":"Die Partner & Aussteller des Deutschen Fleisch Kongresses tragen einen gro\u00dfen Teil zum Erfolg dieses Kongresses bei. Informieren Sie sich jetzt \u00fcber neue Innovationen und Produkte dieses Partners.","breadcrumb":{"@id":"https:\/\/dfvcg-events.de\/deutscher-fleisch-kongress\/gea\/#breadcrumb"},"inLanguage":"de","potentialAction":[{"@type":"ReadAction","target":["https:\/\/dfvcg-events.de\/deutscher-fleisch-kongress\/gea\/"]}]},{"@type":"ImageObject","inLanguage":"de","@id":"https:\/\/dfvcg-events.de\/deutscher-fleisch-kongress\/gea\/#primaryimage","url":"https:\/\/dfvcg-events.de\/deutscher-fleisch-kongress\/wp-content\/uploads\/2025\/04\/GEA_Logo_w_Claim-web.jpg","contentUrl":"https:\/\/dfvcg-events.de\/deutscher-fleisch-kongress\/wp-content\/uploads\/2025\/04\/GEA_Logo_w_Claim-web.jpg","width":800,"height":600},{"@type":"BreadcrumbList","@id":"https:\/\/dfvcg-events.de\/deutscher-fleisch-kongress\/gea\/#breadcrumb","itemListElement":[{"@type":"ListItem","position":1,"name":"Startseite","item":"https:\/\/dfvcg-events.de\/deutscher-fleisch-kongress\/"},{"@type":"ListItem","position":2,"name":"GEA"}]},{"@type":"WebSite","@id":"https:\/\/dfvcg-events.de\/deutscher-fleisch-kongress\/#website","url":"https:\/\/dfvcg-events.de\/deutscher-fleisch-kongress\/","name":"Deutscher Fleisch Kongress","description":"Das Business-Event f\u00fcr Fleischwirtschaft, Handel und Handwerk","publisher":{"@id":"https:\/\/dfvcg-events.de\/deutscher-fleisch-kongress\/#organization"},"potentialAction":[{"@type":"SearchAction","target":{"@type":"EntryPoint","urlTemplate":"https:\/\/dfvcg-events.de\/deutscher-fleisch-kongress\/?s={search_term_string}"},"query-input":{"@type":"PropertyValueSpecification","valueRequired":true,"valueName":"search_term_string"}}],"inLanguage":"de"},{"@type":"Organization","@id":"https:\/\/dfvcg-events.de\/deutscher-fleisch-kongress\/#organization","name":"Deutscher Fleisch Kongress","url":"https:\/\/dfvcg-events.de\/deutscher-fleisch-kongress\/","logo":{"@type":"ImageObject","inLanguage":"de","@id":"https:\/\/dfvcg-events.de\/deutscher-fleisch-kongress\/#\/schema\/logo\/image\/","url":"https:\/\/dfvcg-events.de\/deutscher-fleisch-kongress\/wp-content\/uploads\/2020\/03\/deutscher-fleisch-kongress-header-gold.png","contentUrl":"https:\/\/dfvcg-events.de\/deutscher-fleisch-kongress\/wp-content\/uploads\/2020\/03\/deutscher-fleisch-kongress-header-gold.png","width":340,"height":156,"caption":"Deutscher Fleisch Kongress"},"image":{"@id":"https:\/\/dfvcg-events.de\/deutscher-fleisch-kongress\/#\/schema\/logo\/image\/"}},{"@type":"Person","@id":"https:\/\/dfvcg-events.de\/deutscher-fleisch-kongress\/#\/schema\/person\/b4d8bcce675c09dc5b38e95d85b8947b","name":"Raphael Como","url":"https:\/\/dfvcg-events.de\/deutscher-fleisch-kongress\/author\/como\/"}]}},"_links":{"self":[{"href":"https:\/\/dfvcg-events.de\/deutscher-fleisch-kongress\/wp-json\/wp\/v2\/posts\/5693","targetHints":{"allow":["GET"]}}],"collection":[{"href":"https:\/\/dfvcg-events.de\/deutscher-fleisch-kongress\/wp-json\/wp\/v2\/posts"}],"about":[{"href":"https:\/\/dfvcg-events.de\/deutscher-fleisch-kongress\/wp-json\/wp\/v2\/types\/post"}],"author":[{"embeddable":true,"href":"https:\/\/dfvcg-events.de\/deutscher-fleisch-kongress\/wp-json\/wp\/v2\/users\/2"}],"replies":[{"embeddable":true,"href":"https:\/\/dfvcg-events.de\/deutscher-fleisch-kongress\/wp-json\/wp\/v2\/comments?post=5693"}],"version-history":[{"count":7,"href":"https:\/\/dfvcg-events.de\/deutscher-fleisch-kongress\/wp-json\/wp\/v2\/posts\/5693\/revisions"}],"predecessor-version":[{"id":6387,"href":"https:\/\/dfvcg-events.de\/deutscher-fleisch-kongress\/wp-json\/wp\/v2\/posts\/5693\/revisions\/6387"}],"wp:featuredmedia":[{"embeddable":true,"href":"https:\/\/dfvcg-events.de\/deutscher-fleisch-kongress\/wp-json\/wp\/v2\/media\/5694"}],"wp:attachment":[{"href":"https:\/\/dfvcg-events.de\/deutscher-fleisch-kongress\/wp-json\/wp\/v2\/media?parent=5693"}],"wp:term":[{"taxonomy":"category","embeddable":true,"href":"https:\/\/dfvcg-events.de\/deutscher-fleisch-kongress\/wp-json\/wp\/v2\/categories?post=5693"},{"taxonomy":"post_tag","embeddable":true,"href":"https:\/\/dfvcg-events.de\/deutscher-fleisch-kongress\/wp-json\/wp\/v2\/tags?post=5693"}],"curies":[{"name":"wp","href":"https:\/\/api.w.org\/{rel}","templated":true}]}}