{"id":193,"date":"2020-06-16T18:44:29","date_gmt":"2020-06-16T16:44:29","guid":{"rendered":"https:\/\/dfvcg-events.de\/deutscher-fleisch-kongress\/?p=193"},"modified":"2026-04-29T10:45:30","modified_gmt":"2026-04-29T08:45:30","slug":"belgian-meat-office","status":"publish","type":"post","link":"https:\/\/dfvcg-events.de\/deutscher-fleisch-kongress\/belgian-meat-office\/","title":{"rendered":"Belgian Meat Office"},"content":{"rendered":"\n<style type=\"text\/css\" data-created_by=\"avia_inline_auto\" id=\"style-css-av-k7nk0gab-ffe1355439e35f3f1b6b7a8b6f9f689f\">\n.avia-section.av-k7nk0gab-ffe1355439e35f3f1b6b7a8b6f9f689f{\nbackground-color:#000000;\nbackground-image:unset;\n}\n<\/style>\n<div id='av_section_1'  class='avia-section av-k7nk0gab-ffe1355439e35f3f1b6b7a8b6f9f689f main_color avia-section-default avia-no-border-styling  avia-builder-el-0  el_before_av_two_third  avia-builder-el-first  avia-bg-style-scroll container_wrap fullsize'  ><div class='container av-section-cont-open' ><main  role=\"main\" itemprop=\"mainContentOfPage\"  class='template-page content  av-content-full alpha units'><div class='post-entry post-entry-type-page post-entry-193'><div class='entry-content-wrapper clearfix'>\n\n<style type=\"text\/css\" data-created_by=\"avia_inline_auto\" id=\"style-css-av-kbi2qod0-c372eea723c50fb849fbee0e2350b9bd\">\n#top .av-special-heading.av-kbi2qod0-c372eea723c50fb849fbee0e2350b9bd{\npadding-bottom:0;\n}\nbody .av-special-heading.av-kbi2qod0-c372eea723c50fb849fbee0e2350b9bd .av-special-heading-tag .heading-char{\nfont-size:25px;\n}\n.av-special-heading.av-kbi2qod0-c372eea723c50fb849fbee0e2350b9bd .av-subheading{\nfont-size:19px;\n}\n<\/style>\n<div  class='av-special-heading av-kbi2qod0-c372eea723c50fb849fbee0e2350b9bd av-special-heading-h1 meta-heading blockquote modern-quote  avia-builder-el-1  avia-builder-el-no-sibling '><div class='av-subheading av-subheading_above'><p>Deutscher Fleisch Kongress<\/p>\n<\/div><h1 class='av-special-heading-tag '  itemprop=\"headline\"  >Partner<\/h1><div class=\"special-heading-border\"><div class=\"special-heading-inner-border\"><\/div><\/div><\/div>\n<\/div><\/div><\/main><!-- close content main element --><\/div><\/div><div id='after_section_1'  class='main_color av_default_container_wrap container_wrap fullsize'  ><div class='container av-section-cont-open' ><div class='template-page content  av-content-full alpha units'><div class='post-entry post-entry-type-page post-entry-193'><div class='entry-content-wrapper clearfix'>\n\n<style type=\"text\/css\" data-created_by=\"avia_inline_auto\" id=\"style-css-av-dmibq-386d573f6c0dcfb032db3286bf0b29b8\">\n.flex_column.av-dmibq-386d573f6c0dcfb032db3286bf0b29b8{\nborder-radius:0px 0px 0px 0px;\npadding:0px 0px 0px 0px;\n}\n<\/style>\n<div  class='flex_column av-dmibq-386d573f6c0dcfb032db3286bf0b29b8 av_two_third  avia-builder-el-2  el_after_av_section  el_before_av_one_third  avia-builder-el-first  first flex_column_div av-zero-column-padding  '     ><p>\n<style type=\"text\/css\" data-created_by=\"avia_inline_auto\" id=\"style-css-av-7h6qh-a079749912e9a14cafc77d4ea863d943\">\n#top .av-special-heading.av-7h6qh-a079749912e9a14cafc77d4ea863d943{\npadding-bottom:10px;\n}\nbody .av-special-heading.av-7h6qh-a079749912e9a14cafc77d4ea863d943 .av-special-heading-tag .heading-char{\nfont-size:25px;\n}\n.av-special-heading.av-7h6qh-a079749912e9a14cafc77d4ea863d943 .av-subheading{\nfont-size:15px;\n}\n<\/style>\n<div  class='av-special-heading av-7h6qh-a079749912e9a14cafc77d4ea863d943 av-special-heading-h2 blockquote modern-quote  avia-builder-el-3  el_before_av_textblock  avia-builder-el-first '><h2 class='av-special-heading-tag '  itemprop=\"headline\"  >VLAM vzw &#8211; Belgian Meat Office<\/h2><div class=\"special-heading-border\"><div class=\"special-heading-inner-border\"><\/div><\/div><\/div><br \/>\n<section  class='av_textblock_section av-kbi2vdt2-63146fc6e78fd0c6a2b7b323ec8f58a3 '   itemscope=\"itemscope\" itemtype=\"https:\/\/schema.org\/BlogPosting\" itemprop=\"blogPost\" ><div class='avia_textblock'  itemprop=\"text\" ><p><strong>Warum gerade Fleisch aus Belgien?<\/strong><\/p>\n<p>Belgisches Fleisch genie\u00dft in Deutschland einen hervorragenden Ruf &#8211; aus gutem Grund:<\/p>\n<ol>\n<li><strong>Qualit\u00e4t<\/strong><br \/>\nIn der Schweinehaltung wird nichts dem Zufall \u00fcberlassen. Sorgf\u00e4ltig ausgew\u00e4hlte Rassen, ausgewogene Futtermittel sowie permanente Kontrollen von Tiergesundheit und Tierwohl bilden die Grundlage f\u00fcr hochwertiges, schmackhaftes Fleisch.<\/li>\n<li><strong>Fachkompetenz<\/strong><br \/>\nDas etablierte Know-how zieht sich wie ein roter Faden durch die gesamte Wertsch\u00f6pfungskette &#8211; von der Prim\u00e4rstufe \u00fcber Schlachth\u00f6fe und Zerlegebetriebe bis hin zur Auslieferung an die Kunden.<\/li>\n<li><strong>Ma\u00dfgeschneiderter Service<\/strong><br \/>\nDie belgischen Fleischlieferanten sind Familienbetriebe mit hoher Flexibilit\u00e4t. Sie liefern passgenau, was der Kunde w\u00fcnscht. Die Lieferwege sind kurz &#8211; denn wir sind Nachbarn!<\/li>\n<li><strong>QS-f\u00e4higes BePork-Schweinefleisch<\/strong><br \/>\nDer Standardgeber Belpork f\u00fcr belgisches QS-f\u00e4higes BePork-Schweinefleisch bietet \u00fcbergesetzliche Qualit\u00e4ts-, Tierwohl- und Nachhaltigkeitsgarantien, die individuell erweiterbar sind.<\/li>\n<\/ol>\n<\/div><\/section><br \/>\n\n<style type=\"text\/css\" data-created_by=\"avia_inline_auto\" id=\"style-css-av-m2bzqk40-74a24df662523231b8af69c65a01f520\">\n#top .hr.hr-invisible.av-m2bzqk40-74a24df662523231b8af69c65a01f520{\nheight:50px;\n}\n<\/style>\n<div  class='hr av-m2bzqk40-74a24df662523231b8af69c65a01f520 hr-invisible  avia-builder-el-5  el_after_av_textblock  el_before_av_textblock '><span class='hr-inner '><span class=\"hr-inner-style\"><\/span><\/span><\/div><br \/>\n<section  class='av_textblock_section av-kvbbbgfx-0ca2814a2bb4268a169a47b1dda342b9 '   itemscope=\"itemscope\" itemtype=\"https:\/\/schema.org\/BlogPosting\" itemprop=\"blogPost\" ><div class='avia_textblock'  itemprop=\"text\" ><p><strong>Kontakt:<\/strong><\/p>\n<div class=\"p--contacttext__company\">VLAM vzw &#8211; Belgian Meat Office<\/div>\n<div class=\"p--contacttext__addrescontainer\">\n<div class=\"\">\n<p>Koning Albert II-laan 35 box 50<\/p>\n<div>1030\u00a0Br\u00fcssel<br \/>\nBelgien<\/div>\n<\/div>\n<\/div>\n<p>Telefon: +32 2 421 71 49<\/p>\n<p><a href=\"https:\/\/www.belgianmeat.com\/de\">www.belgianmeat.com\/de<\/a><br \/>\n<a href=\"ma&#105;&#108;&#x74;&#x6f;&#x3a;&#x6d;ea&#116;&#105;&#x6e;&#x66;&#x6f;&#x40;vl&#97;&#109;&#46;&#x62;&#x65;\">&#109;&#x65;a&#116;&#x69;n&#102;&#x6f;&#64;&#118;&#x6c;a&#109;&#x2e;b&#101;<\/a><\/p>\n<\/div><\/section><\/p><\/div>\n\n<style type=\"text\/css\" data-created_by=\"avia_inline_auto\" id=\"style-css-av-8opv2-4e2ec49d1bf447c1d1ae63a6e94d0abb\">\n.flex_column.av-8opv2-4e2ec49d1bf447c1d1ae63a6e94d0abb{\nborder-radius:0px 0px 0px 0px;\npadding:0px 0px 0px 0px;\n}\n<\/style>\n<div  class='flex_column av-8opv2-4e2ec49d1bf447c1d1ae63a6e94d0abb av_one_third  avia-builder-el-7  el_after_av_two_third  avia-builder-el-last  flex_column_div av-zero-column-padding  '     ><p>\n<style type=\"text\/css\" data-created_by=\"avia_inline_auto\" id=\"style-css-av-kbi2wplg-c3252945cb0ffc46eafc9f87f391f485\">\n.avia-image-container.av-kbi2wplg-c3252945cb0ffc46eafc9f87f391f485 img.avia_image{\nbox-shadow:none;\n}\n.avia-image-container.av-kbi2wplg-c3252945cb0ffc46eafc9f87f391f485 .av-image-caption-overlay-center{\ncolor:#ffffff;\n}\n<\/style>\n<div  class='avia-image-container av-kbi2wplg-c3252945cb0ffc46eafc9f87f391f485 av-styling-no-styling av-img-linked avia-align-center  avia-builder-el-8  el_before_av_image  avia-builder-el-first '   itemprop=\"image\" itemscope=\"itemscope\" itemtype=\"https:\/\/schema.org\/ImageObject\" ><div class=\"avia-image-container-inner\"><div class=\"avia-image-overlay-wrap\"><a href=\"https:\/\/www.belgianmeat.com\/de\" class='avia_image '  target=\"_blank\"  rel=\"noopener noreferrer\" aria-label='Logo-BMO-2017-positive'><img decoding=\"async\" fetchpriority=\"high\" class='wp-image-7252 avia-img-lazy-loading-not-7252 avia_image ' src=\"https:\/\/dfvcg-events.de\/deutscher-fleisch-kongress\/wp-content\/uploads\/2020\/06\/Logo-BMO-2017-positive-web.jpg\" alt='' title='Logo-BMO-2017-positive'  height=\"600\" width=\"800\"  itemprop=\"thumbnailUrl\" srcset=\"https:\/\/dfvcg-events.de\/deutscher-fleisch-kongress\/wp-content\/uploads\/2020\/06\/Logo-BMO-2017-positive-web.jpg 800w, https:\/\/dfvcg-events.de\/deutscher-fleisch-kongress\/wp-content\/uploads\/2020\/06\/Logo-BMO-2017-positive-web-705x529.jpg 705w\" sizes=\"(max-width: 800px) 100vw, 800px\" \/><\/a><\/div><\/div><\/div><br \/>\n\n<style type=\"text\/css\" data-created_by=\"avia_inline_auto\" id=\"style-css-av-l975wxcd-a0cff2bde6bd6785e108404d13a1b7af\">\n.avia-image-container.av-l975wxcd-a0cff2bde6bd6785e108404d13a1b7af img.avia_image{\nbox-shadow:none;\n}\n.avia-image-container.av-l975wxcd-a0cff2bde6bd6785e108404d13a1b7af .av-image-caption-overlay-center{\ncolor:#ffffff;\n}\n<\/style>\n<div  class='avia-image-container av-l975wxcd-a0cff2bde6bd6785e108404d13a1b7af av-styling-no-styling av-img-linked avia-align-center  avia-builder-el-9  el_after_av_image  el_before_av_image '   itemprop=\"image\" itemscope=\"itemscope\" itemtype=\"https:\/\/schema.org\/ImageObject\" ><div class=\"avia-image-container-inner\"><div class=\"avia-image-overlay-wrap\"><a href=\"https:\/\/www.belgianmeat.com\/de\" class='avia_image '  target=\"_blank\"  rel=\"noopener noreferrer\" aria-label='overzichtsfoto rund rauw'><img decoding=\"async\" fetchpriority=\"high\" class='wp-image-2539 avia-img-lazy-loading-not-2539 avia_image ' src=\"https:\/\/dfvcg-events.de\/deutscher-fleisch-kongress\/wp-content\/uploads\/2020\/06\/overzichtsfoto-rund-rauw.jpg\" alt='' title='overzichtsfoto rund rauw'  height=\"1991\" width=\"3981\"  itemprop=\"thumbnailUrl\" srcset=\"https:\/\/dfvcg-events.de\/deutscher-fleisch-kongress\/wp-content\/uploads\/2020\/06\/overzichtsfoto-rund-rauw.jpg 3981w, https:\/\/dfvcg-events.de\/deutscher-fleisch-kongress\/wp-content\/uploads\/2020\/06\/overzichtsfoto-rund-rauw-1500x750.jpg 1500w, https:\/\/dfvcg-events.de\/deutscher-fleisch-kongress\/wp-content\/uploads\/2020\/06\/overzichtsfoto-rund-rauw-705x353.jpg 705w\" sizes=\"(max-width: 3981px) 100vw, 3981px\" \/><\/a><\/div><\/div><\/div><br \/>\n\n<style type=\"text\/css\" data-created_by=\"avia_inline_auto\" id=\"style-css-av-l975x7ey-82c8f312fc0471b1f491a46dede211f9\">\n.avia-image-container.av-l975x7ey-82c8f312fc0471b1f491a46dede211f9 img.avia_image{\nbox-shadow:none;\n}\n.avia-image-container.av-l975x7ey-82c8f312fc0471b1f491a46dede211f9 .av-image-caption-overlay-center{\ncolor:#ffffff;\n}\n<\/style>\n<div  class='avia-image-container av-l975x7ey-82c8f312fc0471b1f491a46dede211f9 av-styling-no-styling av-img-linked avia-align-center  avia-builder-el-10  el_after_av_image  el_before_av_image '   itemprop=\"image\" itemscope=\"itemscope\" itemtype=\"https:\/\/schema.org\/ImageObject\" ><div class=\"avia-image-container-inner\"><div class=\"avia-image-overlay-wrap\"><a href=\"https:\/\/www.belgianmeat.com\/de\" class='avia_image '  target=\"_blank\"  rel=\"noopener noreferrer\" aria-label='gebakken kotelet in pan'><img decoding=\"async\" fetchpriority=\"high\" class='wp-image-2540 avia-img-lazy-loading-not-2540 avia_image ' src=\"https:\/\/dfvcg-events.de\/deutscher-fleisch-kongress\/wp-content\/uploads\/2020\/06\/gebakken-kotelet-in-pan.jpg\" alt='' title='gebakken kotelet in pan'  height=\"2618\" width=\"2618\"  itemprop=\"thumbnailUrl\" srcset=\"https:\/\/dfvcg-events.de\/deutscher-fleisch-kongress\/wp-content\/uploads\/2020\/06\/gebakken-kotelet-in-pan.jpg 2618w, https:\/\/dfvcg-events.de\/deutscher-fleisch-kongress\/wp-content\/uploads\/2020\/06\/gebakken-kotelet-in-pan-36x36.jpg 36w, https:\/\/dfvcg-events.de\/deutscher-fleisch-kongress\/wp-content\/uploads\/2020\/06\/gebakken-kotelet-in-pan-180x180.jpg 180w, https:\/\/dfvcg-events.de\/deutscher-fleisch-kongress\/wp-content\/uploads\/2020\/06\/gebakken-kotelet-in-pan-1500x1500.jpg 1500w, https:\/\/dfvcg-events.de\/deutscher-fleisch-kongress\/wp-content\/uploads\/2020\/06\/gebakken-kotelet-in-pan-705x705.jpg 705w\" sizes=\"(max-width: 2618px) 100vw, 2618px\" \/><\/a><\/div><\/div><\/div><br \/>\n\n<style type=\"text\/css\" data-created_by=\"avia_inline_auto\" id=\"style-css-av-l975xfoz-126de99587074e465f0500623a811500\">\n.avia-image-container.av-l975xfoz-126de99587074e465f0500623a811500 img.avia_image{\nbox-shadow:none;\n}\n.avia-image-container.av-l975xfoz-126de99587074e465f0500623a811500 .av-image-caption-overlay-center{\ncolor:#ffffff;\n}\n<\/style>\n<div  class='avia-image-container av-l975xfoz-126de99587074e465f0500623a811500 av-styling-no-styling av-img-linked avia-align-center  avia-builder-el-11  el_after_av_image  avia-builder-el-last '   itemprop=\"image\" itemscope=\"itemscope\" itemtype=\"https:\/\/schema.org\/ImageObject\" ><div class=\"avia-image-container-inner\"><div class=\"avia-image-overlay-wrap\"><a href=\"https:\/\/www.belgianmeat.com\/de\" class='avia_image '  target=\"_blank\"  rel=\"noopener noreferrer\" aria-label='overzichtsfoto varken rauw'><img decoding=\"async\" fetchpriority=\"high\" class='wp-image-2541 avia-img-lazy-loading-not-2541 avia_image ' src=\"https:\/\/dfvcg-events.de\/deutscher-fleisch-kongress\/wp-content\/uploads\/2020\/06\/overzichtsfoto-varken-rauw.jpg\" alt='' title='overzichtsfoto varken rauw'  height=\"1994\" width=\"3988\"  itemprop=\"thumbnailUrl\" srcset=\"https:\/\/dfvcg-events.de\/deutscher-fleisch-kongress\/wp-content\/uploads\/2020\/06\/overzichtsfoto-varken-rauw.jpg 3988w, https:\/\/dfvcg-events.de\/deutscher-fleisch-kongress\/wp-content\/uploads\/2020\/06\/overzichtsfoto-varken-rauw-1500x750.jpg 1500w, https:\/\/dfvcg-events.de\/deutscher-fleisch-kongress\/wp-content\/uploads\/2020\/06\/overzichtsfoto-varken-rauw-705x353.jpg 705w\" sizes=\"(max-width: 3988px) 100vw, 3988px\" \/><\/a><\/div><\/div><\/div><\/p><\/div>\n","protected":false},"excerpt":{"rendered":"<p>Belgian Meat Office<\/p>\n","protected":false},"author":1,"featured_media":7252,"comment_status":"closed","ping_status":"closed","sticky":false,"template":"","format":"standard","meta":{"footnotes":""},"categories":[6,14,21,58,3,16,23,33,38,52,65],"tags":[],"class_list":["post-193","post","type-post","status-publish","format-standard","has-post-thumbnail","hentry","category-logo-loop","category-logo-loop-2021","category-logo-loop-2022","category-logo-loop-2026","category-partner-2020","category-partner-2021","category-partner-2022","category-partner-2023","category-partner-2024","category-partner-2025","category-partner-2026"],"yoast_head":"<!-- This site is optimized with the Yoast SEO plugin v27.4 - https:\/\/yoast.com\/product\/yoast-seo-wordpress\/ -->\n<title>Deutscher Fleisch Kongress | Belgian Meat Office<\/title>\n<meta name=\"description\" content=\"Die Partner &amp; Aussteller des Deutschen Fleisch Kongresses tragen einen gro\u00dfen Teil zum Erfolg dieses Kongresses bei. Informieren Sie sich jetzt \u00fcber neue Innovationen und Produkte dieses Partners.\" \/>\n<meta name=\"robots\" content=\"index, follow, max-snippet:-1, max-image-preview:large, max-video-preview:-1\" \/>\n<link rel=\"canonical\" href=\"https:\/\/dfvcg-events.de\/deutscher-fleisch-kongress\/belgian-meat-office\/\" \/>\n<meta property=\"og:locale\" content=\"de_DE\" \/>\n<meta property=\"og:type\" content=\"article\" \/>\n<meta property=\"og:title\" content=\"Deutscher Fleisch Kongress | Belgian Meat Office\" \/>\n<meta property=\"og:description\" content=\"Die Partner &amp; Aussteller des Deutschen Fleisch Kongresses tragen einen gro\u00dfen Teil zum Erfolg dieses Kongresses bei. Informieren Sie sich jetzt \u00fcber neue Innovationen und Produkte dieses Partners.\" \/>\n<meta property=\"og:url\" content=\"https:\/\/dfvcg-events.de\/deutscher-fleisch-kongress\/belgian-meat-office\/\" \/>\n<meta property=\"og:site_name\" content=\"Deutscher Fleisch Kongress\" \/>\n<meta property=\"article:published_time\" content=\"2020-06-16T16:44:29+00:00\" \/>\n<meta property=\"article:modified_time\" content=\"2026-04-29T08:45:30+00:00\" \/>\n<meta property=\"og:image\" content=\"https:\/\/dfvcg-events.de\/deutscher-fleisch-kongress\/wp-content\/uploads\/2020\/06\/Logo-BMO-2017-positive-web.jpg\" \/>\n\t<meta property=\"og:image:width\" content=\"800\" \/>\n\t<meta property=\"og:image:height\" content=\"600\" \/>\n\t<meta property=\"og:image:type\" content=\"image\/jpeg\" \/>\n<meta name=\"author\" content=\"Typoindex\" \/>\n<meta name=\"twitter:card\" content=\"summary_large_image\" \/>\n<meta name=\"twitter:label1\" content=\"Verfasst von\" \/>\n\t<meta name=\"twitter:data1\" content=\"Typoindex\" \/>\n\t<meta name=\"twitter:label2\" content=\"Gesch\u00e4tzte Lesezeit\" \/>\n\t<meta name=\"twitter:data2\" content=\"2\u00a0Minuten\" \/>\n<script type=\"application\/ld+json\" class=\"yoast-schema-graph\">{\"@context\":\"https:\\\/\\\/schema.org\",\"@graph\":[{\"@type\":\"Article\",\"@id\":\"https:\\\/\\\/dfvcg-events.de\\\/deutscher-fleisch-kongress\\\/belgian-meat-office\\\/#article\",\"isPartOf\":{\"@id\":\"https:\\\/\\\/dfvcg-events.de\\\/deutscher-fleisch-kongress\\\/belgian-meat-office\\\/\"},\"author\":{\"name\":\"Typoindex\",\"@id\":\"https:\\\/\\\/dfvcg-events.de\\\/deutscher-fleisch-kongress\\\/#\\\/schema\\\/person\\\/03a3eb32da93cabdb77f147ede8dd158\"},\"headline\":\"Belgian Meat Office\",\"datePublished\":\"2020-06-16T16:44:29+00:00\",\"dateModified\":\"2026-04-29T08:45:30+00:00\",\"mainEntityOfPage\":{\"@id\":\"https:\\\/\\\/dfvcg-events.de\\\/deutscher-fleisch-kongress\\\/belgian-meat-office\\\/\"},\"wordCount\":1876,\"publisher\":{\"@id\":\"https:\\\/\\\/dfvcg-events.de\\\/deutscher-fleisch-kongress\\\/#organization\"},\"image\":{\"@id\":\"https:\\\/\\\/dfvcg-events.de\\\/deutscher-fleisch-kongress\\\/belgian-meat-office\\\/#primaryimage\"},\"thumbnailUrl\":\"https:\\\/\\\/dfvcg-events.de\\\/deutscher-fleisch-kongress\\\/wp-content\\\/uploads\\\/2020\\\/06\\\/Logo-BMO-2017-positive-web.jpg\",\"articleSection\":[\"Logo Loop\",\"Logo Loop 2021\",\"Logo Loop 2022\",\"Logo Loop 2026\",\"Partner 2020\",\"Partner 2021\",\"Partner 2022\",\"Partner 2023\",\"Partner 2024\",\"Partner 2025\",\"Partner 2026\"],\"inLanguage\":\"de\"},{\"@type\":\"WebPage\",\"@id\":\"https:\\\/\\\/dfvcg-events.de\\\/deutscher-fleisch-kongress\\\/belgian-meat-office\\\/\",\"url\":\"https:\\\/\\\/dfvcg-events.de\\\/deutscher-fleisch-kongress\\\/belgian-meat-office\\\/\",\"name\":\"Deutscher Fleisch Kongress | Belgian Meat Office\",\"isPartOf\":{\"@id\":\"https:\\\/\\\/dfvcg-events.de\\\/deutscher-fleisch-kongress\\\/#website\"},\"primaryImageOfPage\":{\"@id\":\"https:\\\/\\\/dfvcg-events.de\\\/deutscher-fleisch-kongress\\\/belgian-meat-office\\\/#primaryimage\"},\"image\":{\"@id\":\"https:\\\/\\\/dfvcg-events.de\\\/deutscher-fleisch-kongress\\\/belgian-meat-office\\\/#primaryimage\"},\"thumbnailUrl\":\"https:\\\/\\\/dfvcg-events.de\\\/deutscher-fleisch-kongress\\\/wp-content\\\/uploads\\\/2020\\\/06\\\/Logo-BMO-2017-positive-web.jpg\",\"datePublished\":\"2020-06-16T16:44:29+00:00\",\"dateModified\":\"2026-04-29T08:45:30+00:00\",\"description\":\"Die Partner & Aussteller des Deutschen Fleisch Kongresses tragen einen gro\u00dfen Teil zum Erfolg dieses Kongresses bei. Informieren Sie sich jetzt \u00fcber neue Innovationen und Produkte dieses Partners.\",\"breadcrumb\":{\"@id\":\"https:\\\/\\\/dfvcg-events.de\\\/deutscher-fleisch-kongress\\\/belgian-meat-office\\\/#breadcrumb\"},\"inLanguage\":\"de\",\"potentialAction\":[{\"@type\":\"ReadAction\",\"target\":[\"https:\\\/\\\/dfvcg-events.de\\\/deutscher-fleisch-kongress\\\/belgian-meat-office\\\/\"]}]},{\"@type\":\"ImageObject\",\"inLanguage\":\"de\",\"@id\":\"https:\\\/\\\/dfvcg-events.de\\\/deutscher-fleisch-kongress\\\/belgian-meat-office\\\/#primaryimage\",\"url\":\"https:\\\/\\\/dfvcg-events.de\\\/deutscher-fleisch-kongress\\\/wp-content\\\/uploads\\\/2020\\\/06\\\/Logo-BMO-2017-positive-web.jpg\",\"contentUrl\":\"https:\\\/\\\/dfvcg-events.de\\\/deutscher-fleisch-kongress\\\/wp-content\\\/uploads\\\/2020\\\/06\\\/Logo-BMO-2017-positive-web.jpg\",\"width\":800,\"height\":600},{\"@type\":\"BreadcrumbList\",\"@id\":\"https:\\\/\\\/dfvcg-events.de\\\/deutscher-fleisch-kongress\\\/belgian-meat-office\\\/#breadcrumb\",\"itemListElement\":[{\"@type\":\"ListItem\",\"position\":1,\"name\":\"Startseite\",\"item\":\"https:\\\/\\\/dfvcg-events.de\\\/deutscher-fleisch-kongress\\\/\"},{\"@type\":\"ListItem\",\"position\":2,\"name\":\"Belgian Meat Office\"}]},{\"@type\":\"WebSite\",\"@id\":\"https:\\\/\\\/dfvcg-events.de\\\/deutscher-fleisch-kongress\\\/#website\",\"url\":\"https:\\\/\\\/dfvcg-events.de\\\/deutscher-fleisch-kongress\\\/\",\"name\":\"Deutscher Fleisch Kongress\",\"description\":\"Das Business-Event f\u00fcr Fleischwirtschaft, Handel und Handwerk\",\"publisher\":{\"@id\":\"https:\\\/\\\/dfvcg-events.de\\\/deutscher-fleisch-kongress\\\/#organization\"},\"potentialAction\":[{\"@type\":\"SearchAction\",\"target\":{\"@type\":\"EntryPoint\",\"urlTemplate\":\"https:\\\/\\\/dfvcg-events.de\\\/deutscher-fleisch-kongress\\\/?s={search_term_string}\"},\"query-input\":{\"@type\":\"PropertyValueSpecification\",\"valueRequired\":true,\"valueName\":\"search_term_string\"}}],\"inLanguage\":\"de\"},{\"@type\":\"Organization\",\"@id\":\"https:\\\/\\\/dfvcg-events.de\\\/deutscher-fleisch-kongress\\\/#organization\",\"name\":\"Deutscher Fleisch Kongress\",\"url\":\"https:\\\/\\\/dfvcg-events.de\\\/deutscher-fleisch-kongress\\\/\",\"logo\":{\"@type\":\"ImageObject\",\"inLanguage\":\"de\",\"@id\":\"https:\\\/\\\/dfvcg-events.de\\\/deutscher-fleisch-kongress\\\/#\\\/schema\\\/logo\\\/image\\\/\",\"url\":\"https:\\\/\\\/dfvcg-events.de\\\/deutscher-fleisch-kongress\\\/wp-content\\\/uploads\\\/2020\\\/03\\\/deutscher-fleisch-kongress-header-gold.png\",\"contentUrl\":\"https:\\\/\\\/dfvcg-events.de\\\/deutscher-fleisch-kongress\\\/wp-content\\\/uploads\\\/2020\\\/03\\\/deutscher-fleisch-kongress-header-gold.png\",\"width\":340,\"height\":156,\"caption\":\"Deutscher Fleisch Kongress\"},\"image\":{\"@id\":\"https:\\\/\\\/dfvcg-events.de\\\/deutscher-fleisch-kongress\\\/#\\\/schema\\\/logo\\\/image\\\/\"}},{\"@type\":\"Person\",\"@id\":\"https:\\\/\\\/dfvcg-events.de\\\/deutscher-fleisch-kongress\\\/#\\\/schema\\\/person\\\/03a3eb32da93cabdb77f147ede8dd158\",\"name\":\"Typoindex\",\"url\":\"https:\\\/\\\/dfvcg-events.de\\\/deutscher-fleisch-kongress\\\/author\\\/typoindex\\\/\"}]}<\/script>\n<!-- \/ Yoast SEO plugin. -->","yoast_head_json":{"title":"Deutscher Fleisch Kongress | Belgian Meat Office","description":"Die Partner & Aussteller des Deutschen Fleisch Kongresses tragen einen gro\u00dfen Teil zum Erfolg dieses Kongresses bei. Informieren Sie sich jetzt \u00fcber neue Innovationen und Produkte dieses Partners.","robots":{"index":"index","follow":"follow","max-snippet":"max-snippet:-1","max-image-preview":"max-image-preview:large","max-video-preview":"max-video-preview:-1"},"canonical":"https:\/\/dfvcg-events.de\/deutscher-fleisch-kongress\/belgian-meat-office\/","og_locale":"de_DE","og_type":"article","og_title":"Deutscher Fleisch Kongress | Belgian Meat Office","og_description":"Die Partner & Aussteller des Deutschen Fleisch Kongresses tragen einen gro\u00dfen Teil zum Erfolg dieses Kongresses bei. Informieren Sie sich jetzt \u00fcber neue Innovationen und Produkte dieses Partners.","og_url":"https:\/\/dfvcg-events.de\/deutscher-fleisch-kongress\/belgian-meat-office\/","og_site_name":"Deutscher Fleisch Kongress","article_published_time":"2020-06-16T16:44:29+00:00","article_modified_time":"2026-04-29T08:45:30+00:00","og_image":[{"width":800,"height":600,"url":"https:\/\/dfvcg-events.de\/deutscher-fleisch-kongress\/wp-content\/uploads\/2020\/06\/Logo-BMO-2017-positive-web.jpg","type":"image\/jpeg"}],"author":"Typoindex","twitter_card":"summary_large_image","twitter_misc":{"Verfasst von":"Typoindex","Gesch\u00e4tzte Lesezeit":"2\u00a0Minuten"},"schema":{"@context":"https:\/\/schema.org","@graph":[{"@type":"Article","@id":"https:\/\/dfvcg-events.de\/deutscher-fleisch-kongress\/belgian-meat-office\/#article","isPartOf":{"@id":"https:\/\/dfvcg-events.de\/deutscher-fleisch-kongress\/belgian-meat-office\/"},"author":{"name":"Typoindex","@id":"https:\/\/dfvcg-events.de\/deutscher-fleisch-kongress\/#\/schema\/person\/03a3eb32da93cabdb77f147ede8dd158"},"headline":"Belgian Meat Office","datePublished":"2020-06-16T16:44:29+00:00","dateModified":"2026-04-29T08:45:30+00:00","mainEntityOfPage":{"@id":"https:\/\/dfvcg-events.de\/deutscher-fleisch-kongress\/belgian-meat-office\/"},"wordCount":1876,"publisher":{"@id":"https:\/\/dfvcg-events.de\/deutscher-fleisch-kongress\/#organization"},"image":{"@id":"https:\/\/dfvcg-events.de\/deutscher-fleisch-kongress\/belgian-meat-office\/#primaryimage"},"thumbnailUrl":"https:\/\/dfvcg-events.de\/deutscher-fleisch-kongress\/wp-content\/uploads\/2020\/06\/Logo-BMO-2017-positive-web.jpg","articleSection":["Logo Loop","Logo Loop 2021","Logo Loop 2022","Logo Loop 2026","Partner 2020","Partner 2021","Partner 2022","Partner 2023","Partner 2024","Partner 2025","Partner 2026"],"inLanguage":"de"},{"@type":"WebPage","@id":"https:\/\/dfvcg-events.de\/deutscher-fleisch-kongress\/belgian-meat-office\/","url":"https:\/\/dfvcg-events.de\/deutscher-fleisch-kongress\/belgian-meat-office\/","name":"Deutscher Fleisch Kongress | Belgian Meat Office","isPartOf":{"@id":"https:\/\/dfvcg-events.de\/deutscher-fleisch-kongress\/#website"},"primaryImageOfPage":{"@id":"https:\/\/dfvcg-events.de\/deutscher-fleisch-kongress\/belgian-meat-office\/#primaryimage"},"image":{"@id":"https:\/\/dfvcg-events.de\/deutscher-fleisch-kongress\/belgian-meat-office\/#primaryimage"},"thumbnailUrl":"https:\/\/dfvcg-events.de\/deutscher-fleisch-kongress\/wp-content\/uploads\/2020\/06\/Logo-BMO-2017-positive-web.jpg","datePublished":"2020-06-16T16:44:29+00:00","dateModified":"2026-04-29T08:45:30+00:00","description":"Die Partner & Aussteller des Deutschen Fleisch Kongresses tragen einen gro\u00dfen Teil zum Erfolg dieses Kongresses bei. Informieren Sie sich jetzt \u00fcber neue Innovationen und Produkte dieses Partners.","breadcrumb":{"@id":"https:\/\/dfvcg-events.de\/deutscher-fleisch-kongress\/belgian-meat-office\/#breadcrumb"},"inLanguage":"de","potentialAction":[{"@type":"ReadAction","target":["https:\/\/dfvcg-events.de\/deutscher-fleisch-kongress\/belgian-meat-office\/"]}]},{"@type":"ImageObject","inLanguage":"de","@id":"https:\/\/dfvcg-events.de\/deutscher-fleisch-kongress\/belgian-meat-office\/#primaryimage","url":"https:\/\/dfvcg-events.de\/deutscher-fleisch-kongress\/wp-content\/uploads\/2020\/06\/Logo-BMO-2017-positive-web.jpg","contentUrl":"https:\/\/dfvcg-events.de\/deutscher-fleisch-kongress\/wp-content\/uploads\/2020\/06\/Logo-BMO-2017-positive-web.jpg","width":800,"height":600},{"@type":"BreadcrumbList","@id":"https:\/\/dfvcg-events.de\/deutscher-fleisch-kongress\/belgian-meat-office\/#breadcrumb","itemListElement":[{"@type":"ListItem","position":1,"name":"Startseite","item":"https:\/\/dfvcg-events.de\/deutscher-fleisch-kongress\/"},{"@type":"ListItem","position":2,"name":"Belgian Meat Office"}]},{"@type":"WebSite","@id":"https:\/\/dfvcg-events.de\/deutscher-fleisch-kongress\/#website","url":"https:\/\/dfvcg-events.de\/deutscher-fleisch-kongress\/","name":"Deutscher Fleisch Kongress","description":"Das Business-Event f\u00fcr Fleischwirtschaft, Handel und Handwerk","publisher":{"@id":"https:\/\/dfvcg-events.de\/deutscher-fleisch-kongress\/#organization"},"potentialAction":[{"@type":"SearchAction","target":{"@type":"EntryPoint","urlTemplate":"https:\/\/dfvcg-events.de\/deutscher-fleisch-kongress\/?s={search_term_string}"},"query-input":{"@type":"PropertyValueSpecification","valueRequired":true,"valueName":"search_term_string"}}],"inLanguage":"de"},{"@type":"Organization","@id":"https:\/\/dfvcg-events.de\/deutscher-fleisch-kongress\/#organization","name":"Deutscher Fleisch Kongress","url":"https:\/\/dfvcg-events.de\/deutscher-fleisch-kongress\/","logo":{"@type":"ImageObject","inLanguage":"de","@id":"https:\/\/dfvcg-events.de\/deutscher-fleisch-kongress\/#\/schema\/logo\/image\/","url":"https:\/\/dfvcg-events.de\/deutscher-fleisch-kongress\/wp-content\/uploads\/2020\/03\/deutscher-fleisch-kongress-header-gold.png","contentUrl":"https:\/\/dfvcg-events.de\/deutscher-fleisch-kongress\/wp-content\/uploads\/2020\/03\/deutscher-fleisch-kongress-header-gold.png","width":340,"height":156,"caption":"Deutscher Fleisch Kongress"},"image":{"@id":"https:\/\/dfvcg-events.de\/deutscher-fleisch-kongress\/#\/schema\/logo\/image\/"}},{"@type":"Person","@id":"https:\/\/dfvcg-events.de\/deutscher-fleisch-kongress\/#\/schema\/person\/03a3eb32da93cabdb77f147ede8dd158","name":"Typoindex","url":"https:\/\/dfvcg-events.de\/deutscher-fleisch-kongress\/author\/typoindex\/"}]}},"_links":{"self":[{"href":"https:\/\/dfvcg-events.de\/deutscher-fleisch-kongress\/wp-json\/wp\/v2\/posts\/193","targetHints":{"allow":["GET"]}}],"collection":[{"href":"https:\/\/dfvcg-events.de\/deutscher-fleisch-kongress\/wp-json\/wp\/v2\/posts"}],"about":[{"href":"https:\/\/dfvcg-events.de\/deutscher-fleisch-kongress\/wp-json\/wp\/v2\/types\/post"}],"author":[{"embeddable":true,"href":"https:\/\/dfvcg-events.de\/deutscher-fleisch-kongress\/wp-json\/wp\/v2\/users\/1"}],"replies":[{"embeddable":true,"href":"https:\/\/dfvcg-events.de\/deutscher-fleisch-kongress\/wp-json\/wp\/v2\/comments?post=193"}],"version-history":[{"count":19,"href":"https:\/\/dfvcg-events.de\/deutscher-fleisch-kongress\/wp-json\/wp\/v2\/posts\/193\/revisions"}],"predecessor-version":[{"id":7260,"href":"https:\/\/dfvcg-events.de\/deutscher-fleisch-kongress\/wp-json\/wp\/v2\/posts\/193\/revisions\/7260"}],"wp:featuredmedia":[{"embeddable":true,"href":"https:\/\/dfvcg-events.de\/deutscher-fleisch-kongress\/wp-json\/wp\/v2\/media\/7252"}],"wp:attachment":[{"href":"https:\/\/dfvcg-events.de\/deutscher-fleisch-kongress\/wp-json\/wp\/v2\/media?parent=193"}],"wp:term":[{"taxonomy":"category","embeddable":true,"href":"https:\/\/dfvcg-events.de\/deutscher-fleisch-kongress\/wp-json\/wp\/v2\/categories?post=193"},{"taxonomy":"post_tag","embeddable":true,"href":"https:\/\/dfvcg-events.de\/deutscher-fleisch-kongress\/wp-json\/wp\/v2\/tags?post=193"}],"curies":[{"name":"wp","href":"https:\/\/api.w.org\/{rel}","templated":true}]}}