{"id":1574,"date":"2021-08-11T11:52:15","date_gmt":"2021-08-11T09:52:15","guid":{"rendered":"https:\/\/dfvcg-events.de\/deutscher-fleisch-kongress\/?p=1574"},"modified":"2023-05-10T11:50:04","modified_gmt":"2023-05-10T09:50:04","slug":"infor","status":"publish","type":"post","link":"https:\/\/dfvcg-events.de\/deutscher-fleisch-kongress\/infor\/","title":{"rendered":"Infor"},"content":{"rendered":"\n<style type=\"text\/css\" data-created_by=\"avia_inline_auto\" id=\"style-css-av-k7nk0gab-448a82c6b18247404fd9079dc6f97645\">\n.avia-section.av-k7nk0gab-448a82c6b18247404fd9079dc6f97645{\nbackground-color:#a96500;\nbackground-image:unset;\n}\n<\/style>\n<div id='av_section_1'  class='avia-section av-k7nk0gab-448a82c6b18247404fd9079dc6f97645 main_color avia-section-default avia-no-border-styling  avia-builder-el-0  el_before_av_two_third  avia-builder-el-first  avia-bg-style-scroll container_wrap fullsize'  ><div class='container av-section-cont-open' ><main  role=\"main\" itemprop=\"mainContentOfPage\"  class='template-page content  av-content-full alpha units'><div class='post-entry post-entry-type-page post-entry-1574'><div class='entry-content-wrapper clearfix'>\n\n<style type=\"text\/css\" data-created_by=\"avia_inline_auto\" id=\"style-css-av-kbi2qod0-966fc5f50ba930de939d17120c38e77b\">\n#top .av-special-heading.av-kbi2qod0-966fc5f50ba930de939d17120c38e77b{\npadding-bottom:0;\n}\nbody .av-special-heading.av-kbi2qod0-966fc5f50ba930de939d17120c38e77b .av-special-heading-tag .heading-char{\nfont-size:25px;\n}\n.av-special-heading.av-kbi2qod0-966fc5f50ba930de939d17120c38e77b .av-subheading{\nfont-size:19px;\n}\n<\/style>\n<div  class='av-special-heading av-kbi2qod0-966fc5f50ba930de939d17120c38e77b av-special-heading-h1 meta-heading blockquote modern-quote  avia-builder-el-1  avia-builder-el-no-sibling '><div class='av-subheading av-subheading_above'><p>Deutscher Fleisch Kongress<\/p>\n<\/div><h1 class='av-special-heading-tag '  itemprop=\"headline\"  >Partner<\/h1><div class=\"special-heading-border\"><div class=\"special-heading-inner-border\"><\/div><\/div><\/div>\n<\/div><\/div><\/main><!-- close content main element --><\/div><\/div><div id='after_section_1'  class='main_color av_default_container_wrap container_wrap fullsize'  ><div class='container av-section-cont-open' ><div class='template-page content  av-content-full alpha units'><div class='post-entry post-entry-type-page post-entry-1574'><div class='entry-content-wrapper clearfix'>\n\n<style type=\"text\/css\" data-created_by=\"avia_inline_auto\" id=\"style-css-av-dmibq-386d573f6c0dcfb032db3286bf0b29b8\">\n.flex_column.av-dmibq-386d573f6c0dcfb032db3286bf0b29b8{\nborder-radius:0px 0px 0px 0px;\npadding:0px 0px 0px 0px;\n}\n<\/style>\n<div  class='flex_column av-dmibq-386d573f6c0dcfb032db3286bf0b29b8 av_two_third  avia-builder-el-2  el_after_av_section  el_before_av_one_third  avia-builder-el-first  first flex_column_div av-zero-column-padding  '     ><p>\n<style type=\"text\/css\" data-created_by=\"avia_inline_auto\" id=\"style-css-av-kdrghlhi-47bf0c2265dcb04d5a35ca6ac0fe70fb\">\n#top .av-special-heading.av-kdrghlhi-47bf0c2265dcb04d5a35ca6ac0fe70fb{\npadding-bottom:10px;\n}\nbody .av-special-heading.av-kdrghlhi-47bf0c2265dcb04d5a35ca6ac0fe70fb .av-special-heading-tag .heading-char{\nfont-size:25px;\n}\n.av-special-heading.av-kdrghlhi-47bf0c2265dcb04d5a35ca6ac0fe70fb .av-subheading{\nfont-size:15px;\n}\n<\/style>\n<div  class='av-special-heading av-kdrghlhi-47bf0c2265dcb04d5a35ca6ac0fe70fb av-special-heading-h2 blockquote modern-quote  avia-builder-el-3  el_before_av_textblock  avia-builder-el-first '><h2 class='av-special-heading-tag '  itemprop=\"headline\"  >Infor (Deutschland) GmbH<\/h2><div class=\"special-heading-border\"><div class=\"special-heading-inner-border\"><\/div><\/div><\/div><br \/>\n<section  class='av_textblock_section av-kbi2vdt2-68b79c6ba424c4fc793fb9d9923294b1 '   itemscope=\"itemscope\" itemtype=\"https:\/\/schema.org\/BlogPosting\" itemprop=\"blogPost\" ><div class='avia_textblock'  itemprop=\"text\" ><p>Infor ist einer der weltweit f\u00fchrenden Anbieter von Business-Cloud-Software, die auf ausgew\u00e4hlte Branchen spezialisiert ist. Mit unseren Unternehmensapplikationen unterst\u00fctzen wir bei Infor 65.000 Kunden in mehr als 175 L\u00e4ndern weltweit und bieten ihnen damit gesteigerten Mehrwert und geringeres unternehmerisches Risiko \u2013 bei nachhaltigen Vorteilen f\u00fcr ihr Gesch\u00e4ft.<\/p>\n<p>Infor bietet f\u00fcr die Fleischindustrie vorkonfigurierte Softwarel\u00f6sungen an, die bereits spezifische Prozesse im Standard abdecken. Infor betreut weltweit \u00fcber 1500 Kunden in der Nahrungsmittelindustrie.<\/p>\n<p>Wir erm\u00f6glichen es unseren 17.000 Mitarbeitern, ihr detailliertes Branchenwissen und datenbasierte Erkenntnisse zu nutzen, zu lernen und sich immer neu anzupassen, um neue gesch\u00e4ftliche und branchenspezifische Herausforderungen zu bew\u00e4ltigen. Infor hat es sich zum Ziel gesetzt, seinen Kunden moderne Werkzeuge zur Verf\u00fcgung zu stellen, mit denen sie ihr Unternehmen transformieren und ihren eigenen Weg zur Innovation beschleunigen k\u00f6nnen.<\/p>\n<p>Weitere Informationen finden sich unter <a href=\"https:\/\/www.infor.com\/de-de\/products\/cloudsuite-food-and-beverage\">https:\/\/www.infor.com\/de-de\/products\/cloudsuite-food-and-beverage<\/a><\/p>\n<\/div><\/section><br \/>\n<section  class='av_textblock_section av-22j2py-c6e7175f9d32db51182d9d2cfc81669c '   itemscope=\"itemscope\" itemtype=\"https:\/\/schema.org\/BlogPosting\" itemprop=\"blogPost\" ><div class='avia_textblock'  itemprop=\"text\" ><p><strong>Kontakt:<\/strong><\/p>\n<p>Hauerstr. 12<br \/>\n66299 Friedrichsthal<br \/>\nDeutschland<\/p>\n<p>Telefon: +49 6897 \/ 953 490 0<br \/>\nTelefax: +49 211 2 98 91 73<\/p>\n<p><a href=\"http:\/\/www.infor.de\">www.infor.de<\/a><\/p>\n<\/div><\/section><\/p><\/div>\n<style type=\"text\/css\" data-created_by=\"avia_inline_auto\" id=\"style-css-av-8opv2-4e2ec49d1bf447c1d1ae63a6e94d0abb\">\n.flex_column.av-8opv2-4e2ec49d1bf447c1d1ae63a6e94d0abb{\nborder-radius:0px 0px 0px 0px;\npadding:0px 0px 0px 0px;\n}\n<\/style>\n<div  class='flex_column av-8opv2-4e2ec49d1bf447c1d1ae63a6e94d0abb av_one_third  avia-builder-el-6  el_after_av_two_third  avia-builder-el-last  flex_column_div av-zero-column-padding  '     ><p>\n<style type=\"text\/css\" data-created_by=\"avia_inline_auto\" id=\"style-css-av-kbi2wplg-7507f6c8f594c2813f28a7d4f05c1928\">\n.avia-image-container.av-kbi2wplg-7507f6c8f594c2813f28a7d4f05c1928 img.avia_image{\nbox-shadow:none;\n}\n.avia-image-container.av-kbi2wplg-7507f6c8f594c2813f28a7d4f05c1928 .av-image-caption-overlay-center{\ncolor:#ffffff;\n}\n<\/style>\n<div  class='avia-image-container av-kbi2wplg-7507f6c8f594c2813f28a7d4f05c1928 av-styling-no-styling av-img-linked avia-align-center  avia-builder-el-7  el_before_av_image  avia-builder-el-first '   itemprop=\"image\" itemscope=\"itemscope\" itemtype=\"https:\/\/schema.org\/ImageObject\" ><div class=\"avia-image-container-inner\"><div class=\"avia-image-overlay-wrap\"><a href=\"https:\/\/www.infor.com\/de-de\" class='avia_image '  target=\"_blank\"  rel=\"noopener noreferrer\" aria-label='Infor_R-Logo_red_CMYK_102220_web-neu'><img decoding=\"async\" fetchpriority=\"high\" class='wp-image-1575 avia-img-lazy-loading-not-1575 avia_image ' src=\"https:\/\/dfvcg-events.de\/deutscher-fleisch-kongress\/wp-content\/uploads\/2021\/08\/Infor_R-Logo_red_CMYK_102220_web-neu.jpg\" alt='' title='Infor_R-Logo_red_CMYK_102220_web-neu'  height=\"600\" width=\"800\"  itemprop=\"thumbnailUrl\" srcset=\"https:\/\/dfvcg-events.de\/deutscher-fleisch-kongress\/wp-content\/uploads\/2021\/08\/Infor_R-Logo_red_CMYK_102220_web-neu.jpg 800w, https:\/\/dfvcg-events.de\/deutscher-fleisch-kongress\/wp-content\/uploads\/2021\/08\/Infor_R-Logo_red_CMYK_102220_web-neu-600x450.jpg 600w, https:\/\/dfvcg-events.de\/deutscher-fleisch-kongress\/wp-content\/uploads\/2021\/08\/Infor_R-Logo_red_CMYK_102220_web-neu-768x576.jpg 768w, https:\/\/dfvcg-events.de\/deutscher-fleisch-kongress\/wp-content\/uploads\/2021\/08\/Infor_R-Logo_red_CMYK_102220_web-neu-705x529.jpg 705w\" sizes=\"(max-width: 800px) 100vw, 800px\" \/><\/a><\/div><\/div><\/div><br \/>\n\n<style type=\"text\/css\" data-created_by=\"avia_inline_auto\" id=\"style-css-av-kvbfjl9r-3ad49859f71a1485cd4b59011359fe62\">\n.avia-image-container.av-kvbfjl9r-3ad49859f71a1485cd4b59011359fe62 img.avia_image{\nbox-shadow:none;\n}\n.avia-image-container.av-kvbfjl9r-3ad49859f71a1485cd4b59011359fe62 .av-image-caption-overlay-center{\ncolor:#ffffff;\n}\n<\/style>\n<div  class='avia-image-container av-kvbfjl9r-3ad49859f71a1485cd4b59011359fe62 av-styling-no-styling avia-align-center  avia-builder-el-8  el_after_av_image  el_before_av_image '   itemprop=\"image\" itemscope=\"itemscope\" itemtype=\"https:\/\/schema.org\/ImageObject\" ><div class=\"avia-image-container-inner\"><div class=\"avia-image-overlay-wrap\"><img decoding=\"async\" fetchpriority=\"high\" class='wp-image-1833 avia-img-lazy-loading-not-1833 avia_image ' src=\"https:\/\/dfvcg-events.de\/deutscher-fleisch-kongress\/wp-content\/uploads\/2021\/10\/000005489023_cows-feeding_iStock_752x394-600x314.jpg\" alt='' title='000005489023_cows-feeding_iStock_752x394'  height=\"314\" width=\"600\"  itemprop=\"thumbnailUrl\" srcset=\"https:\/\/dfvcg-events.de\/deutscher-fleisch-kongress\/wp-content\/uploads\/2021\/10\/000005489023_cows-feeding_iStock_752x394-600x314.jpg 600w, https:\/\/dfvcg-events.de\/deutscher-fleisch-kongress\/wp-content\/uploads\/2021\/10\/000005489023_cows-feeding_iStock_752x394-705x369.jpg 705w, https:\/\/dfvcg-events.de\/deutscher-fleisch-kongress\/wp-content\/uploads\/2021\/10\/000005489023_cows-feeding_iStock_752x394.jpg 752w\" sizes=\"(max-width: 600px) 100vw, 600px\" \/><\/div><\/div><\/div><br \/>\n\n<style type=\"text\/css\" data-created_by=\"avia_inline_auto\" id=\"style-css-av-kvbfjsho-261574b7a061844cce65b3610fc23f6a\">\n.avia-image-container.av-kvbfjsho-261574b7a061844cce65b3610fc23f6a img.avia_image{\nbox-shadow:none;\n}\n.avia-image-container.av-kvbfjsho-261574b7a061844cce65b3610fc23f6a .av-image-caption-overlay-center{\ncolor:#ffffff;\n}\n<\/style>\n<div  class='avia-image-container av-kvbfjsho-261574b7a061844cce65b3610fc23f6a av-styling-no-styling avia-align-center  avia-builder-el-9  el_after_av_image  el_before_av_image '   itemprop=\"image\" itemscope=\"itemscope\" itemtype=\"https:\/\/schema.org\/ImageObject\" ><div class=\"avia-image-container-inner\"><div class=\"avia-image-overlay-wrap\"><img decoding=\"async\" fetchpriority=\"high\" class='wp-image-1834 avia-img-lazy-loading-not-1834 avia_image ' src=\"https:\/\/dfvcg-events.de\/deutscher-fleisch-kongress\/wp-content\/uploads\/2021\/10\/247175334_workers-uniforms-looking-tablet-standing-food-factory_adobe_752x394-600x314.jpg\" alt='' title='247175334_workers-uniforms-looking-tablet-standing-food-factory_adobe_752x394'  height=\"314\" width=\"600\"  itemprop=\"thumbnailUrl\" srcset=\"https:\/\/dfvcg-events.de\/deutscher-fleisch-kongress\/wp-content\/uploads\/2021\/10\/247175334_workers-uniforms-looking-tablet-standing-food-factory_adobe_752x394-600x314.jpg 600w, https:\/\/dfvcg-events.de\/deutscher-fleisch-kongress\/wp-content\/uploads\/2021\/10\/247175334_workers-uniforms-looking-tablet-standing-food-factory_adobe_752x394-705x369.jpg 705w, https:\/\/dfvcg-events.de\/deutscher-fleisch-kongress\/wp-content\/uploads\/2021\/10\/247175334_workers-uniforms-looking-tablet-standing-food-factory_adobe_752x394.jpg 752w\" sizes=\"(max-width: 600px) 100vw, 600px\" \/><\/div><\/div><\/div><br \/>\n\n<style type=\"text\/css\" data-created_by=\"avia_inline_auto\" id=\"style-css-av-kvbfk9yw-1b894fdfd13db8bbd5dc27dd37af4172\">\n.avia-image-container.av-kvbfk9yw-1b894fdfd13db8bbd5dc27dd37af4172 img.avia_image{\nbox-shadow:none;\n}\n.avia-image-container.av-kvbfk9yw-1b894fdfd13db8bbd5dc27dd37af4172 .av-image-caption-overlay-center{\ncolor:#ffffff;\n}\n<\/style>\n<div  class='avia-image-container av-kvbfk9yw-1b894fdfd13db8bbd5dc27dd37af4172 av-styling-no-styling avia-align-center  avia-builder-el-10  el_after_av_image  avia-builder-el-last '   itemprop=\"image\" itemscope=\"itemscope\" itemtype=\"https:\/\/schema.org\/ImageObject\" ><div class=\"avia-image-container-inner\"><div class=\"avia-image-overlay-wrap\"><img decoding=\"async\" fetchpriority=\"high\" class='wp-image-1835 avia-img-lazy-loading-not-1835 avia_image ' src=\"https:\/\/dfvcg-events.de\/deutscher-fleisch-kongress\/wp-content\/uploads\/2021\/10\/882330370_future-food-beverage-FB-drone-farm-ERP_iStock_752x394-600x314.jpg\" alt='' title='882330370_future-food-beverage-FB-drone-farm-ERP_iStock_752x394'  height=\"314\" width=\"600\"  itemprop=\"thumbnailUrl\" srcset=\"https:\/\/dfvcg-events.de\/deutscher-fleisch-kongress\/wp-content\/uploads\/2021\/10\/882330370_future-food-beverage-FB-drone-farm-ERP_iStock_752x394-600x314.jpg 600w, https:\/\/dfvcg-events.de\/deutscher-fleisch-kongress\/wp-content\/uploads\/2021\/10\/882330370_future-food-beverage-FB-drone-farm-ERP_iStock_752x394-705x369.jpg 705w, https:\/\/dfvcg-events.de\/deutscher-fleisch-kongress\/wp-content\/uploads\/2021\/10\/882330370_future-food-beverage-FB-drone-farm-ERP_iStock_752x394.jpg 752w\" sizes=\"(max-width: 600px) 100vw, 600px\" \/><\/div><\/div><\/div><\/p><\/div><\/p>\n","protected":false},"excerpt":{"rendered":"","protected":false},"author":2,"featured_media":1575,"comment_status":"closed","ping_status":"closed","sticky":false,"template":"","format":"standard","meta":{"footnotes":""},"categories":[6,14,21,16,23,33],"tags":[],"class_list":["post-1574","post","type-post","status-publish","format-standard","has-post-thumbnail","hentry","category-logo-loop","category-logo-loop-2021","category-logo-loop-2022","category-partner-2021","category-partner-2022","category-partner-2023"],"yoast_head":"<!-- This site is optimized with the Yoast SEO plugin v27.4 - https:\/\/yoast.com\/product\/yoast-seo-wordpress\/ -->\n<title>Deutscher Fleisch Kongress | Infor<\/title>\n<meta name=\"description\" content=\"Die Partner &amp; Aussteller des Deutschen Fleisch Kongresses tragen einen gro\u00dfen Teil zum Erfolg dieses Kongresses bei. Informieren Sie sich jetzt \u00fcber neue Innovationen und Produkte dieses Partners.\" \/>\n<meta name=\"robots\" content=\"index, follow, max-snippet:-1, max-image-preview:large, max-video-preview:-1\" \/>\n<link rel=\"canonical\" href=\"https:\/\/dfvcg-events.de\/deutscher-fleisch-kongress\/infor\/\" \/>\n<meta property=\"og:locale\" content=\"de_DE\" \/>\n<meta property=\"og:type\" content=\"article\" \/>\n<meta property=\"og:title\" content=\"Deutscher Fleisch Kongress | Infor\" \/>\n<meta property=\"og:description\" content=\"Die Partner &amp; Aussteller des Deutschen Fleisch Kongresses tragen einen gro\u00dfen Teil zum Erfolg dieses Kongresses bei. Informieren Sie sich jetzt \u00fcber neue Innovationen und Produkte dieses Partners.\" \/>\n<meta property=\"og:url\" content=\"https:\/\/dfvcg-events.de\/deutscher-fleisch-kongress\/infor\/\" \/>\n<meta property=\"og:site_name\" content=\"Deutscher Fleisch Kongress\" \/>\n<meta property=\"article:published_time\" content=\"2021-08-11T09:52:15+00:00\" \/>\n<meta property=\"article:modified_time\" content=\"2023-05-10T09:50:04+00:00\" \/>\n<meta property=\"og:image\" content=\"https:\/\/dfvcg-events.de\/deutscher-fleisch-kongress\/wp-content\/uploads\/2021\/08\/Infor_R-Logo_red_CMYK_102220_web-neu.jpg\" \/>\n\t<meta property=\"og:image:width\" content=\"800\" \/>\n\t<meta property=\"og:image:height\" content=\"600\" \/>\n\t<meta property=\"og:image:type\" content=\"image\/jpeg\" \/>\n<meta name=\"author\" content=\"Raphael Como\" \/>\n<meta name=\"twitter:card\" content=\"summary_large_image\" \/>\n<meta name=\"twitter:label1\" content=\"Verfasst von\" \/>\n\t<meta name=\"twitter:data1\" content=\"Raphael Como\" \/>\n\t<meta name=\"twitter:label2\" content=\"Gesch\u00e4tzte Lesezeit\" \/>\n\t<meta name=\"twitter:data2\" content=\"4\u00a0Minuten\" \/>\n<script type=\"application\/ld+json\" class=\"yoast-schema-graph\">{\"@context\":\"https:\\\/\\\/schema.org\",\"@graph\":[{\"@type\":\"Article\",\"@id\":\"https:\\\/\\\/dfvcg-events.de\\\/deutscher-fleisch-kongress\\\/infor\\\/#article\",\"isPartOf\":{\"@id\":\"https:\\\/\\\/dfvcg-events.de\\\/deutscher-fleisch-kongress\\\/infor\\\/\"},\"author\":{\"name\":\"Raphael Como\",\"@id\":\"https:\\\/\\\/dfvcg-events.de\\\/deutscher-fleisch-kongress\\\/#\\\/schema\\\/person\\\/b4d8bcce675c09dc5b38e95d85b8947b\"},\"headline\":\"Infor\",\"datePublished\":\"2021-08-11T09:52:15+00:00\",\"dateModified\":\"2023-05-10T09:50:04+00:00\",\"mainEntityOfPage\":{\"@id\":\"https:\\\/\\\/dfvcg-events.de\\\/deutscher-fleisch-kongress\\\/infor\\\/\"},\"wordCount\":1096,\"publisher\":{\"@id\":\"https:\\\/\\\/dfvcg-events.de\\\/deutscher-fleisch-kongress\\\/#organization\"},\"image\":{\"@id\":\"https:\\\/\\\/dfvcg-events.de\\\/deutscher-fleisch-kongress\\\/infor\\\/#primaryimage\"},\"thumbnailUrl\":\"https:\\\/\\\/dfvcg-events.de\\\/deutscher-fleisch-kongress\\\/wp-content\\\/uploads\\\/2021\\\/08\\\/Infor_R-Logo_red_CMYK_102220_web-neu.jpg\",\"articleSection\":[\"Logo Loop\",\"Logo Loop 2021\",\"Logo Loop 2022\",\"Partner 2021\",\"Partner 2022\",\"Partner 2023\"],\"inLanguage\":\"de\"},{\"@type\":\"WebPage\",\"@id\":\"https:\\\/\\\/dfvcg-events.de\\\/deutscher-fleisch-kongress\\\/infor\\\/\",\"url\":\"https:\\\/\\\/dfvcg-events.de\\\/deutscher-fleisch-kongress\\\/infor\\\/\",\"name\":\"Deutscher Fleisch Kongress | Infor\",\"isPartOf\":{\"@id\":\"https:\\\/\\\/dfvcg-events.de\\\/deutscher-fleisch-kongress\\\/#website\"},\"primaryImageOfPage\":{\"@id\":\"https:\\\/\\\/dfvcg-events.de\\\/deutscher-fleisch-kongress\\\/infor\\\/#primaryimage\"},\"image\":{\"@id\":\"https:\\\/\\\/dfvcg-events.de\\\/deutscher-fleisch-kongress\\\/infor\\\/#primaryimage\"},\"thumbnailUrl\":\"https:\\\/\\\/dfvcg-events.de\\\/deutscher-fleisch-kongress\\\/wp-content\\\/uploads\\\/2021\\\/08\\\/Infor_R-Logo_red_CMYK_102220_web-neu.jpg\",\"datePublished\":\"2021-08-11T09:52:15+00:00\",\"dateModified\":\"2023-05-10T09:50:04+00:00\",\"description\":\"Die Partner & Aussteller des Deutschen Fleisch Kongresses tragen einen gro\u00dfen Teil zum Erfolg dieses Kongresses bei. Informieren Sie sich jetzt \u00fcber neue Innovationen und Produkte dieses Partners.\",\"breadcrumb\":{\"@id\":\"https:\\\/\\\/dfvcg-events.de\\\/deutscher-fleisch-kongress\\\/infor\\\/#breadcrumb\"},\"inLanguage\":\"de\",\"potentialAction\":[{\"@type\":\"ReadAction\",\"target\":[\"https:\\\/\\\/dfvcg-events.de\\\/deutscher-fleisch-kongress\\\/infor\\\/\"]}]},{\"@type\":\"ImageObject\",\"inLanguage\":\"de\",\"@id\":\"https:\\\/\\\/dfvcg-events.de\\\/deutscher-fleisch-kongress\\\/infor\\\/#primaryimage\",\"url\":\"https:\\\/\\\/dfvcg-events.de\\\/deutscher-fleisch-kongress\\\/wp-content\\\/uploads\\\/2021\\\/08\\\/Infor_R-Logo_red_CMYK_102220_web-neu.jpg\",\"contentUrl\":\"https:\\\/\\\/dfvcg-events.de\\\/deutscher-fleisch-kongress\\\/wp-content\\\/uploads\\\/2021\\\/08\\\/Infor_R-Logo_red_CMYK_102220_web-neu.jpg\",\"width\":800,\"height\":600},{\"@type\":\"BreadcrumbList\",\"@id\":\"https:\\\/\\\/dfvcg-events.de\\\/deutscher-fleisch-kongress\\\/infor\\\/#breadcrumb\",\"itemListElement\":[{\"@type\":\"ListItem\",\"position\":1,\"name\":\"Startseite\",\"item\":\"https:\\\/\\\/dfvcg-events.de\\\/deutscher-fleisch-kongress\\\/\"},{\"@type\":\"ListItem\",\"position\":2,\"name\":\"Infor\"}]},{\"@type\":\"WebSite\",\"@id\":\"https:\\\/\\\/dfvcg-events.de\\\/deutscher-fleisch-kongress\\\/#website\",\"url\":\"https:\\\/\\\/dfvcg-events.de\\\/deutscher-fleisch-kongress\\\/\",\"name\":\"Deutscher Fleisch Kongress\",\"description\":\"Das Business-Event f\u00fcr Fleischwirtschaft, Handel und Handwerk\",\"publisher\":{\"@id\":\"https:\\\/\\\/dfvcg-events.de\\\/deutscher-fleisch-kongress\\\/#organization\"},\"potentialAction\":[{\"@type\":\"SearchAction\",\"target\":{\"@type\":\"EntryPoint\",\"urlTemplate\":\"https:\\\/\\\/dfvcg-events.de\\\/deutscher-fleisch-kongress\\\/?s={search_term_string}\"},\"query-input\":{\"@type\":\"PropertyValueSpecification\",\"valueRequired\":true,\"valueName\":\"search_term_string\"}}],\"inLanguage\":\"de\"},{\"@type\":\"Organization\",\"@id\":\"https:\\\/\\\/dfvcg-events.de\\\/deutscher-fleisch-kongress\\\/#organization\",\"name\":\"Deutscher Fleisch Kongress\",\"url\":\"https:\\\/\\\/dfvcg-events.de\\\/deutscher-fleisch-kongress\\\/\",\"logo\":{\"@type\":\"ImageObject\",\"inLanguage\":\"de\",\"@id\":\"https:\\\/\\\/dfvcg-events.de\\\/deutscher-fleisch-kongress\\\/#\\\/schema\\\/logo\\\/image\\\/\",\"url\":\"https:\\\/\\\/dfvcg-events.de\\\/deutscher-fleisch-kongress\\\/wp-content\\\/uploads\\\/2020\\\/03\\\/deutscher-fleisch-kongress-header-gold.png\",\"contentUrl\":\"https:\\\/\\\/dfvcg-events.de\\\/deutscher-fleisch-kongress\\\/wp-content\\\/uploads\\\/2020\\\/03\\\/deutscher-fleisch-kongress-header-gold.png\",\"width\":340,\"height\":156,\"caption\":\"Deutscher Fleisch Kongress\"},\"image\":{\"@id\":\"https:\\\/\\\/dfvcg-events.de\\\/deutscher-fleisch-kongress\\\/#\\\/schema\\\/logo\\\/image\\\/\"}},{\"@type\":\"Person\",\"@id\":\"https:\\\/\\\/dfvcg-events.de\\\/deutscher-fleisch-kongress\\\/#\\\/schema\\\/person\\\/b4d8bcce675c09dc5b38e95d85b8947b\",\"name\":\"Raphael Como\",\"url\":\"https:\\\/\\\/dfvcg-events.de\\\/deutscher-fleisch-kongress\\\/author\\\/como\\\/\"}]}<\/script>\n<!-- \/ Yoast SEO plugin. -->","yoast_head_json":{"title":"Deutscher Fleisch Kongress | Infor","description":"Die Partner & Aussteller des Deutschen Fleisch Kongresses tragen einen gro\u00dfen Teil zum Erfolg dieses Kongresses bei. Informieren Sie sich jetzt \u00fcber neue Innovationen und Produkte dieses Partners.","robots":{"index":"index","follow":"follow","max-snippet":"max-snippet:-1","max-image-preview":"max-image-preview:large","max-video-preview":"max-video-preview:-1"},"canonical":"https:\/\/dfvcg-events.de\/deutscher-fleisch-kongress\/infor\/","og_locale":"de_DE","og_type":"article","og_title":"Deutscher Fleisch Kongress | Infor","og_description":"Die Partner & Aussteller des Deutschen Fleisch Kongresses tragen einen gro\u00dfen Teil zum Erfolg dieses Kongresses bei. Informieren Sie sich jetzt \u00fcber neue Innovationen und Produkte dieses Partners.","og_url":"https:\/\/dfvcg-events.de\/deutscher-fleisch-kongress\/infor\/","og_site_name":"Deutscher Fleisch Kongress","article_published_time":"2021-08-11T09:52:15+00:00","article_modified_time":"2023-05-10T09:50:04+00:00","og_image":[{"width":800,"height":600,"url":"https:\/\/dfvcg-events.de\/deutscher-fleisch-kongress\/wp-content\/uploads\/2021\/08\/Infor_R-Logo_red_CMYK_102220_web-neu.jpg","type":"image\/jpeg"}],"author":"Raphael Como","twitter_card":"summary_large_image","twitter_misc":{"Verfasst von":"Raphael Como","Gesch\u00e4tzte Lesezeit":"4\u00a0Minuten"},"schema":{"@context":"https:\/\/schema.org","@graph":[{"@type":"Article","@id":"https:\/\/dfvcg-events.de\/deutscher-fleisch-kongress\/infor\/#article","isPartOf":{"@id":"https:\/\/dfvcg-events.de\/deutscher-fleisch-kongress\/infor\/"},"author":{"name":"Raphael Como","@id":"https:\/\/dfvcg-events.de\/deutscher-fleisch-kongress\/#\/schema\/person\/b4d8bcce675c09dc5b38e95d85b8947b"},"headline":"Infor","datePublished":"2021-08-11T09:52:15+00:00","dateModified":"2023-05-10T09:50:04+00:00","mainEntityOfPage":{"@id":"https:\/\/dfvcg-events.de\/deutscher-fleisch-kongress\/infor\/"},"wordCount":1096,"publisher":{"@id":"https:\/\/dfvcg-events.de\/deutscher-fleisch-kongress\/#organization"},"image":{"@id":"https:\/\/dfvcg-events.de\/deutscher-fleisch-kongress\/infor\/#primaryimage"},"thumbnailUrl":"https:\/\/dfvcg-events.de\/deutscher-fleisch-kongress\/wp-content\/uploads\/2021\/08\/Infor_R-Logo_red_CMYK_102220_web-neu.jpg","articleSection":["Logo Loop","Logo Loop 2021","Logo Loop 2022","Partner 2021","Partner 2022","Partner 2023"],"inLanguage":"de"},{"@type":"WebPage","@id":"https:\/\/dfvcg-events.de\/deutscher-fleisch-kongress\/infor\/","url":"https:\/\/dfvcg-events.de\/deutscher-fleisch-kongress\/infor\/","name":"Deutscher Fleisch Kongress | Infor","isPartOf":{"@id":"https:\/\/dfvcg-events.de\/deutscher-fleisch-kongress\/#website"},"primaryImageOfPage":{"@id":"https:\/\/dfvcg-events.de\/deutscher-fleisch-kongress\/infor\/#primaryimage"},"image":{"@id":"https:\/\/dfvcg-events.de\/deutscher-fleisch-kongress\/infor\/#primaryimage"},"thumbnailUrl":"https:\/\/dfvcg-events.de\/deutscher-fleisch-kongress\/wp-content\/uploads\/2021\/08\/Infor_R-Logo_red_CMYK_102220_web-neu.jpg","datePublished":"2021-08-11T09:52:15+00:00","dateModified":"2023-05-10T09:50:04+00:00","description":"Die Partner & Aussteller des Deutschen Fleisch Kongresses tragen einen gro\u00dfen Teil zum Erfolg dieses Kongresses bei. Informieren Sie sich jetzt \u00fcber neue Innovationen und Produkte dieses Partners.","breadcrumb":{"@id":"https:\/\/dfvcg-events.de\/deutscher-fleisch-kongress\/infor\/#breadcrumb"},"inLanguage":"de","potentialAction":[{"@type":"ReadAction","target":["https:\/\/dfvcg-events.de\/deutscher-fleisch-kongress\/infor\/"]}]},{"@type":"ImageObject","inLanguage":"de","@id":"https:\/\/dfvcg-events.de\/deutscher-fleisch-kongress\/infor\/#primaryimage","url":"https:\/\/dfvcg-events.de\/deutscher-fleisch-kongress\/wp-content\/uploads\/2021\/08\/Infor_R-Logo_red_CMYK_102220_web-neu.jpg","contentUrl":"https:\/\/dfvcg-events.de\/deutscher-fleisch-kongress\/wp-content\/uploads\/2021\/08\/Infor_R-Logo_red_CMYK_102220_web-neu.jpg","width":800,"height":600},{"@type":"BreadcrumbList","@id":"https:\/\/dfvcg-events.de\/deutscher-fleisch-kongress\/infor\/#breadcrumb","itemListElement":[{"@type":"ListItem","position":1,"name":"Startseite","item":"https:\/\/dfvcg-events.de\/deutscher-fleisch-kongress\/"},{"@type":"ListItem","position":2,"name":"Infor"}]},{"@type":"WebSite","@id":"https:\/\/dfvcg-events.de\/deutscher-fleisch-kongress\/#website","url":"https:\/\/dfvcg-events.de\/deutscher-fleisch-kongress\/","name":"Deutscher Fleisch Kongress","description":"Das Business-Event f\u00fcr Fleischwirtschaft, Handel und Handwerk","publisher":{"@id":"https:\/\/dfvcg-events.de\/deutscher-fleisch-kongress\/#organization"},"potentialAction":[{"@type":"SearchAction","target":{"@type":"EntryPoint","urlTemplate":"https:\/\/dfvcg-events.de\/deutscher-fleisch-kongress\/?s={search_term_string}"},"query-input":{"@type":"PropertyValueSpecification","valueRequired":true,"valueName":"search_term_string"}}],"inLanguage":"de"},{"@type":"Organization","@id":"https:\/\/dfvcg-events.de\/deutscher-fleisch-kongress\/#organization","name":"Deutscher Fleisch Kongress","url":"https:\/\/dfvcg-events.de\/deutscher-fleisch-kongress\/","logo":{"@type":"ImageObject","inLanguage":"de","@id":"https:\/\/dfvcg-events.de\/deutscher-fleisch-kongress\/#\/schema\/logo\/image\/","url":"https:\/\/dfvcg-events.de\/deutscher-fleisch-kongress\/wp-content\/uploads\/2020\/03\/deutscher-fleisch-kongress-header-gold.png","contentUrl":"https:\/\/dfvcg-events.de\/deutscher-fleisch-kongress\/wp-content\/uploads\/2020\/03\/deutscher-fleisch-kongress-header-gold.png","width":340,"height":156,"caption":"Deutscher Fleisch Kongress"},"image":{"@id":"https:\/\/dfvcg-events.de\/deutscher-fleisch-kongress\/#\/schema\/logo\/image\/"}},{"@type":"Person","@id":"https:\/\/dfvcg-events.de\/deutscher-fleisch-kongress\/#\/schema\/person\/b4d8bcce675c09dc5b38e95d85b8947b","name":"Raphael Como","url":"https:\/\/dfvcg-events.de\/deutscher-fleisch-kongress\/author\/como\/"}]}},"_links":{"self":[{"href":"https:\/\/dfvcg-events.de\/deutscher-fleisch-kongress\/wp-json\/wp\/v2\/posts\/1574","targetHints":{"allow":["GET"]}}],"collection":[{"href":"https:\/\/dfvcg-events.de\/deutscher-fleisch-kongress\/wp-json\/wp\/v2\/posts"}],"about":[{"href":"https:\/\/dfvcg-events.de\/deutscher-fleisch-kongress\/wp-json\/wp\/v2\/types\/post"}],"author":[{"embeddable":true,"href":"https:\/\/dfvcg-events.de\/deutscher-fleisch-kongress\/wp-json\/wp\/v2\/users\/2"}],"replies":[{"embeddable":true,"href":"https:\/\/dfvcg-events.de\/deutscher-fleisch-kongress\/wp-json\/wp\/v2\/comments?post=1574"}],"version-history":[{"count":9,"href":"https:\/\/dfvcg-events.de\/deutscher-fleisch-kongress\/wp-json\/wp\/v2\/posts\/1574\/revisions"}],"predecessor-version":[{"id":3745,"href":"https:\/\/dfvcg-events.de\/deutscher-fleisch-kongress\/wp-json\/wp\/v2\/posts\/1574\/revisions\/3745"}],"wp:featuredmedia":[{"embeddable":true,"href":"https:\/\/dfvcg-events.de\/deutscher-fleisch-kongress\/wp-json\/wp\/v2\/media\/1575"}],"wp:attachment":[{"href":"https:\/\/dfvcg-events.de\/deutscher-fleisch-kongress\/wp-json\/wp\/v2\/media?parent=1574"}],"wp:term":[{"taxonomy":"category","embeddable":true,"href":"https:\/\/dfvcg-events.de\/deutscher-fleisch-kongress\/wp-json\/wp\/v2\/categories?post=1574"},{"taxonomy":"post_tag","embeddable":true,"href":"https:\/\/dfvcg-events.de\/deutscher-fleisch-kongress\/wp-json\/wp\/v2\/tags?post=1574"}],"curies":[{"name":"wp","href":"https:\/\/api.w.org\/{rel}","templated":true}]}}